{"id":5727,"date":"2024-12-12T19:20:34","date_gmt":"2024-12-12T19:20:34","guid":{"rendered":"https:\/\/pornuestrolaredo.com\/?p=5727"},"modified":"2024-12-12T19:20:34","modified_gmt":"2024-12-12T19:20:34","slug":"amplian-plazo-para-las-bodas-colectivas","status":"publish","type":"post","link":"https:\/\/pornuestrolaredo.com\/?p=5727","title":{"rendered":"Ampl\u00edan plazo para las Bodas Colectivas"},"content":{"rendered":"<p><strong>NUEVO LAREDO.-<\/strong> Si lo que quieres es casarte, darle a tu uni\u00f3n certeza jur\u00eddica pero cre\u00edste que el plazo para aprovechar la Campa\u00f1a de Bodas Colectivas para ahorrarte un dinerito, hay buenas noticias: el plazo se extendi\u00f3.<\/p>\n<p>Esta campa\u00f1a es organizada por el Sistema para el Desarrollo Integral de la Familia (DIF) de Nuevo Laredo, est\u00e1 dirigida a personas vulnerables, mayores de edad y de nacionalidad mexicana y estar\u00e1 abierta tambi\u00e9n en diciembre.<\/p>\n<p>Las parejas interesadas deben acudir al Sistema DIF, ubicado en H\u00e9roe de Nacataz #2244, Fraccionamiento Ojo Caliente, de lunes a viernes, de 8:00 de la ma\u00f1ana a 3:00 de la tarde. Ah\u00ed podr\u00e1n realizar su estudio socioecon\u00f3mico y entregar los documentos requeridos por el Registro Civil.<\/p>\n<p>Para obtener m\u00e1s informaci\u00f3n sobre los requisitos y procedimientos, las parejas pueden comunicarse al tel\u00e9fono 867-712-10-32.<\/p>\n<p>El Sistema DIF Nuevo Laredo reafirma su compromiso con el bienestar y la inclusi\u00f3n social de las familias, brindando apoyo y oportunidades para construir un futuro m\u00e1s seguro y estable.<\/p>\n<p><strong>ESTOS SON LOS REQUISITOS:<br \/>\n<\/strong>Campa\u00f1a de Matrimonios Colectivos DIF:<\/p>\n<p>Ser mayores de edad.<br \/>\nTener nacionalidad mexicana.<br \/>\nAprobar el estudio socioecon\u00f3mico que realiza el DIF.<br \/>\nCumplir con los documentos  establecidos por el Registro Civil.<br \/>\nDocumentaci\u00f3n requerida por el Registro Civil para contraer matrimonio:<br \/>\nSolicitud de matrimonio firmada por los contrayentes y sus testigos (disponible en el \u00e1rea jur\u00eddica del DIF).<br \/>\nOriginal y copia legible del acta de nacimiento de ambos contrayentes.<br \/>\nOriginal y copia de una identificaci\u00f3n oficial con fotograf\u00eda de ambos contrayentes.<br \/>\nCopia del CURP en el nuevo formato de ambos contrayentes.<br \/>\nFotograf\u00eda tama\u00f1o infantil reciente de cada contrayente (color o blanco y negro).<br \/>\nCopia legible de identificaci\u00f3n oficial y CURP de cuatro testigos mayores de 18 a\u00f1os (dos por cada contrayente), excluyendo a padres y extranjeros.<br \/>\nCertificado de no adeudo alimentario (gestionado en el Registro Civil).<br \/>\nCertificados m\u00e9dicos prenupciales emitidos por un Centro de Salud o laboratorio privado.<br \/>\nCertificado m\u00e9dico que avale que los contrayentes no padecen enfermedades cr\u00f3nicas o contagiosas.<br \/>\nConstancia de informaci\u00f3n sobre m\u00e9todos y riesgos concepcionales emitida por un m\u00e9dico general o Centro de Salud.<br \/>\nConstancia de asistencia a pl\u00e1ticas sobre prevenci\u00f3n de violencia intrafamiliar emitida por el Instituto Municipal de la Mujer (INMUJER).<br \/>\nDeclaraci\u00f3n en el \u00e1rea jur\u00eddica del DIF sobre el r\u00e9gimen matrimonial elegido.<br \/>\nEn caso de divorcio, presentar el acta de divorcio.<br \/>\nPara viudos, presentar el acta de defunci\u00f3n de la pareja fallecida.<br \/>\nEn caso de nulidad de matrimonio previa, presentar copia certificada de la sentencia.<\/p>\n","protected":false},"excerpt":{"rendered":"<p>Mantiene el DIF la campa\u00f1a en diciembre, dirigida a personas vulnerables, mayores de edad y de nacionalidad mexicana<\/p>\n","protected":false},"author":1,"featured_media":5728,"comment_status":"open","ping_status":"open","sticky":false,"template":"","format":"standard","meta":{"_crdt_document":"","_jetpack_memberships_contains_paid_content":false,"footnotes":"","jetpack_publicize_message":"","jetpack_publicize_feature_enabled":true,"jetpack_social_post_already_shared":true,"jetpack_social_options":{"image_generator_settings":{"template":"highway","default_image_id":0,"font":"","enabled":false},"version":2},"_wpas_customize_per_network":false},"categories":[4],"tags":[],"class_list":["post-5727","post","type-post","status-publish","format-standard","has-post-thumbnail","hentry","category-los-dos-laredos"],"magazineBlocksPostFeaturedMedia":{"thumbnail":"https:\/\/pornuestrolaredo.com\/wp-content\/uploads\/2024\/12\/PNL-20241212-4-150x150.jpg","medium":"https:\/\/pornuestrolaredo.com\/wp-content\/uploads\/2024\/12\/PNL-20241212-4-300x169.jpg","medium_large":"https:\/\/pornuestrolaredo.com\/wp-content\/uploads\/2024\/12\/PNL-20241212-4-768x432.jpg","large":"https:\/\/pornuestrolaredo.com\/wp-content\/uploads\/2024\/12\/PNL-20241212-4.jpg","1536x1536":"https:\/\/pornuestrolaredo.com\/wp-content\/uploads\/2024\/12\/PNL-20241212-4.jpg","2048x2048":"https:\/\/pornuestrolaredo.com\/wp-content\/uploads\/2024\/12\/PNL-20241212-4.jpg","morenews-large":"https:\/\/pornuestrolaredo.com\/wp-content\/uploads\/2024\/12\/PNL-20241212-4.jpg","morenews-medium":"https:\/\/pornuestrolaredo.com\/wp-content\/uploads\/2024\/12\/PNL-20241212-4.jpg"},"magazineBlocksPostAuthor":{"name":"Redactor","avatar":"https:\/\/pornuestrolaredo.com\/wp-content\/litespeed\/avatar\/dca1d7ec750c399f025f23b0b314f4cf.jpg?ver=1777612120"},"magazineBlocksPostCommentsNumber":false,"magazineBlocksPostExcerpt":"Mantiene el DIF la campa\u00f1a en diciembre, dirigida a personas vulnerables, mayores de edad y de nacionalidad mexicana","magazineBlocksPostCategories":["Los dos Laredos"],"magazineBlocksPostViewCount":139,"magazineBlocksPostReadTime":3,"magazine_blocks_featured_image_url":{"full":["https:\/\/pornuestrolaredo.com\/wp-content\/uploads\/2024\/12\/PNL-20241212-4.jpg",850,478,false],"medium":["https:\/\/pornuestrolaredo.com\/wp-content\/uploads\/2024\/12\/PNL-20241212-4-300x169.jpg",300,169,true],"thumbnail":["https:\/\/pornuestrolaredo.com\/wp-content\/uploads\/2024\/12\/PNL-20241212-4-150x150.jpg",150,150,true]},"magazine_blocks_author":{"display_name":"Redactor","author_link":"https:\/\/pornuestrolaredo.com\/?author=1"},"magazine_blocks_comment":0,"magazine_blocks_author_image":"https:\/\/pornuestrolaredo.com\/wp-content\/litespeed\/avatar\/dca1d7ec750c399f025f23b0b314f4cf.jpg?ver=1777612120","magazine_blocks_category":"<a href=\"#\" class=\"category-link category-link-4\">Los dos Laredos<\/a>","jetpack_publicize_connections":[],"featured_image_urls":{"full":["https:\/\/pornuestrolaredo.com\/wp-content\/uploads\/2024\/12\/PNL-20241212-4.jpg",850,478,false],"thumbnail":["https:\/\/pornuestrolaredo.com\/wp-content\/uploads\/2024\/12\/PNL-20241212-4-150x150.jpg",150,150,true],"medium":["https:\/\/pornuestrolaredo.com\/wp-content\/uploads\/2024\/12\/PNL-20241212-4-300x169.jpg",300,169,true],"medium_large":["https:\/\/pornuestrolaredo.com\/wp-content\/uploads\/2024\/12\/PNL-20241212-4-768x432.jpg",640,360,true],"large":["https:\/\/pornuestrolaredo.com\/wp-content\/uploads\/2024\/12\/PNL-20241212-4.jpg",640,360,false],"1536x1536":["https:\/\/pornuestrolaredo.com\/wp-content\/uploads\/2024\/12\/PNL-20241212-4.jpg",850,478,false],"2048x2048":["https:\/\/pornuestrolaredo.com\/wp-content\/uploads\/2024\/12\/PNL-20241212-4.jpg",850,478,false],"morenews-large":["https:\/\/pornuestrolaredo.com\/wp-content\/uploads\/2024\/12\/PNL-20241212-4.jpg",825,464,false],"morenews-medium":["https:\/\/pornuestrolaredo.com\/wp-content\/uploads\/2024\/12\/PNL-20241212-4.jpg",590,332,false]},"author_info":{"info":["Redactor"]},"category_info":"<a href=\"https:\/\/pornuestrolaredo.com\/?cat=4\" rel=\"category\">Los dos Laredos<\/a>","tag_info":"Los dos Laredos","comment_count":"0","jetpack_featured_media_url":"https:\/\/pornuestrolaredo.com\/wp-content\/uploads\/2024\/12\/PNL-20241212-4.jpg","jetpack_sharing_enabled":true,"_links":{"self":[{"href":"https:\/\/pornuestrolaredo.com\/index.php?rest_route=\/wp\/v2\/posts\/5727","targetHints":{"allow":["GET"]}}],"collection":[{"href":"https:\/\/pornuestrolaredo.com\/index.php?rest_route=\/wp\/v2\/posts"}],"about":[{"href":"https:\/\/pornuestrolaredo.com\/index.php?rest_route=\/wp\/v2\/types\/post"}],"author":[{"embeddable":true,"href":"https:\/\/pornuestrolaredo.com\/index.php?rest_route=\/wp\/v2\/users\/1"}],"replies":[{"embeddable":true,"href":"https:\/\/pornuestrolaredo.com\/index.php?rest_route=%2Fwp%2Fv2%2Fcomments&post=5727"}],"version-history":[{"count":1,"href":"https:\/\/pornuestrolaredo.com\/index.php?rest_route=\/wp\/v2\/posts\/5727\/revisions"}],"predecessor-version":[{"id":5729,"href":"https:\/\/pornuestrolaredo.com\/index.php?rest_route=\/wp\/v2\/posts\/5727\/revisions\/5729"}],"wp:featuredmedia":[{"embeddable":true,"href":"https:\/\/pornuestrolaredo.com\/index.php?rest_route=\/wp\/v2\/media\/5728"}],"wp:attachment":[{"href":"https:\/\/pornuestrolaredo.com\/index.php?rest_route=%2Fwp%2Fv2%2Fmedia&parent=5727"}],"wp:term":[{"taxonomy":"category","embeddable":true,"href":"https:\/\/pornuestrolaredo.com\/index.php?rest_route=%2Fwp%2Fv2%2Fcategories&post=5727"},{"taxonomy":"post_tag","embeddable":true,"href":"https:\/\/pornuestrolaredo.com\/index.php?rest_route=%2Fwp%2Fv2%2Ftags&post=5727"}],"curies":[{"name":"wp","href":"https:\/\/api.w.org\/{rel}","templated":true}]}}