{"id":574,"date":"2022-10-12T19:44:49","date_gmt":"2022-10-12T19:44:49","guid":{"rendered":"https:\/\/pornuestrolaredo.com\/?p=574"},"modified":"2022-10-12T19:44:49","modified_gmt":"2022-10-12T19:44:49","slug":"mueren-477-ballenas-piloto-en-nueva-zelanda","status":"publish","type":"post","link":"https:\/\/pornuestrolaredo.com\/?p=574","title":{"rendered":"Mueren 477 ballenas piloto en Nueva Zelanda"},"content":{"rendered":"\n<p class=\"wp-block-paragraph\"><strong><em>WELLINGTON, Nueva Zelanda.-<\/em><\/strong> Unos 477 calderones, tambi\u00e9n llamados ballenas piloto, murieron varados en dos remotas islas de Nueva Zelanda en los \u00faltimos d\u00edas, seg\u00fan las autoridades.<\/p>\n\n\n\n<p class=\"wp-block-paragraph\">Ninguno de los animales pudo ser reflotado y todos murieron de forma natural o fueron sacrificados, una p\u00e9rdida \u201cdescorazonadora\u201d, indic\u00f3 Daren Grover, director general de Project Jonah, un grupo sin fines de lucro que ayuda a rescatar ballenas.<\/p>\n\n\n\n<p class=\"wp-block-paragraph\">Los cet\u00e1ceos se quedaron varados en las Islas Chatham, un archipi\u00e9lago donde viven unas 600 personas y que se encuentra unos 800 kil\u00f3metros (500 millas) al este de las islas principales de Nueva Zelanda.<\/p>\n\n\n\n<p class=\"wp-block-paragraph\">El Departamento de Conservaci\u00f3n indic\u00f3 que 232 ballenas se hab\u00edan varado el viernes en la playa de Tupuangi y otras 245 el lunes en la Bah\u00eda de Waihere.<\/p>\n\n\n\n<p class=\"wp-block-paragraph\">Las muertes se produjeron dos semanas despu\u00e9s de que murieran 200 calderones en Australia que se hab\u00edan varado en una remota playa de Tasmania.<\/p>\n\n\n\n<blockquote class=\"wp-block-quote is-layout-flow wp-block-quote-is-layout-flow\"><p>Estos episodios son situaciones duras, complicadas\u201d, escribi\u00f3 el Departamento de Conservaci\u00f3n en un post de Facebook. \u201cAunque son incidentes naturales, siguen siendo tristes y dif\u00edciles para los que ayudan\u201d.<\/p><\/blockquote>\n\n\n\n<p class=\"wp-block-paragraph\">Grover se\u00f1al\u00f3 que no hab\u00edan podido movilizar voluntarios para intentar reflotar a las ballenas, como han hecho en otras ocasiones, debido a lo remoto del lugar y a la presencia de tiburones en las aguas cercanas.<\/p>\n\n\n\n<blockquote class=\"wp-block-quote is-layout-flow wp-block-quote-is-layout-flow\"><p>No reflotamos ballenas de forma activa en las Islas Chatham debido al riesgo de ataques de tibur\u00f3n a humanos y a las propias ballenas, de modo que la eutanasia era la opci\u00f3n m\u00e1s compasiva\u201d, dijo Dave Lundquist, asesor t\u00e9cnico del departamento de conservaci\u00f3n.<\/p><\/blockquote>\n\n\n\n<p class=\"wp-block-paragraph\">Los varamientos masivos de calderones son relativamente frecuentes en Nueva Zelanda, especialmente en los meses de verano. Los cient\u00edficos no saben qu\u00e9 provoca exactamente el fen\u00f3meno, aunque parece que las playas de arena con elevaci\u00f3n suave confunden sus sistemas de localizaci\u00f3n.<\/p>\n\n\n\n<p class=\"wp-block-paragraph\">Hay mucho alimento para las ballenas en torno a las Islas Chatham, indic\u00f3 Grover, y es posible que cuando se acercan a tierra pasen con rapidez de aguas profundas a zonas con poco fondo.<\/p>\n\n\n\n<blockquote class=\"wp-block-quote is-layout-flow wp-block-quote-is-layout-flow\"><p>Dependen de su ecolocalizaci\u00f3n, pero no les dice que se est\u00e1n quedando sin agua\u201d, dijo Grover. \u201cSe acercan m\u00e1s y m\u00e1s a la orilla y se desorientan. Entonces puede bajar la marea y antes de que se den cuenta est\u00e1n varados en la playa\u201d.<\/p><\/blockquote>\n\n\n\n<p class=\"wp-block-paragraph\">Debido a la ubicaci\u00f3n remota de las playas, los cad\u00e1veres de los animales no se enterrar\u00e1n ni remolcar\u00e1n mar adentro, como ocurre a menudo, sino que se dejar\u00e1n para que se descompongan, dijo Grover. <\/p>\n\n\n\n<blockquote class=\"wp-block-quote is-layout-flow wp-block-quote-is-layout-flow\"><p>La naturaleza es un gran reciclador, y toda la energ\u00eda almacenada en los cuerpos de todas las ballenas volver\u00e1 a la naturaleza bastante r\u00e1pido\u201d, dijo.<\/p><\/blockquote>\n","protected":false},"excerpt":{"rendered":"<p>WELLINGTON, Nueva Zelanda.- Unos 477 calderones, tambi\u00e9n llamados ballenas piloto, murieron varados en dos remotas islas de Nueva<\/p>\n","protected":false},"author":1,"featured_media":575,"comment_status":"open","ping_status":"open","sticky":false,"template":"","format":"standard","meta":{"_crdt_document":"","_jetpack_memberships_contains_paid_content":false,"footnotes":"","jetpack_publicize_message":"Quedan varadas en las playas de dos remotas islas, a unos 800 kil\u00f3metros del territorio principal neozeland\u00e9s","jetpack_publicize_feature_enabled":true,"jetpack_social_post_already_shared":true,"jetpack_social_options":{"image_generator_settings":{"template":"highway","default_image_id":0,"font":"","enabled":false},"version":2},"_wpas_customize_per_network":false},"categories":[9],"tags":[],"class_list":["post-574","post","type-post","status-publish","format-standard","has-post-thumbnail","hentry","category-el-mundo"],"magazineBlocksPostFeaturedMedia":{"thumbnail":"https:\/\/pornuestrolaredo.com\/wp-content\/uploads\/2022\/10\/Stereo91-20221012-6-150x150.jpeg","medium":"https:\/\/pornuestrolaredo.com\/wp-content\/uploads\/2022\/10\/Stereo91-20221012-6-300x200.jpeg","medium_large":"https:\/\/pornuestrolaredo.com\/wp-content\/uploads\/2022\/10\/Stereo91-20221012-6-768x512.jpeg","large":"https:\/\/pornuestrolaredo.com\/wp-content\/uploads\/2022\/10\/Stereo91-20221012-6.jpeg","1536x1536":"https:\/\/pornuestrolaredo.com\/wp-content\/uploads\/2022\/10\/Stereo91-20221012-6.jpeg","2048x2048":"https:\/\/pornuestrolaredo.com\/wp-content\/uploads\/2022\/10\/Stereo91-20221012-6.jpeg","morenews-large":"https:\/\/pornuestrolaredo.com\/wp-content\/uploads\/2022\/10\/Stereo91-20221012-6.jpeg","morenews-medium":"https:\/\/pornuestrolaredo.com\/wp-content\/uploads\/2022\/10\/Stereo91-20221012-6.jpeg"},"magazineBlocksPostAuthor":{"name":"Redactor","avatar":"https:\/\/pornuestrolaredo.com\/wp-content\/litespeed\/avatar\/dca1d7ec750c399f025f23b0b314f4cf.jpg?ver=1777612120"},"magazineBlocksPostCommentsNumber":false,"magazineBlocksPostExcerpt":"WELLINGTON, Nueva Zelanda.- Unos 477 calderones, tambi\u00e9n llamados ballenas piloto, murieron varados en dos remotas islas de Nueva","magazineBlocksPostCategories":["El Mundo"],"magazineBlocksPostViewCount":117,"magazineBlocksPostReadTime":3,"magazine_blocks_featured_image_url":{"full":["https:\/\/pornuestrolaredo.com\/wp-content\/uploads\/2022\/10\/Stereo91-20221012-6.jpeg",1000,667,false],"medium":["https:\/\/pornuestrolaredo.com\/wp-content\/uploads\/2022\/10\/Stereo91-20221012-6-300x200.jpeg",300,200,true],"thumbnail":["https:\/\/pornuestrolaredo.com\/wp-content\/uploads\/2022\/10\/Stereo91-20221012-6-150x150.jpeg",150,150,true]},"magazine_blocks_author":{"display_name":"Redactor","author_link":"https:\/\/pornuestrolaredo.com\/?author=1"},"magazine_blocks_comment":0,"magazine_blocks_author_image":"https:\/\/pornuestrolaredo.com\/wp-content\/litespeed\/avatar\/dca1d7ec750c399f025f23b0b314f4cf.jpg?ver=1777612120","magazine_blocks_category":"<a href=\"#\" class=\"category-link category-link-9\">El Mundo<\/a>","jetpack_publicize_connections":[],"featured_image_urls":{"full":["https:\/\/pornuestrolaredo.com\/wp-content\/uploads\/2022\/10\/Stereo91-20221012-6.jpeg",1000,667,false],"thumbnail":["https:\/\/pornuestrolaredo.com\/wp-content\/uploads\/2022\/10\/Stereo91-20221012-6-150x150.jpeg",150,150,true],"medium":["https:\/\/pornuestrolaredo.com\/wp-content\/uploads\/2022\/10\/Stereo91-20221012-6-300x200.jpeg",300,200,true],"medium_large":["https:\/\/pornuestrolaredo.com\/wp-content\/uploads\/2022\/10\/Stereo91-20221012-6-768x512.jpeg",640,427,true],"large":["https:\/\/pornuestrolaredo.com\/wp-content\/uploads\/2022\/10\/Stereo91-20221012-6.jpeg",640,427,false],"1536x1536":["https:\/\/pornuestrolaredo.com\/wp-content\/uploads\/2022\/10\/Stereo91-20221012-6.jpeg",1000,667,false],"2048x2048":["https:\/\/pornuestrolaredo.com\/wp-content\/uploads\/2022\/10\/Stereo91-20221012-6.jpeg",1000,667,false],"morenews-large":["https:\/\/pornuestrolaredo.com\/wp-content\/uploads\/2022\/10\/Stereo91-20221012-6.jpeg",825,550,false],"morenews-medium":["https:\/\/pornuestrolaredo.com\/wp-content\/uploads\/2022\/10\/Stereo91-20221012-6.jpeg",590,394,false]},"author_info":{"info":["Redactor"]},"category_info":"<a href=\"https:\/\/pornuestrolaredo.com\/?cat=9\" rel=\"category\">El Mundo<\/a>","tag_info":"El Mundo","comment_count":"0","jetpack_featured_media_url":"https:\/\/pornuestrolaredo.com\/wp-content\/uploads\/2022\/10\/Stereo91-20221012-6.jpeg","jetpack_sharing_enabled":true,"_links":{"self":[{"href":"https:\/\/pornuestrolaredo.com\/index.php?rest_route=\/wp\/v2\/posts\/574","targetHints":{"allow":["GET"]}}],"collection":[{"href":"https:\/\/pornuestrolaredo.com\/index.php?rest_route=\/wp\/v2\/posts"}],"about":[{"href":"https:\/\/pornuestrolaredo.com\/index.php?rest_route=\/wp\/v2\/types\/post"}],"author":[{"embeddable":true,"href":"https:\/\/pornuestrolaredo.com\/index.php?rest_route=\/wp\/v2\/users\/1"}],"replies":[{"embeddable":true,"href":"https:\/\/pornuestrolaredo.com\/index.php?rest_route=%2Fwp%2Fv2%2Fcomments&post=574"}],"version-history":[{"count":1,"href":"https:\/\/pornuestrolaredo.com\/index.php?rest_route=\/wp\/v2\/posts\/574\/revisions"}],"predecessor-version":[{"id":576,"href":"https:\/\/pornuestrolaredo.com\/index.php?rest_route=\/wp\/v2\/posts\/574\/revisions\/576"}],"wp:featuredmedia":[{"embeddable":true,"href":"https:\/\/pornuestrolaredo.com\/index.php?rest_route=\/wp\/v2\/media\/575"}],"wp:attachment":[{"href":"https:\/\/pornuestrolaredo.com\/index.php?rest_route=%2Fwp%2Fv2%2Fmedia&parent=574"}],"wp:term":[{"taxonomy":"category","embeddable":true,"href":"https:\/\/pornuestrolaredo.com\/index.php?rest_route=%2Fwp%2Fv2%2Fcategories&post=574"},{"taxonomy":"post_tag","embeddable":true,"href":"https:\/\/pornuestrolaredo.com\/index.php?rest_route=%2Fwp%2Fv2%2Ftags&post=574"}],"curies":[{"name":"wp","href":"https:\/\/api.w.org\/{rel}","templated":true}]}}