{"id":5744,"date":"2024-12-16T20:19:49","date_gmt":"2024-12-16T20:19:49","guid":{"rendered":"https:\/\/pornuestrolaredo.com\/?p=5744"},"modified":"2024-12-16T20:19:49","modified_gmt":"2024-12-16T20:19:49","slug":"estremece-tragedia-a-escuela-de-wisconsin","status":"publish","type":"post","link":"https:\/\/pornuestrolaredo.com\/?p=5744","title":{"rendered":"Estremece tragedia a escuela de Wisconsin"},"content":{"rendered":"<p><strong>MADISON, Wisconsin.-<\/strong> Un joven abri\u00f3 fuego el lunes por la ma\u00f1ana en una escuela cristiana privada en Wisconsin, matando a dos personas en la \u00faltima semana de clases por la Navidad. El agresor tambi\u00e9n muri\u00f3, inform\u00f3 la polic\u00eda.<\/p>\n<p>El jefe de polic\u00eda de Madison, Shon Barnes, no ofreci\u00f3 detalles sobre las v\u00edctimas, pero dijo que varias personas resultaron heridas en la Escuela Cristiana Vida Abundante (Abundant Life Christian School). En un inicio, la polic\u00eda inform\u00f3 que cinco personas hab\u00edan muerto.<\/p>\n<p>La escuela cuenta con aproximadamente 390 estudiantes, desde jard\u00edn de infantes hasta secundaria, seg\u00fan su sitio web.<\/p>\n<blockquote><p>Hoy es un d\u00eda triste, triste, no solo para Madison, sino para todo nuestro pa\u00eds\u201d, dijo Barnes a los periodistas.<\/p><\/blockquote>\n<p>Indic\u00f3 que la polic\u00eda fue alertada poco antes de las 11 a.m. y no dispararon sus armas cuando irrumpieron en la escuela. Barnes sugiri\u00f3 que el pistolero muri\u00f3 por suicidio.<\/p>\n<blockquote><p>Encontraron fallecida a la persona responsable\u201d, dijo el comisario.<\/p><\/blockquote>\n<p>La polic\u00eda cerr\u00f3 todas las calles alrededor de la escuela. Oficiales de la Agencia de Alcohol, Tabaco, Armas de Fuego y Explosivos (ATF) llegaron al lugar para asistir a las autoridades locales.<\/p>\n<blockquote><p>Estamos orando por los ni\u00f1os, los educadores y toda la comunidad escolar de Abundant Life mientras esperamos m\u00e1s informaci\u00f3n y estamos agradecidos por los primeros que llegaron r\u00e1pidamente para responder\u201d, dijo en un comunicado el gobernador de Wisconsin, Tony Evers.<\/p><\/blockquote>\n<p>En un comunicado, la Casa Blanca indic\u00f3 que el presidente Joe Biden fue informado sobre el tiroteo y los funcionarios estaban en contacto con las autoridades locales para proporcionar apoyo.<\/p>\n<p>La escuela no es denominacional, es decir, no est\u00e1 asociada a una confesi\u00f3n religiosa espec\u00edfica.<\/p>\n<p>John Diaz De Leon, quien vive cerca y asiste a la iglesia City Church adyacente, dijo a WMTV-TV que escuch\u00f3 un intenso estruendo de sirenas cuando la polic\u00eda respondi\u00f3.<\/p>\n<blockquote><p>No sab\u00eda que hab\u00eda tantos coches de polic\u00eda en Madison. Vimos a unos tipos con armas largas. Entraron en la escuela con un perro\u201d, dijo De Leon sobre la polic\u00eda. \u201cM\u00e1s tarde vi grupos de ni\u00f1os saliendo de la escuela hacia el santuario de la iglesia\u201d.<\/p><\/blockquote>\n","protected":false},"excerpt":{"rendered":"<p>Adolescente ataca a sus compa\u00f1eros con arma de fuego, hay tres v\u00edctimas, incluido el atacante<\/p>\n","protected":false},"author":1,"featured_media":5745,"comment_status":"closed","ping_status":"closed","sticky":false,"template":"","format":"standard","meta":{"_crdt_document":"","_jetpack_memberships_contains_paid_content":false,"footnotes":"","jetpack_publicize_message":"","jetpack_publicize_feature_enabled":true,"jetpack_social_post_already_shared":true,"jetpack_social_options":{"image_generator_settings":{"template":"highway","default_image_id":0,"font":"","enabled":false},"version":2},"_wpas_customize_per_network":false},"categories":[9],"tags":[],"class_list":["post-5744","post","type-post","status-publish","format-standard","has-post-thumbnail","hentry","category-el-mundo"],"magazineBlocksPostFeaturedMedia":{"thumbnail":"https:\/\/pornuestrolaredo.com\/wp-content\/uploads\/2024\/12\/Stereo91-20241216-7-150x150.jpg","medium":"https:\/\/pornuestrolaredo.com\/wp-content\/uploads\/2024\/12\/Stereo91-20241216-7-300x200.jpg","medium_large":"https:\/\/pornuestrolaredo.com\/wp-content\/uploads\/2024\/12\/Stereo91-20241216-7-768x512.jpg","large":"https:\/\/pornuestrolaredo.com\/wp-content\/uploads\/2024\/12\/Stereo91-20241216-7.jpg","1536x1536":"https:\/\/pornuestrolaredo.com\/wp-content\/uploads\/2024\/12\/Stereo91-20241216-7.jpg","2048x2048":"https:\/\/pornuestrolaredo.com\/wp-content\/uploads\/2024\/12\/Stereo91-20241216-7.jpg","morenews-large":"https:\/\/pornuestrolaredo.com\/wp-content\/uploads\/2024\/12\/Stereo91-20241216-7.jpg","morenews-medium":"https:\/\/pornuestrolaredo.com\/wp-content\/uploads\/2024\/12\/Stereo91-20241216-7.jpg"},"magazineBlocksPostAuthor":{"name":"Redactor","avatar":"https:\/\/pornuestrolaredo.com\/wp-content\/litespeed\/avatar\/dca1d7ec750c399f025f23b0b314f4cf.jpg?ver=1777612120"},"magazineBlocksPostCommentsNumber":false,"magazineBlocksPostExcerpt":"Adolescente ataca a sus compa\u00f1eros con arma de fuego, hay tres v\u00edctimas, incluido el atacante","magazineBlocksPostCategories":["El Mundo"],"magazineBlocksPostViewCount":146,"magazineBlocksPostReadTime":2,"magazine_blocks_featured_image_url":{"full":["https:\/\/pornuestrolaredo.com\/wp-content\/uploads\/2024\/12\/Stereo91-20241216-7.jpg",980,653,false],"medium":["https:\/\/pornuestrolaredo.com\/wp-content\/uploads\/2024\/12\/Stereo91-20241216-7-300x200.jpg",300,200,true],"thumbnail":["https:\/\/pornuestrolaredo.com\/wp-content\/uploads\/2024\/12\/Stereo91-20241216-7-150x150.jpg",150,150,true]},"magazine_blocks_author":{"display_name":"Redactor","author_link":"https:\/\/pornuestrolaredo.com\/?author=1"},"magazine_blocks_comment":0,"magazine_blocks_author_image":"https:\/\/pornuestrolaredo.com\/wp-content\/litespeed\/avatar\/dca1d7ec750c399f025f23b0b314f4cf.jpg?ver=1777612120","magazine_blocks_category":"<a href=\"#\" class=\"category-link category-link-9\">El Mundo<\/a>","jetpack_publicize_connections":[],"featured_image_urls":{"full":["https:\/\/pornuestrolaredo.com\/wp-content\/uploads\/2024\/12\/Stereo91-20241216-7.jpg",980,653,false],"thumbnail":["https:\/\/pornuestrolaredo.com\/wp-content\/uploads\/2024\/12\/Stereo91-20241216-7-150x150.jpg",150,150,true],"medium":["https:\/\/pornuestrolaredo.com\/wp-content\/uploads\/2024\/12\/Stereo91-20241216-7-300x200.jpg",300,200,true],"medium_large":["https:\/\/pornuestrolaredo.com\/wp-content\/uploads\/2024\/12\/Stereo91-20241216-7-768x512.jpg",640,427,true],"large":["https:\/\/pornuestrolaredo.com\/wp-content\/uploads\/2024\/12\/Stereo91-20241216-7.jpg",640,426,false],"1536x1536":["https:\/\/pornuestrolaredo.com\/wp-content\/uploads\/2024\/12\/Stereo91-20241216-7.jpg",980,653,false],"2048x2048":["https:\/\/pornuestrolaredo.com\/wp-content\/uploads\/2024\/12\/Stereo91-20241216-7.jpg",980,653,false],"morenews-large":["https:\/\/pornuestrolaredo.com\/wp-content\/uploads\/2024\/12\/Stereo91-20241216-7.jpg",825,550,false],"morenews-medium":["https:\/\/pornuestrolaredo.com\/wp-content\/uploads\/2024\/12\/Stereo91-20241216-7.jpg",590,393,false]},"author_info":{"info":["Redactor"]},"category_info":"<a href=\"https:\/\/pornuestrolaredo.com\/?cat=9\" rel=\"category\">El Mundo<\/a>","tag_info":"El Mundo","comment_count":"0","jetpack_featured_media_url":"https:\/\/pornuestrolaredo.com\/wp-content\/uploads\/2024\/12\/Stereo91-20241216-7.jpg","jetpack_sharing_enabled":true,"_links":{"self":[{"href":"https:\/\/pornuestrolaredo.com\/index.php?rest_route=\/wp\/v2\/posts\/5744","targetHints":{"allow":["GET"]}}],"collection":[{"href":"https:\/\/pornuestrolaredo.com\/index.php?rest_route=\/wp\/v2\/posts"}],"about":[{"href":"https:\/\/pornuestrolaredo.com\/index.php?rest_route=\/wp\/v2\/types\/post"}],"author":[{"embeddable":true,"href":"https:\/\/pornuestrolaredo.com\/index.php?rest_route=\/wp\/v2\/users\/1"}],"replies":[{"embeddable":true,"href":"https:\/\/pornuestrolaredo.com\/index.php?rest_route=%2Fwp%2Fv2%2Fcomments&post=5744"}],"version-history":[{"count":1,"href":"https:\/\/pornuestrolaredo.com\/index.php?rest_route=\/wp\/v2\/posts\/5744\/revisions"}],"predecessor-version":[{"id":5746,"href":"https:\/\/pornuestrolaredo.com\/index.php?rest_route=\/wp\/v2\/posts\/5744\/revisions\/5746"}],"wp:featuredmedia":[{"embeddable":true,"href":"https:\/\/pornuestrolaredo.com\/index.php?rest_route=\/wp\/v2\/media\/5745"}],"wp:attachment":[{"href":"https:\/\/pornuestrolaredo.com\/index.php?rest_route=%2Fwp%2Fv2%2Fmedia&parent=5744"}],"wp:term":[{"taxonomy":"category","embeddable":true,"href":"https:\/\/pornuestrolaredo.com\/index.php?rest_route=%2Fwp%2Fv2%2Fcategories&post=5744"},{"taxonomy":"post_tag","embeddable":true,"href":"https:\/\/pornuestrolaredo.com\/index.php?rest_route=%2Fwp%2Fv2%2Ftags&post=5744"}],"curies":[{"name":"wp","href":"https:\/\/api.w.org\/{rel}","templated":true}]}}