{"id":5751,"date":"2024-12-18T17:23:31","date_gmt":"2024-12-18T17:23:31","guid":{"rendered":"https:\/\/pornuestrolaredo.com\/?p=5751"},"modified":"2024-12-18T17:23:31","modified_gmt":"2024-12-18T17:23:31","slug":"raphael-mejora-pero-sigue-hospitalizado","status":"publish","type":"post","link":"https:\/\/pornuestrolaredo.com\/?p=5751","title":{"rendered":"Raphael mejora, pero sigue hospitalizado"},"content":{"rendered":"<p><strong><em>MADRID.- <\/em><\/strong>El cantante Raphael se recuperaba la ma\u00f1ana de este jueves en un hospital de Madrid, luego de un accidente cerebrovascular mientras grababa un especial de Navidad de La revuelta.<\/p>\n<p>Su esposa, Natalia Figueroa, su hijo Manuel Marcos y su nieta Manuela, acudieron este mi\u00e9rcoles a visitar al cantante espa\u00f1ol de 81 a\u00f1os y dijeron que se encuentra bien.<\/p>\n<p>Su oficina de representaci\u00f3n asegur\u00f3 la ma\u00f1ana de este jueves que se trat\u00f3 de un episodio \u201ctransitorio\u201d. Las pruebas est\u00e1n destinadas a \u201cdescartar cualquier cosa\u201d. \u201cHa pasado la noche en planta, tranquilo, consciente y acompa\u00f1ado de sus hijos\u201d.<\/p>\n<p>La familia y sus representantes han insistido en que en el entorno del artista est\u00e1n \u201cmuy tranquilos\u201d y que lo ocurrido ha sido \u201cpasajero\u201d. <\/p>\n<blockquote><p>Venimos a verlo. Todo bien\u201d, dijo su hijo Manuel, mientras Natalia, su esposa, con gesto relajado, daba las gracias a los informadores a su llegada al centro m\u00e9dico.<\/p><\/blockquote>\n<p>A\u00fan no se ha dado a conocer si Raphael cancela los dos conciertos de este fin de semana, el viernes 20 y el s\u00e1bado 21 de diciembre, en el Wizink Center, el broche final a su eterna gira, Tour Victoria.<\/p>\n<p>Tras ser atendido en la ambulancia en la tarde de ayer martes, Raphael fue trasladado al Hospital Cl\u00ednico San Carlos, en Madrid, donde sigue ingresado. Un portavoz de TVE explic\u00f3 que \u201cestaba grabando el programa, no se ha encontrado bien y ha salido por su propio pie a coger la ambulancia\u201d. <\/p>\n<p>Raphael es uno de los cuatro artistas en todo el mundo que dispone de un disco de uranio por haber vendido m\u00e1s de 50 millones de copias a lo largo de su trayectoria. En 2003, el cantante reconocido por Mi gran noche, Hablemos del amor, Digan lo que digan, Esc\u00e1ndalo o Yo soy aquel, uno de los m\u00e1s populares de la escena espa\u00f1ola, necesit\u00f3 un trasplante de h\u00edgado para poner fin a la hepatitis B, una enfermedad que sufr\u00eda desde los 20 a\u00f1os: \u201cEso ha sido para m\u00ed la oportunidad de poder seguir viviendo mucho mejor que antes y de disfrutar de las cosas mucho mejor que antes. Una cosa que era muy dram\u00e1tica se convirti\u00f3 en una gran oportunidad\u201d, dec\u00eda en una entrevista con EL PA\u00cdS en noviembre, donde se resist\u00eda a hablar de su jubilaci\u00f3n: \u201c\u00bfQu\u00e9 co\u00f1o quieres que haga en mi casa? \u00bfMe quedo viendo la tele? \u00bfO voy a ver c\u00f3mo juega Nadal? Eso tampoco porque \u00e9l s\u00ed ya se ha retirado\u201d.<\/p>\n<p>Tras m\u00e1s de 60 a\u00f1os de carrera, este a\u00f1o lanz\u00f3 su octog\u00e9simo sexto disco, Ayer&#8230; A\u00fan, grabado en Par\u00eds, un homenaje a la canci\u00f3n francesa y a sus grandes \u00eddolos: Piaf, Aznavour, B\u00e9caud, Brel\u2026 Por el momento, los espect\u00e1culos siguen en pie, y entre sus planes para 2025 est\u00e1 estrenar su nuevo espect\u00e1culo, Raphael\u00edsimo, cuya gira comienza en mayo.<\/p>\n","protected":false},"excerpt":{"rendered":"<p>MADRID.- El cantante Raphael se recuperaba la ma\u00f1ana de este jueves en un hospital de Madrid, luego de<\/p>\n","protected":false},"author":1,"featured_media":5752,"comment_status":"closed","ping_status":"closed","sticky":false,"template":"","format":"standard","meta":{"_crdt_document":"","_jetpack_memberships_contains_paid_content":false,"footnotes":"","jetpack_publicize_message":"","jetpack_publicize_feature_enabled":true,"jetpack_social_post_already_shared":true,"jetpack_social_options":{"image_generator_settings":{"template":"highway","default_image_id":0,"font":"","enabled":false},"version":2},"_wpas_customize_per_network":false},"categories":[34],"tags":[],"class_list":["post-5751","post","type-post","status-publish","format-standard","has-post-thumbnail","hentry","category-farandula"],"magazineBlocksPostFeaturedMedia":{"thumbnail":"https:\/\/pornuestrolaredo.com\/wp-content\/uploads\/2024\/12\/Stereo91-20241218-1-150x150.jpg","medium":"https:\/\/pornuestrolaredo.com\/wp-content\/uploads\/2024\/12\/Stereo91-20241218-1-300x175.jpg","medium_large":"https:\/\/pornuestrolaredo.com\/wp-content\/uploads\/2024\/12\/Stereo91-20241218-1-768x447.jpg","large":"https:\/\/pornuestrolaredo.com\/wp-content\/uploads\/2024\/12\/Stereo91-20241218-1.jpg","1536x1536":"https:\/\/pornuestrolaredo.com\/wp-content\/uploads\/2024\/12\/Stereo91-20241218-1.jpg","2048x2048":"https:\/\/pornuestrolaredo.com\/wp-content\/uploads\/2024\/12\/Stereo91-20241218-1.jpg","morenews-large":"https:\/\/pornuestrolaredo.com\/wp-content\/uploads\/2024\/12\/Stereo91-20241218-1.jpg","morenews-medium":"https:\/\/pornuestrolaredo.com\/wp-content\/uploads\/2024\/12\/Stereo91-20241218-1.jpg"},"magazineBlocksPostAuthor":{"name":"Redactor","avatar":"https:\/\/pornuestrolaredo.com\/wp-content\/litespeed\/avatar\/dca1d7ec750c399f025f23b0b314f4cf.jpg?ver=1777612120"},"magazineBlocksPostCommentsNumber":false,"magazineBlocksPostExcerpt":"MADRID.- El cantante Raphael se recuperaba la ma\u00f1ana de este jueves en un hospital de Madrid, luego de","magazineBlocksPostCategories":["Far\u00e1ndula"],"magazineBlocksPostViewCount":175,"magazineBlocksPostReadTime":3,"magazine_blocks_featured_image_url":{"full":["https:\/\/pornuestrolaredo.com\/wp-content\/uploads\/2024\/12\/Stereo91-20241218-1.jpg",850,495,false],"medium":["https:\/\/pornuestrolaredo.com\/wp-content\/uploads\/2024\/12\/Stereo91-20241218-1-300x175.jpg",300,175,true],"thumbnail":["https:\/\/pornuestrolaredo.com\/wp-content\/uploads\/2024\/12\/Stereo91-20241218-1-150x150.jpg",150,150,true]},"magazine_blocks_author":{"display_name":"Redactor","author_link":"https:\/\/pornuestrolaredo.com\/?author=1"},"magazine_blocks_comment":0,"magazine_blocks_author_image":"https:\/\/pornuestrolaredo.com\/wp-content\/litespeed\/avatar\/dca1d7ec750c399f025f23b0b314f4cf.jpg?ver=1777612120","magazine_blocks_category":"<a href=\"#\" class=\"category-link category-link-34\">Far\u00e1ndula<\/a>","jetpack_publicize_connections":[],"featured_image_urls":{"full":["https:\/\/pornuestrolaredo.com\/wp-content\/uploads\/2024\/12\/Stereo91-20241218-1.jpg",850,495,false],"thumbnail":["https:\/\/pornuestrolaredo.com\/wp-content\/uploads\/2024\/12\/Stereo91-20241218-1-150x150.jpg",150,150,true],"medium":["https:\/\/pornuestrolaredo.com\/wp-content\/uploads\/2024\/12\/Stereo91-20241218-1-300x175.jpg",300,175,true],"medium_large":["https:\/\/pornuestrolaredo.com\/wp-content\/uploads\/2024\/12\/Stereo91-20241218-1-768x447.jpg",640,373,true],"large":["https:\/\/pornuestrolaredo.com\/wp-content\/uploads\/2024\/12\/Stereo91-20241218-1.jpg",640,373,false],"1536x1536":["https:\/\/pornuestrolaredo.com\/wp-content\/uploads\/2024\/12\/Stereo91-20241218-1.jpg",850,495,false],"2048x2048":["https:\/\/pornuestrolaredo.com\/wp-content\/uploads\/2024\/12\/Stereo91-20241218-1.jpg",850,495,false],"morenews-large":["https:\/\/pornuestrolaredo.com\/wp-content\/uploads\/2024\/12\/Stereo91-20241218-1.jpg",825,480,false],"morenews-medium":["https:\/\/pornuestrolaredo.com\/wp-content\/uploads\/2024\/12\/Stereo91-20241218-1.jpg",590,344,false]},"author_info":{"info":["Redactor"]},"category_info":"<a href=\"https:\/\/pornuestrolaredo.com\/?cat=34\" rel=\"category\">Far\u00e1ndula<\/a>","tag_info":"Far\u00e1ndula","comment_count":"0","jetpack_featured_media_url":"https:\/\/pornuestrolaredo.com\/wp-content\/uploads\/2024\/12\/Stereo91-20241218-1.jpg","jetpack_sharing_enabled":true,"_links":{"self":[{"href":"https:\/\/pornuestrolaredo.com\/index.php?rest_route=\/wp\/v2\/posts\/5751","targetHints":{"allow":["GET"]}}],"collection":[{"href":"https:\/\/pornuestrolaredo.com\/index.php?rest_route=\/wp\/v2\/posts"}],"about":[{"href":"https:\/\/pornuestrolaredo.com\/index.php?rest_route=\/wp\/v2\/types\/post"}],"author":[{"embeddable":true,"href":"https:\/\/pornuestrolaredo.com\/index.php?rest_route=\/wp\/v2\/users\/1"}],"replies":[{"embeddable":true,"href":"https:\/\/pornuestrolaredo.com\/index.php?rest_route=%2Fwp%2Fv2%2Fcomments&post=5751"}],"version-history":[{"count":1,"href":"https:\/\/pornuestrolaredo.com\/index.php?rest_route=\/wp\/v2\/posts\/5751\/revisions"}],"predecessor-version":[{"id":5753,"href":"https:\/\/pornuestrolaredo.com\/index.php?rest_route=\/wp\/v2\/posts\/5751\/revisions\/5753"}],"wp:featuredmedia":[{"embeddable":true,"href":"https:\/\/pornuestrolaredo.com\/index.php?rest_route=\/wp\/v2\/media\/5752"}],"wp:attachment":[{"href":"https:\/\/pornuestrolaredo.com\/index.php?rest_route=%2Fwp%2Fv2%2Fmedia&parent=5751"}],"wp:term":[{"taxonomy":"category","embeddable":true,"href":"https:\/\/pornuestrolaredo.com\/index.php?rest_route=%2Fwp%2Fv2%2Fcategories&post=5751"},{"taxonomy":"post_tag","embeddable":true,"href":"https:\/\/pornuestrolaredo.com\/index.php?rest_route=%2Fwp%2Fv2%2Ftags&post=5751"}],"curies":[{"name":"wp","href":"https:\/\/api.w.org\/{rel}","templated":true}]}}