{"id":5762,"date":"2024-12-20T03:03:59","date_gmt":"2024-12-20T03:03:59","guid":{"rendered":"https:\/\/pornuestrolaredo.com\/?p=5762"},"modified":"2024-12-20T03:03:59","modified_gmt":"2024-12-20T03:03:59","slug":"deporta-eu-a-270-mil-en-12-meses","status":"publish","type":"post","link":"https:\/\/pornuestrolaredo.com\/?p=5762","title":{"rendered":"Deporta EU a 270 mil en 12 meses"},"content":{"rendered":"<p><strong<em>>McALLEN, Texas<\/em>.-<\/strong>  El Servicio de Control de Inmigraci\u00f3n y Aduanas de Estados Unidos (ICE, por sus siglas en ingl\u00e9s) deport\u00f3 a m\u00e1s de 270 mil personas a 192 pa\u00edses durante un per\u00edodo reciente de 12 meses, su cifra anual m\u00e1s alta en una d\u00e9cada, seg\u00fan un informe dado a conocer el jueves.<\/p>\n<p>El reporte ilustra algunos de los desaf\u00edos financieros y operativos que enfrentar\u00e1 el virtual presidente electo Donald Trump para cumplir su promesa de realizar operaciones de deportaci\u00f3n a gran escala.<\/p>\n<p>El ICE, la principal agencia gubernamental responsable de expulsar a las personas que se encuentran en el pa\u00eds sin autorizaci\u00f3n, registr\u00f3 271 mil 484 deportaciones durante el ejercicio fiscal que finaliz\u00f3 el 30 de septiembre, casi el doble respecto a las 142 mil 580 durante el mismo per\u00edodo del a\u00f1o previo.<\/p>\n<p>Se trata de la cifra m\u00e1s alta de deportaciones del ICE desde 2014, cuando 315 mil 943 personas fueron expulsadas del pa\u00eds. La mayor cantidad de deportaciones durante el primer mandato de Trump fue de 267 mil 258 en 2019.<\/p>\n<p>El incremento en los vuelos de deportaci\u00f3n, incluidos los fines de semana, y la simplificaci\u00f3n en los procedimientos de viaje para las personas enviadas a Guatemala, Honduras y El Salvador impulsaron el incremento, declar\u00f3 el ICE. <\/p>\n<p>La agencia tambi\u00e9n realiz\u00f3 su primer vuelo significativo a China en seis a\u00f1os, adem\u00e1s de realizar deportaciones a lugares como Albania, Angola, Egipto, Georgia, Ghana, Guinea, India, Mauritania, Rumania, Senegal, Tayikist\u00e1n y Uzbekist\u00e1n.<\/p>\n<p>Asimismo, la Oficina de Aduanas y Protecci\u00f3n Fronteriza de Estados Unidos (CBP, por sus siglas en ingl\u00e9s) inform\u00f3 el jueves que durante noviembre las autoridades realizaron 46.612 arrestos por cruzar ilegalmente la frontera desde M\u00e9xico, un descenso del 18% frente a los 56.526 del mes anterior y m\u00e1s del 80% por debajo del m\u00e1ximo hist\u00f3rico de 250.000 alcanzado en diciembre de 2023.<\/p>\n<p>Las detenciones se redujeron a la mitad cuando las autoridades mexicanas intensificaron las restricciones migratorias dentro de su territorio hace un a\u00f1o y cayeron nuevamente por la mitad cuando el presidente Joe Biden implemento medidas para restringir el asilo en junio. Las cifras de noviembre fueron las m\u00e1s bajas desde julio de 2020 e indican que el anticipado incremento en el flujo de migrantes tras la victoria electoral de Trump no se materializ\u00f3 de inmediato.<\/p>\n<p>Durante el per\u00edodo de 12 meses que finaliz\u00f3 el 30 de septiembre, M\u00e9xico fue el destino con m\u00e1s deportaciones (87 mil 298), seguido por Guatemala (66 mil 435) y Honduras (45 mil 923), seg\u00fan el informe. Se tiene previsto que M\u00e9xico y los pa\u00edses de Centroam\u00e9rica sigan representando el mayor n\u00famero de deportaciones, en parte porque sus gobiernos aceptan m\u00e1s f\u00e1cilmente a sus respectivos ciudadanos en comparaci\u00f3n con otros pa\u00edses, adem\u00e1s de que la log\u00edstica es m\u00e1s sencilla.<\/p>\n<p>Sin embargo, las capacidades de detenci\u00f3n y la falta de personal de ICE limitaron su alcance a medida que el n\u00famero de personas a las que daban seguimiento a trav\u00e9s de los tribunales de inmigraci\u00f3n continuaba en aumento. El n\u00famero de agentes en la unidad de aplicaci\u00f3n y expulsiones de la agencia se ha mantenido sin grandes cambios, con alrededor de 6 mil elementos, durante la \u00faltima d\u00e9cada mientras que el n\u00famero de casos que manejan pr\u00e1cticamente se ha cuadruplicado de 6,1 millones a cerca de 7.6 millones, s\u00f3lo en el \u00faltimo a\u00f1o.<\/p>\n<p>El ICE detuvo un promedio de 37 mil 700 personas al d\u00eda durante el reciente periodo de 12 meses, una cifra que depende de los fondos asignados por el Congreso. El espacio limitado de detenci\u00f3n podr\u00eda representar un obst\u00e1culo en el plan de deportaciones a gran escala de Trump, por lo que el estado de Texas le ha ofrecido al gobierno federal terrenos rurales para la instalaci\u00f3n de una zona transitoria.<\/p>\n","protected":false},"excerpt":{"rendered":"<p>Es la cifra m\u00e1s alta en una d\u00e9cada, de acuerdo con las estad\u00edsticas del Servicio de Control de Inmigraci\u00f3n y Aduanas de Estados Unidos<\/p>\n","protected":false},"author":1,"featured_media":5763,"comment_status":"closed","ping_status":"closed","sticky":false,"template":"","format":"standard","meta":{"_crdt_document":"","_jetpack_memberships_contains_paid_content":false,"footnotes":"","jetpack_publicize_message":"","jetpack_publicize_feature_enabled":true,"jetpack_social_post_already_shared":true,"jetpack_social_options":{"image_generator_settings":{"template":"highway","default_image_id":0,"font":"","enabled":false},"version":2},"_wpas_customize_per_network":false},"categories":[9],"tags":[],"class_list":["post-5762","post","type-post","status-publish","format-standard","has-post-thumbnail","hentry","category-el-mundo"],"magazineBlocksPostFeaturedMedia":{"thumbnail":"https:\/\/pornuestrolaredo.com\/wp-content\/uploads\/2024\/12\/Stereo91-20241219-7-150x150.jpeg","medium":"https:\/\/pornuestrolaredo.com\/wp-content\/uploads\/2024\/12\/Stereo91-20241219-7-300x200.jpeg","medium_large":"https:\/\/pornuestrolaredo.com\/wp-content\/uploads\/2024\/12\/Stereo91-20241219-7-768x512.jpeg","large":"https:\/\/pornuestrolaredo.com\/wp-content\/uploads\/2024\/12\/Stereo91-20241219-7.jpeg","1536x1536":"https:\/\/pornuestrolaredo.com\/wp-content\/uploads\/2024\/12\/Stereo91-20241219-7.jpeg","2048x2048":"https:\/\/pornuestrolaredo.com\/wp-content\/uploads\/2024\/12\/Stereo91-20241219-7.jpeg","morenews-large":"https:\/\/pornuestrolaredo.com\/wp-content\/uploads\/2024\/12\/Stereo91-20241219-7.jpeg","morenews-medium":"https:\/\/pornuestrolaredo.com\/wp-content\/uploads\/2024\/12\/Stereo91-20241219-7.jpeg"},"magazineBlocksPostAuthor":{"name":"Redactor","avatar":"https:\/\/pornuestrolaredo.com\/wp-content\/litespeed\/avatar\/dca1d7ec750c399f025f23b0b314f4cf.jpg?ver=1777612120"},"magazineBlocksPostCommentsNumber":false,"magazineBlocksPostExcerpt":"Es la cifra m\u00e1s alta en una d\u00e9cada, de acuerdo con las estad\u00edsticas del Servicio de Control de Inmigraci\u00f3n y Aduanas de Estados Unidos","magazineBlocksPostCategories":["El Mundo"],"magazineBlocksPostViewCount":152,"magazineBlocksPostReadTime":4,"magazine_blocks_featured_image_url":{"full":["https:\/\/pornuestrolaredo.com\/wp-content\/uploads\/2024\/12\/Stereo91-20241219-7.jpeg",850,567,false],"medium":["https:\/\/pornuestrolaredo.com\/wp-content\/uploads\/2024\/12\/Stereo91-20241219-7-300x200.jpeg",300,200,true],"thumbnail":["https:\/\/pornuestrolaredo.com\/wp-content\/uploads\/2024\/12\/Stereo91-20241219-7-150x150.jpeg",150,150,true]},"magazine_blocks_author":{"display_name":"Redactor","author_link":"https:\/\/pornuestrolaredo.com\/?author=1"},"magazine_blocks_comment":0,"magazine_blocks_author_image":"https:\/\/pornuestrolaredo.com\/wp-content\/litespeed\/avatar\/dca1d7ec750c399f025f23b0b314f4cf.jpg?ver=1777612120","magazine_blocks_category":"<a href=\"#\" class=\"category-link category-link-9\">El Mundo<\/a>","jetpack_publicize_connections":[],"featured_image_urls":{"full":["https:\/\/pornuestrolaredo.com\/wp-content\/uploads\/2024\/12\/Stereo91-20241219-7.jpeg",850,567,false],"thumbnail":["https:\/\/pornuestrolaredo.com\/wp-content\/uploads\/2024\/12\/Stereo91-20241219-7-150x150.jpeg",150,150,true],"medium":["https:\/\/pornuestrolaredo.com\/wp-content\/uploads\/2024\/12\/Stereo91-20241219-7-300x200.jpeg",300,200,true],"medium_large":["https:\/\/pornuestrolaredo.com\/wp-content\/uploads\/2024\/12\/Stereo91-20241219-7-768x512.jpeg",640,427,true],"large":["https:\/\/pornuestrolaredo.com\/wp-content\/uploads\/2024\/12\/Stereo91-20241219-7.jpeg",640,427,false],"1536x1536":["https:\/\/pornuestrolaredo.com\/wp-content\/uploads\/2024\/12\/Stereo91-20241219-7.jpeg",850,567,false],"2048x2048":["https:\/\/pornuestrolaredo.com\/wp-content\/uploads\/2024\/12\/Stereo91-20241219-7.jpeg",850,567,false],"morenews-large":["https:\/\/pornuestrolaredo.com\/wp-content\/uploads\/2024\/12\/Stereo91-20241219-7.jpeg",825,550,false],"morenews-medium":["https:\/\/pornuestrolaredo.com\/wp-content\/uploads\/2024\/12\/Stereo91-20241219-7.jpeg",590,394,false]},"author_info":{"info":["Redactor"]},"category_info":"<a href=\"https:\/\/pornuestrolaredo.com\/?cat=9\" rel=\"category\">El Mundo<\/a>","tag_info":"El Mundo","comment_count":"0","jetpack_featured_media_url":"https:\/\/pornuestrolaredo.com\/wp-content\/uploads\/2024\/12\/Stereo91-20241219-7.jpeg","jetpack_sharing_enabled":true,"_links":{"self":[{"href":"https:\/\/pornuestrolaredo.com\/index.php?rest_route=\/wp\/v2\/posts\/5762","targetHints":{"allow":["GET"]}}],"collection":[{"href":"https:\/\/pornuestrolaredo.com\/index.php?rest_route=\/wp\/v2\/posts"}],"about":[{"href":"https:\/\/pornuestrolaredo.com\/index.php?rest_route=\/wp\/v2\/types\/post"}],"author":[{"embeddable":true,"href":"https:\/\/pornuestrolaredo.com\/index.php?rest_route=\/wp\/v2\/users\/1"}],"replies":[{"embeddable":true,"href":"https:\/\/pornuestrolaredo.com\/index.php?rest_route=%2Fwp%2Fv2%2Fcomments&post=5762"}],"version-history":[{"count":1,"href":"https:\/\/pornuestrolaredo.com\/index.php?rest_route=\/wp\/v2\/posts\/5762\/revisions"}],"predecessor-version":[{"id":5764,"href":"https:\/\/pornuestrolaredo.com\/index.php?rest_route=\/wp\/v2\/posts\/5762\/revisions\/5764"}],"wp:featuredmedia":[{"embeddable":true,"href":"https:\/\/pornuestrolaredo.com\/index.php?rest_route=\/wp\/v2\/media\/5763"}],"wp:attachment":[{"href":"https:\/\/pornuestrolaredo.com\/index.php?rest_route=%2Fwp%2Fv2%2Fmedia&parent=5762"}],"wp:term":[{"taxonomy":"category","embeddable":true,"href":"https:\/\/pornuestrolaredo.com\/index.php?rest_route=%2Fwp%2Fv2%2Fcategories&post=5762"},{"taxonomy":"post_tag","embeddable":true,"href":"https:\/\/pornuestrolaredo.com\/index.php?rest_route=%2Fwp%2Fv2%2Ftags&post=5762"}],"curies":[{"name":"wp","href":"https:\/\/api.w.org\/{rel}","templated":true}]}}