{"id":5766,"date":"2024-12-21T20:54:17","date_gmt":"2024-12-21T20:54:17","guid":{"rendered":"https:\/\/pornuestrolaredo.com\/?p=5766"},"modified":"2024-12-21T20:54:17","modified_gmt":"2024-12-21T20:54:17","slug":"llego-el-invierno-a-los-dos-laredos","status":"publish","type":"post","link":"https:\/\/pornuestrolaredo.com\/?p=5766","title":{"rendered":"\u00a1Lleg\u00f3 el invierno a los dos Laredos!"},"content":{"rendered":"<p><strong>LOS DOS LAREDOS.-<\/strong> \u00a1Ya estamos en invierno!&#8230; La estaci\u00f3n m\u00e1s fr\u00eda del a\u00f1o arrib\u00f3 a los dos Laredos a las 3:20 de la madrugada de este s\u00e1bado.<\/p>\n<p>Y es que a esa hora se registr\u00f3 el Solsticio de Invierno, que es cuando en alguna parte del planeta, el Sol queda en l\u00ednea recta con el ecuador de la Tierra, seg\u00fan explic\u00f3 Instituto Nacional de Astrof\u00edsica, \u00d3ptica y Electr\u00f3nica.<\/p>\n<p>Adem\u00e1s, hoy es el d\u00eda m\u00e1s corto del a\u00f1o y la noche m\u00e1s larga. Esto sucede porque la Tierra est\u00e1 inclinada 23.5 grados respecto al Sol, lo que da lugar a los cambios de estaci\u00f3n durante el a\u00f1o. A medida que nuestro planeta gira, cambia su inclinaci\u00f3n y la luz solar pega en lugares diferentes.<\/p>\n<p>El Solsticio de Invierno tambi\u00e9n marca la culminaci\u00f3n de las noches m\u00e1s largas que los d\u00edas y a partir del domingo, comienza de nuevo a aumentar el tiempo en que habr\u00e1 luz del Sol. El INAOE explica que se le van sumando minutos d\u00eda a d\u00eda hasta el Equinoccio de Primavera, en marzo, que es cuando hay las mismas horas de luz solar y oscuridad. Hay que tomar en cuenta que este no ser\u00e1 el inicio del invierno m\u00e1s fr\u00edo, de hecho, parecer\u00e1 m\u00e1s primavera, pues los siguientes 10 d\u00edas ser\u00e1n c\u00e1lidos por la tarde y frescos por las noches y ma\u00f1anas, nada qu\u00e9 ver con el invierno.<\/p>\n","protected":false},"excerpt":{"rendered":"<p>La madrugada de este s\u00e1bado, a las 3:20, se registr\u00f3 el Solsticio de Invierno y este ser\u00e1 el d\u00eda m\u00e1s corto del a\u00f1o<\/p>\n","protected":false},"author":1,"featured_media":5767,"comment_status":"closed","ping_status":"closed","sticky":false,"template":"","format":"standard","meta":{"_crdt_document":"","_jetpack_memberships_contains_paid_content":false,"footnotes":"","jetpack_publicize_message":"","jetpack_publicize_feature_enabled":true,"jetpack_social_post_already_shared":true,"jetpack_social_options":{"image_generator_settings":{"template":"highway","default_image_id":0,"font":"","enabled":false},"version":2},"_wpas_customize_per_network":false},"categories":[4],"tags":[],"class_list":["post-5766","post","type-post","status-publish","format-standard","has-post-thumbnail","hentry","category-los-dos-laredos"],"magazineBlocksPostFeaturedMedia":{"thumbnail":"https:\/\/pornuestrolaredo.com\/wp-content\/uploads\/2024\/12\/107FM-20241221-1-150x150.jpg","medium":"https:\/\/pornuestrolaredo.com\/wp-content\/uploads\/2024\/12\/107FM-20241221-1-300x169.jpg","medium_large":"https:\/\/pornuestrolaredo.com\/wp-content\/uploads\/2024\/12\/107FM-20241221-1.jpg","large":"https:\/\/pornuestrolaredo.com\/wp-content\/uploads\/2024\/12\/107FM-20241221-1.jpg","1536x1536":"https:\/\/pornuestrolaredo.com\/wp-content\/uploads\/2024\/12\/107FM-20241221-1.jpg","2048x2048":"https:\/\/pornuestrolaredo.com\/wp-content\/uploads\/2024\/12\/107FM-20241221-1.jpg","morenews-large":"https:\/\/pornuestrolaredo.com\/wp-content\/uploads\/2024\/12\/107FM-20241221-1.jpg","morenews-medium":"https:\/\/pornuestrolaredo.com\/wp-content\/uploads\/2024\/12\/107FM-20241221-1.jpg"},"magazineBlocksPostAuthor":{"name":"Redactor","avatar":"https:\/\/pornuestrolaredo.com\/wp-content\/litespeed\/avatar\/dca1d7ec750c399f025f23b0b314f4cf.jpg?ver=1777612120"},"magazineBlocksPostCommentsNumber":false,"magazineBlocksPostExcerpt":"La madrugada de este s\u00e1bado, a las 3:20, se registr\u00f3 el Solsticio de Invierno y este ser\u00e1 el d\u00eda m\u00e1s corto del a\u00f1o","magazineBlocksPostCategories":["Los dos Laredos"],"magazineBlocksPostViewCount":181,"magazineBlocksPostReadTime":2,"magazine_blocks_featured_image_url":{"full":["https:\/\/pornuestrolaredo.com\/wp-content\/uploads\/2024\/12\/107FM-20241221-1.jpg",685,385,false],"medium":["https:\/\/pornuestrolaredo.com\/wp-content\/uploads\/2024\/12\/107FM-20241221-1-300x169.jpg",300,169,true],"thumbnail":["https:\/\/pornuestrolaredo.com\/wp-content\/uploads\/2024\/12\/107FM-20241221-1-150x150.jpg",150,150,true]},"magazine_blocks_author":{"display_name":"Redactor","author_link":"https:\/\/pornuestrolaredo.com\/?author=1"},"magazine_blocks_comment":0,"magazine_blocks_author_image":"https:\/\/pornuestrolaredo.com\/wp-content\/litespeed\/avatar\/dca1d7ec750c399f025f23b0b314f4cf.jpg?ver=1777612120","magazine_blocks_category":"<a href=\"#\" class=\"category-link category-link-4\">Los dos Laredos<\/a>","jetpack_publicize_connections":[],"featured_image_urls":{"full":["https:\/\/pornuestrolaredo.com\/wp-content\/uploads\/2024\/12\/107FM-20241221-1.jpg",685,385,false],"thumbnail":["https:\/\/pornuestrolaredo.com\/wp-content\/uploads\/2024\/12\/107FM-20241221-1-150x150.jpg",150,150,true],"medium":["https:\/\/pornuestrolaredo.com\/wp-content\/uploads\/2024\/12\/107FM-20241221-1-300x169.jpg",300,169,true],"medium_large":["https:\/\/pornuestrolaredo.com\/wp-content\/uploads\/2024\/12\/107FM-20241221-1.jpg",640,360,false],"large":["https:\/\/pornuestrolaredo.com\/wp-content\/uploads\/2024\/12\/107FM-20241221-1.jpg",640,360,false],"1536x1536":["https:\/\/pornuestrolaredo.com\/wp-content\/uploads\/2024\/12\/107FM-20241221-1.jpg",685,385,false],"2048x2048":["https:\/\/pornuestrolaredo.com\/wp-content\/uploads\/2024\/12\/107FM-20241221-1.jpg",685,385,false],"morenews-large":["https:\/\/pornuestrolaredo.com\/wp-content\/uploads\/2024\/12\/107FM-20241221-1.jpg",685,385,false],"morenews-medium":["https:\/\/pornuestrolaredo.com\/wp-content\/uploads\/2024\/12\/107FM-20241221-1.jpg",590,332,false]},"author_info":{"info":["Redactor"]},"category_info":"<a href=\"https:\/\/pornuestrolaredo.com\/?cat=4\" rel=\"category\">Los dos Laredos<\/a>","tag_info":"Los dos Laredos","comment_count":"0","jetpack_featured_media_url":"https:\/\/pornuestrolaredo.com\/wp-content\/uploads\/2024\/12\/107FM-20241221-1.jpg","jetpack_sharing_enabled":true,"_links":{"self":[{"href":"https:\/\/pornuestrolaredo.com\/index.php?rest_route=\/wp\/v2\/posts\/5766","targetHints":{"allow":["GET"]}}],"collection":[{"href":"https:\/\/pornuestrolaredo.com\/index.php?rest_route=\/wp\/v2\/posts"}],"about":[{"href":"https:\/\/pornuestrolaredo.com\/index.php?rest_route=\/wp\/v2\/types\/post"}],"author":[{"embeddable":true,"href":"https:\/\/pornuestrolaredo.com\/index.php?rest_route=\/wp\/v2\/users\/1"}],"replies":[{"embeddable":true,"href":"https:\/\/pornuestrolaredo.com\/index.php?rest_route=%2Fwp%2Fv2%2Fcomments&post=5766"}],"version-history":[{"count":1,"href":"https:\/\/pornuestrolaredo.com\/index.php?rest_route=\/wp\/v2\/posts\/5766\/revisions"}],"predecessor-version":[{"id":5768,"href":"https:\/\/pornuestrolaredo.com\/index.php?rest_route=\/wp\/v2\/posts\/5766\/revisions\/5768"}],"wp:featuredmedia":[{"embeddable":true,"href":"https:\/\/pornuestrolaredo.com\/index.php?rest_route=\/wp\/v2\/media\/5767"}],"wp:attachment":[{"href":"https:\/\/pornuestrolaredo.com\/index.php?rest_route=%2Fwp%2Fv2%2Fmedia&parent=5766"}],"wp:term":[{"taxonomy":"category","embeddable":true,"href":"https:\/\/pornuestrolaredo.com\/index.php?rest_route=%2Fwp%2Fv2%2Fcategories&post=5766"},{"taxonomy":"post_tag","embeddable":true,"href":"https:\/\/pornuestrolaredo.com\/index.php?rest_route=%2Fwp%2Fv2%2Ftags&post=5766"}],"curies":[{"name":"wp","href":"https:\/\/api.w.org\/{rel}","templated":true}]}}