{"id":577,"date":"2022-10-13T05:28:19","date_gmt":"2022-10-13T05:28:19","guid":{"rendered":"https:\/\/pornuestrolaredo.com\/?p=577"},"modified":"2022-10-13T05:28:19","modified_gmt":"2022-10-13T05:28:19","slug":"aumentaran-hoy-pensiones-a-jubilados-de-eu","status":"publish","type":"post","link":"https:\/\/pornuestrolaredo.com\/?p=577","title":{"rendered":"Aumentar\u00e1n hoy pensiones a jubilados de EU"},"content":{"rendered":"\n<p class=\"wp-block-paragraph\"><strong><em>NUEVA YORK.- <\/em><\/strong>Decenas de millones de jubilados estadounidenses est\u00e1n a punto de recibir el que probablemente ser\u00e1 el aumento m\u00e1s grande de sus vidas.<\/p>\n\n\n\n<p class=\"wp-block-paragraph\">Este jueves el gobierno anunciar\u00e1 cu\u00e1nto aumentar\u00e1 la jubilaci\u00f3n tras hacerse el ajuste anual a la inflaci\u00f3n. Ser\u00e1 sin duda el incremento m\u00e1s grande en cuatro d\u00e9cadas.<\/p>\n\n\n\n<p class=\"wp-block-paragraph\">Abundan las pol\u00e9micas acerca de este paso, conocido como COLA, por sus siglas en ingl\u00e9s (que aluden a Cost of Living Adjustment, o ajuste al costo de la vida). Hay quienes dicen que los datos que usa el gobierno para decidir los aumentos no reflejan lo que gastan realmente las personas mayores ni el impacto de la inflaci\u00f3n en sus vidas. Adem\u00e1s, el aumento abarca a todo el mundo, sin tomar en cuenta d\u00f3nde vive la gente ni los recursos de qu\u00e9 dispone.<\/p>\n\n\n\n<p class=\"has-text-align-center wp-block-paragraph\"><strong>\u00bfPOR QU\u00c9 TANTO REVUELO?<\/strong><\/p>\n\n\n\n<p class=\"wp-block-paragraph\">Porque el anuncio determinar\u00e1 lo que percibir\u00e1n los m\u00e1s de 65 millones de personas que cobran la jubilaci\u00f3n del estado. Algunos estimados hablan de un aumento en torno al 9%.<\/p>\n\n\n\n<p class=\"has-text-align-center wp-block-paragraph\"><strong>\u00bfSER\u00c1 EL INCREMENTO M\u00c1S GRANDE DE LA HISTORIA?<\/strong><\/p>\n\n\n\n<p class=\"wp-block-paragraph\">No, pero s\u00ed el m\u00e1s grande en 40 a\u00f1os. En 1981 fue del 11.2%. Sin embargo, la mayor\u00eda de los jubilados de ahora no lo eran en esa \u00e9poca.<\/p>\n\n\n\n<p class=\"has-text-align-center wp-block-paragraph\"><strong>\u00bfCU\u00c1NDO ENTRAR\u00c1N EN VIGOR LOS AUMENTOS?<\/strong><\/p>\n\n\n\n<p class=\"wp-block-paragraph\">En enero. Y ser\u00e1n permanentes. No hay marcha atr\u00e1s. Los aumentos del a\u00f1o que viene ser\u00e1n en base a estas cifras nuevas. El aumento del a\u00f1o pasado, del 5,9%, tambi\u00e9n hab\u00eda sido el m\u00e1s grande en cuatro d\u00e9cadas.<\/p>\n\n\n\n<p class=\"has-text-align-center wp-block-paragraph\"><strong>\u00bfCU\u00c1L ES EL INCREMENTO PROMEDIO?<\/strong><\/p>\n\n\n\n<p class=\"wp-block-paragraph\">Desde el a\u00f1o 2000, fue de un 2.3%, ya que la inflaci\u00f3n se mantuvo incre\u00edblemente baja durante varios ciclos econ\u00f3micos. De hecho, a partir de la crisis financiera del 2008, en tres a\u00f1os no hubo aumentos porque la inflaci\u00f3n fue m\u00ednima.<\/p>\n\n\n\n<p class=\"has-text-align-center wp-block-paragraph\"><strong>\u00bfC\u00d3MO SE FIJA EL INCREMENTO?<\/strong><\/p>\n\n\n\n<p class=\"wp-block-paragraph\">En base al CPI-W, un \u00edndice que refleja los cambios en los precios de una canasta b\u00e1sica de productos y servicios adquiridos por los trabajadores en activo, no los jubilados. Ese \u00edndice, sin embargo, no es el m\u00e1s seguido por los entendidos. El m\u00e1s seguido es el CPI-U, el \u00cdndice del Consumidor-Consumidores Urbanos, que abarca a todos los consumidores urbanos. Cubre al 93% de la poblaci\u00f3n, mientras que el CPI-W abarca al 29%.<\/p>\n\n\n\n<p class=\"wp-block-paragraph\">Por a\u00f1os muchos expertos han estado diciendo que el Seguro Social deber\u00eda hacer sus ajustes en base a mediciones de los gastos de las personas de edad avanzada, no de la poblaci\u00f3n en general.<\/p>\n\n\n\n<p class=\"wp-block-paragraph\">Se supone que otro \u00edndice experimental, el CPI-E, refleja mejor los gastos de las personas de 62 a\u00f1os para arriba. Hist\u00f3ricamente revela que las personas mayores sufren tasas de inflaci\u00f3n m\u00e1s altas que las del CPI-U y el CPI-W. Aunque \u00faltimamente el CPI-E detect\u00f3 una inflaci\u00f3n levemente m\u00e1s baja que la del CPI-W y el CPI-U.<\/p>\n\n\n\n<p class=\"has-text-align-center wp-block-paragraph\"><strong>\u00bfPOR QU\u00c9 NO SE USAN OTROS \u00cdNDICES?<\/strong><\/p>\n\n\n\n<p class=\"wp-block-paragraph\">El CPI-E toma en cuenta menos gente y el gobierno teme que no sea demasiado preciso. Al margen de eso, si emplease un \u00edndice que detecta una inflaci\u00f3n m\u00e1s alta, tendr\u00eda que aumentar los incrementos anuales y se acabar\u00eda m\u00e1s r\u00e1pido la reserva del Seguro Social, que, al paso actual, durar\u00e1 poco m\u00e1s de una d\u00e9cada. Si no se toman medidas, a partir del 2035 habr\u00eda fondos para cubrir el 80% del monto que le corresponde a un jubilado.<\/p>\n\n\n\n<p class=\"has-text-align-center wp-block-paragraph\"><strong>\u00bfQU\u00c9 PASA SI HAY UNA RECESI\u00d3N?<\/strong><\/p>\n\n\n\n<p class=\"wp-block-paragraph\">El peligro de una recesi\u00f3n aumenta con cada d\u00eda que pasa, pero muchos economistas pronostican que la inflaci\u00f3n bajar\u00e1 cuando se empiece a sentir el el impacto del incremento en las tasas de inter\u00e9s y mejoren las cadenas de abastecimiento.<\/p>\n\n\n\n<p class=\"wp-block-paragraph\">El Deutsche Bank, por ejemplo, estima que la inflaci\u00f3n, que en agosto baj\u00f3 del 8.2% al 7.2%, continuar\u00e1 disminuyendo en los \u00faltimos tres meses del a\u00f1o y que en el segundo trimestre del 2023 ser\u00e1 del 3.9%. Esto es clave para los jubilados porque implicar\u00eda que el incremento que empezar\u00e1n a cobrar a partir de enero ser\u00e1 m\u00e1s alto que la inflaci\u00f3n de entonces. Ello ayudar\u00eda a compensar las p\u00e9rdidas sufridas en el 2022, en que el aumento de enero no estuvo a la altura de la inflaci\u00f3n que hubo este a\u00f1o.<\/p>\n","protected":false},"excerpt":{"rendered":"<p>NUEVA YORK.- Decenas de millones de jubilados estadounidenses est\u00e1n a punto de recibir el que probablemente ser\u00e1 el<\/p>\n","protected":false},"author":1,"featured_media":578,"comment_status":"open","ping_status":"open","sticky":false,"template":"","format":"standard","meta":{"_crdt_document":"","_jetpack_memberships_contains_paid_content":false,"footnotes":"","jetpack_publicize_message":"Podr\u00eda ser de 9%, el m\u00e1s grande que han recibido los adultos mayores en esta \u00e9poca, pues el mayor de la historia fue hace 40 a\u00f1os","jetpack_publicize_feature_enabled":true,"jetpack_social_post_already_shared":true,"jetpack_social_options":{"image_generator_settings":{"template":"highway","default_image_id":0,"font":"","enabled":false},"version":2},"_wpas_customize_per_network":false},"categories":[9],"tags":[],"class_list":["post-577","post","type-post","status-publish","format-standard","has-post-thumbnail","hentry","category-el-mundo"],"magazineBlocksPostFeaturedMedia":{"thumbnail":"https:\/\/pornuestrolaredo.com\/wp-content\/uploads\/2022\/10\/Stereo91-20221012-7-150x150.jpeg","medium":"https:\/\/pornuestrolaredo.com\/wp-content\/uploads\/2022\/10\/Stereo91-20221012-7-300x200.jpeg","medium_large":"https:\/\/pornuestrolaredo.com\/wp-content\/uploads\/2022\/10\/Stereo91-20221012-7-768x512.jpeg","large":"https:\/\/pornuestrolaredo.com\/wp-content\/uploads\/2022\/10\/Stereo91-20221012-7.jpeg","1536x1536":"https:\/\/pornuestrolaredo.com\/wp-content\/uploads\/2022\/10\/Stereo91-20221012-7.jpeg","2048x2048":"https:\/\/pornuestrolaredo.com\/wp-content\/uploads\/2022\/10\/Stereo91-20221012-7.jpeg","morenews-large":"https:\/\/pornuestrolaredo.com\/wp-content\/uploads\/2022\/10\/Stereo91-20221012-7.jpeg","morenews-medium":"https:\/\/pornuestrolaredo.com\/wp-content\/uploads\/2022\/10\/Stereo91-20221012-7.jpeg"},"magazineBlocksPostAuthor":{"name":"Redactor","avatar":"https:\/\/pornuestrolaredo.com\/wp-content\/litespeed\/avatar\/dca1d7ec750c399f025f23b0b314f4cf.jpg?ver=1777612120"},"magazineBlocksPostCommentsNumber":false,"magazineBlocksPostExcerpt":"NUEVA YORK.- Decenas de millones de jubilados estadounidenses est\u00e1n a punto de recibir el que probablemente ser\u00e1 el","magazineBlocksPostCategories":["El Mundo"],"magazineBlocksPostViewCount":105,"magazineBlocksPostReadTime":4,"magazine_blocks_featured_image_url":{"full":["https:\/\/pornuestrolaredo.com\/wp-content\/uploads\/2022\/10\/Stereo91-20221012-7.jpeg",1000,667,false],"medium":["https:\/\/pornuestrolaredo.com\/wp-content\/uploads\/2022\/10\/Stereo91-20221012-7-300x200.jpeg",300,200,true],"thumbnail":["https:\/\/pornuestrolaredo.com\/wp-content\/uploads\/2022\/10\/Stereo91-20221012-7-150x150.jpeg",150,150,true]},"magazine_blocks_author":{"display_name":"Redactor","author_link":"https:\/\/pornuestrolaredo.com\/?author=1"},"magazine_blocks_comment":0,"magazine_blocks_author_image":"https:\/\/pornuestrolaredo.com\/wp-content\/litespeed\/avatar\/dca1d7ec750c399f025f23b0b314f4cf.jpg?ver=1777612120","magazine_blocks_category":"<a href=\"#\" class=\"category-link category-link-9\">El Mundo<\/a>","jetpack_publicize_connections":[],"featured_image_urls":{"full":["https:\/\/pornuestrolaredo.com\/wp-content\/uploads\/2022\/10\/Stereo91-20221012-7.jpeg",1000,667,false],"thumbnail":["https:\/\/pornuestrolaredo.com\/wp-content\/uploads\/2022\/10\/Stereo91-20221012-7-150x150.jpeg",150,150,true],"medium":["https:\/\/pornuestrolaredo.com\/wp-content\/uploads\/2022\/10\/Stereo91-20221012-7-300x200.jpeg",300,200,true],"medium_large":["https:\/\/pornuestrolaredo.com\/wp-content\/uploads\/2022\/10\/Stereo91-20221012-7-768x512.jpeg",640,427,true],"large":["https:\/\/pornuestrolaredo.com\/wp-content\/uploads\/2022\/10\/Stereo91-20221012-7.jpeg",640,427,false],"1536x1536":["https:\/\/pornuestrolaredo.com\/wp-content\/uploads\/2022\/10\/Stereo91-20221012-7.jpeg",1000,667,false],"2048x2048":["https:\/\/pornuestrolaredo.com\/wp-content\/uploads\/2022\/10\/Stereo91-20221012-7.jpeg",1000,667,false],"morenews-large":["https:\/\/pornuestrolaredo.com\/wp-content\/uploads\/2022\/10\/Stereo91-20221012-7.jpeg",825,550,false],"morenews-medium":["https:\/\/pornuestrolaredo.com\/wp-content\/uploads\/2022\/10\/Stereo91-20221012-7.jpeg",590,394,false]},"author_info":{"info":["Redactor"]},"category_info":"<a href=\"https:\/\/pornuestrolaredo.com\/?cat=9\" rel=\"category\">El Mundo<\/a>","tag_info":"El Mundo","comment_count":"0","jetpack_featured_media_url":"https:\/\/pornuestrolaredo.com\/wp-content\/uploads\/2022\/10\/Stereo91-20221012-7.jpeg","jetpack_sharing_enabled":true,"_links":{"self":[{"href":"https:\/\/pornuestrolaredo.com\/index.php?rest_route=\/wp\/v2\/posts\/577","targetHints":{"allow":["GET"]}}],"collection":[{"href":"https:\/\/pornuestrolaredo.com\/index.php?rest_route=\/wp\/v2\/posts"}],"about":[{"href":"https:\/\/pornuestrolaredo.com\/index.php?rest_route=\/wp\/v2\/types\/post"}],"author":[{"embeddable":true,"href":"https:\/\/pornuestrolaredo.com\/index.php?rest_route=\/wp\/v2\/users\/1"}],"replies":[{"embeddable":true,"href":"https:\/\/pornuestrolaredo.com\/index.php?rest_route=%2Fwp%2Fv2%2Fcomments&post=577"}],"version-history":[{"count":1,"href":"https:\/\/pornuestrolaredo.com\/index.php?rest_route=\/wp\/v2\/posts\/577\/revisions"}],"predecessor-version":[{"id":579,"href":"https:\/\/pornuestrolaredo.com\/index.php?rest_route=\/wp\/v2\/posts\/577\/revisions\/579"}],"wp:featuredmedia":[{"embeddable":true,"href":"https:\/\/pornuestrolaredo.com\/index.php?rest_route=\/wp\/v2\/media\/578"}],"wp:attachment":[{"href":"https:\/\/pornuestrolaredo.com\/index.php?rest_route=%2Fwp%2Fv2%2Fmedia&parent=577"}],"wp:term":[{"taxonomy":"category","embeddable":true,"href":"https:\/\/pornuestrolaredo.com\/index.php?rest_route=%2Fwp%2Fv2%2Fcategories&post=577"},{"taxonomy":"post_tag","embeddable":true,"href":"https:\/\/pornuestrolaredo.com\/index.php?rest_route=%2Fwp%2Fv2%2Ftags&post=577"}],"curies":[{"name":"wp","href":"https:\/\/api.w.org\/{rel}","templated":true}]}}