{"id":5779,"date":"2024-12-25T21:44:00","date_gmt":"2024-12-25T21:44:00","guid":{"rendered":"https:\/\/pornuestrolaredo.com\/?p=5779"},"modified":"2024-12-25T21:44:00","modified_gmt":"2024-12-25T21:44:00","slug":"fallece-la-cantante-dulce-tenia-69-anos","status":"publish","type":"post","link":"https:\/\/pornuestrolaredo.com\/?p=5779","title":{"rendered":"Fallece la cantante Dulce; ten\u00eda 69 a\u00f1os"},"content":{"rendered":"<p><strong><em>CIUDAD DE M\u00c9XICO.-<\/em><\/strong> La cantante Dulce, conocida por \u00e9xitos como &#8220;T\u00fa Mu\u00f1eca&#8221; y &#8220;D\u00e9jame Volver Contigo&#8221;, muri\u00f3 este martes a los 69 a\u00f1os tras enfrentar complicaciones pulmonares que la mantuvieron hospitalizada durante semanas.<\/p>\n<p>La noticia fue confirmada por su hermana, Isabel Noeggerath, quien comparti\u00f3 un emotivo mensaje de despedida a trav\u00e9s de redes sociales.<\/p>\n<blockquote><p>Hermana, ya est\u00e1s con nuestra mam\u00e1 en el cielo cant\u00e1ndole, te voy a extra\u00f1ar, descansa en paz, te amo&#8221;, escribi\u00f3 en Facebook.<\/p><\/blockquote>\n<p>La int\u00e9rprete de &#8220;T\u00fa Mu\u00f1eca&#8221; fue sometida a inicios del mes a una operaci\u00f3n de decorticaci\u00f3n pleuropulmonar, seg\u00fan inform\u00f3 su equipo en un comunicado.<\/p>\n<p>Dulce hab\u00eda enfrentado serios problemas de salud en los \u00faltimos meses. En abril de este a\u00f1o, se le extirp\u00f3 un ri\u00f1\u00f3n tras ser diagnosticada con un tumor maligno, lo que la mantuvo alejada de los escenarios durante un tiempo.<\/p>\n<p>Nacida el 29 de julio de 1955 en Matamoros, Tamaulipas, Bertha Elisa Noeggerath C\u00e1rdenas se destac\u00f3 como una de las voces m\u00e1s queridas de la m\u00fasica mexicana, particularmente en los g\u00e9neros de balada y pop latino.<\/p>\n<p>Dulce dej\u00f3 su hogar para estudiar psicolog\u00eda en Monterrey; sin embargo, fue ah\u00ed donde comenz\u00f3 su camino en la m\u00fasica, debutando con la banda Toby y sus Amigos en 1974.<\/p>\n<p>El destino la llev\u00f3 a encontrarse con Jos\u00e9 Jos\u00e9, quien la descubri\u00f3 en un bar donde se presentaba y le ofreci\u00f3 ayudarla a conseguir una compa\u00f1\u00eda disquera.  Este momento marc\u00f3 el inicio de una etapa como solista en la Ciudad de M\u00e9xico, consolid\u00e1ndola como una de las voces m\u00e1s destacadas de los a\u00f1os 70 y 80.<\/p>\n<p>Dej\u00f3 una huella imborrable con \u00e9xitos como &#8220;Tu Mu\u00f1eca&#8221;, &#8220;D\u00e9jame Volver Contigo&#8221;, &#8220;Amor en Silencio&#8221;, &#8220;Soy una Dama&#8221;, &#8220;P\u00e1jaro Herido&#8221;, &#8220;Lobo&#8221;, &#8220;Heridas&#8221;, y &#8220;A\u00fan Lo Amo&#8221;, canciones que contin\u00faan siendo parte del repertorio musical en M\u00e9xico.<\/p>\n<p>Adem\u00e1s de su impacto musical, Dulce explor\u00f3 otros \u00e1mbitos del entretenimiento, participando en telenovelas como So\u00f1adoras y Muchachitas Como T\u00fa. Tambi\u00e9n destac\u00f3 en realities como La Academia: Bicentenario y Siempre Reinas, donde demostr\u00f3 su carisma y autenticidad.<\/p>\n","protected":false},"excerpt":{"rendered":"<p>Enfrent\u00f3 serios problemas de salud en los \u00faltimos meses. En abril de este a\u00f1o, se le extirp\u00f3 un ri\u00f1\u00f3n tras ser diagnosticada con un tumor maligno<\/p>\n","protected":false},"author":1,"featured_media":5780,"comment_status":"closed","ping_status":"closed","sticky":false,"template":"","format":"standard","meta":{"_crdt_document":"","_jetpack_memberships_contains_paid_content":false,"footnotes":"","jetpack_publicize_message":"","jetpack_publicize_feature_enabled":true,"jetpack_social_post_already_shared":true,"jetpack_social_options":{"image_generator_settings":{"template":"highway","default_image_id":0,"font":"","enabled":false},"version":2},"_wpas_customize_per_network":false},"categories":[34],"tags":[],"class_list":["post-5779","post","type-post","status-publish","format-standard","has-post-thumbnail","hentry","category-farandula"],"magazineBlocksPostFeaturedMedia":{"thumbnail":"https:\/\/pornuestrolaredo.com\/wp-content\/uploads\/2024\/12\/107FM-20241225-5-150x150.jpg","medium":"https:\/\/pornuestrolaredo.com\/wp-content\/uploads\/2024\/12\/107FM-20241225-5-300x159.jpg","medium_large":"https:\/\/pornuestrolaredo.com\/wp-content\/uploads\/2024\/12\/107FM-20241225-5-768x407.jpg","large":"https:\/\/pornuestrolaredo.com\/wp-content\/uploads\/2024\/12\/107FM-20241225-5-1000x529.jpg","1536x1536":"https:\/\/pornuestrolaredo.com\/wp-content\/uploads\/2024\/12\/107FM-20241225-5.jpg","2048x2048":"https:\/\/pornuestrolaredo.com\/wp-content\/uploads\/2024\/12\/107FM-20241225-5.jpg","morenews-large":"https:\/\/pornuestrolaredo.com\/wp-content\/uploads\/2024\/12\/107FM-20241225-5.jpg","morenews-medium":"https:\/\/pornuestrolaredo.com\/wp-content\/uploads\/2024\/12\/107FM-20241225-5.jpg"},"magazineBlocksPostAuthor":{"name":"Redactor","avatar":"https:\/\/pornuestrolaredo.com\/wp-content\/litespeed\/avatar\/dca1d7ec750c399f025f23b0b314f4cf.jpg?ver=1777612120"},"magazineBlocksPostCommentsNumber":false,"magazineBlocksPostExcerpt":"Enfrent\u00f3 serios problemas de salud en los \u00faltimos meses. En abril de este a\u00f1o, se le extirp\u00f3 un ri\u00f1\u00f3n tras ser diagnosticada con un tumor maligno","magazineBlocksPostCategories":["Far\u00e1ndula"],"magazineBlocksPostViewCount":152,"magazineBlocksPostReadTime":2,"magazine_blocks_featured_image_url":{"full":["https:\/\/pornuestrolaredo.com\/wp-content\/uploads\/2024\/12\/107FM-20241225-5.jpg",1275,675,false],"medium":["https:\/\/pornuestrolaredo.com\/wp-content\/uploads\/2024\/12\/107FM-20241225-5-300x159.jpg",300,159,true],"thumbnail":["https:\/\/pornuestrolaredo.com\/wp-content\/uploads\/2024\/12\/107FM-20241225-5-150x150.jpg",150,150,true]},"magazine_blocks_author":{"display_name":"Redactor","author_link":"https:\/\/pornuestrolaredo.com\/?author=1"},"magazine_blocks_comment":0,"magazine_blocks_author_image":"https:\/\/pornuestrolaredo.com\/wp-content\/litespeed\/avatar\/dca1d7ec750c399f025f23b0b314f4cf.jpg?ver=1777612120","magazine_blocks_category":"<a href=\"#\" class=\"category-link category-link-34\">Far\u00e1ndula<\/a>","jetpack_publicize_connections":[],"featured_image_urls":{"full":["https:\/\/pornuestrolaredo.com\/wp-content\/uploads\/2024\/12\/107FM-20241225-5.jpg",1275,675,false],"thumbnail":["https:\/\/pornuestrolaredo.com\/wp-content\/uploads\/2024\/12\/107FM-20241225-5-150x150.jpg",150,150,true],"medium":["https:\/\/pornuestrolaredo.com\/wp-content\/uploads\/2024\/12\/107FM-20241225-5-300x159.jpg",300,159,true],"medium_large":["https:\/\/pornuestrolaredo.com\/wp-content\/uploads\/2024\/12\/107FM-20241225-5-768x407.jpg",640,339,true],"large":["https:\/\/pornuestrolaredo.com\/wp-content\/uploads\/2024\/12\/107FM-20241225-5-1000x529.jpg",640,339,true],"1536x1536":["https:\/\/pornuestrolaredo.com\/wp-content\/uploads\/2024\/12\/107FM-20241225-5.jpg",1275,675,false],"2048x2048":["https:\/\/pornuestrolaredo.com\/wp-content\/uploads\/2024\/12\/107FM-20241225-5.jpg",1275,675,false],"morenews-large":["https:\/\/pornuestrolaredo.com\/wp-content\/uploads\/2024\/12\/107FM-20241225-5.jpg",825,437,false],"morenews-medium":["https:\/\/pornuestrolaredo.com\/wp-content\/uploads\/2024\/12\/107FM-20241225-5.jpg",590,312,false]},"author_info":{"info":["Redactor"]},"category_info":"<a href=\"https:\/\/pornuestrolaredo.com\/?cat=34\" rel=\"category\">Far\u00e1ndula<\/a>","tag_info":"Far\u00e1ndula","comment_count":"0","jetpack_featured_media_url":"https:\/\/pornuestrolaredo.com\/wp-content\/uploads\/2024\/12\/107FM-20241225-5.jpg","jetpack_sharing_enabled":true,"_links":{"self":[{"href":"https:\/\/pornuestrolaredo.com\/index.php?rest_route=\/wp\/v2\/posts\/5779","targetHints":{"allow":["GET"]}}],"collection":[{"href":"https:\/\/pornuestrolaredo.com\/index.php?rest_route=\/wp\/v2\/posts"}],"about":[{"href":"https:\/\/pornuestrolaredo.com\/index.php?rest_route=\/wp\/v2\/types\/post"}],"author":[{"embeddable":true,"href":"https:\/\/pornuestrolaredo.com\/index.php?rest_route=\/wp\/v2\/users\/1"}],"replies":[{"embeddable":true,"href":"https:\/\/pornuestrolaredo.com\/index.php?rest_route=%2Fwp%2Fv2%2Fcomments&post=5779"}],"version-history":[{"count":1,"href":"https:\/\/pornuestrolaredo.com\/index.php?rest_route=\/wp\/v2\/posts\/5779\/revisions"}],"predecessor-version":[{"id":5781,"href":"https:\/\/pornuestrolaredo.com\/index.php?rest_route=\/wp\/v2\/posts\/5779\/revisions\/5781"}],"wp:featuredmedia":[{"embeddable":true,"href":"https:\/\/pornuestrolaredo.com\/index.php?rest_route=\/wp\/v2\/media\/5780"}],"wp:attachment":[{"href":"https:\/\/pornuestrolaredo.com\/index.php?rest_route=%2Fwp%2Fv2%2Fmedia&parent=5779"}],"wp:term":[{"taxonomy":"category","embeddable":true,"href":"https:\/\/pornuestrolaredo.com\/index.php?rest_route=%2Fwp%2Fv2%2Fcategories&post=5779"},{"taxonomy":"post_tag","embeddable":true,"href":"https:\/\/pornuestrolaredo.com\/index.php?rest_route=%2Fwp%2Fv2%2Ftags&post=5779"}],"curies":[{"name":"wp","href":"https:\/\/api.w.org\/{rel}","templated":true}]}}