{"id":5785,"date":"2024-12-26T21:13:07","date_gmt":"2024-12-26T21:13:07","guid":{"rendered":"https:\/\/pornuestrolaredo.com\/?p=5785"},"modified":"2024-12-26T21:18:30","modified_gmt":"2024-12-26T21:18:30","slug":"preparan-el-tradicional-festival-del-dia-de-reyes-magos","status":"publish","type":"post","link":"https:\/\/pornuestrolaredo.com\/?p=5785","title":{"rendered":"Preparan el tradicional Festival del D\u00eda de Reyes Magos"},"content":{"rendered":"<p><strong><em>NUEVO LAREDO.- <\/em><\/strong>Beto y sus amigos, Bluey y Bingo, Luli Pamp\u00edn y Circo Digital, entre muchos otros, amenizar\u00e1n el ya tradicional Festival del D\u00eda de Reyes Magos que se realizar\u00e1 el 6 de enero.<\/p>\n<p>Este festival es oganizado por el Sistema para el Desarrollo Integral de la Familia de Nuevo Laredo en conjunto con el Gobierno Municipal y comenzar\u00e1 a las 11 de la ma\u00f1ana en el Polyf\u00f3rum La Fe. <\/p>\n<p>La presidenta municipal Carmen Lilia Canturosas invit\u00f3 a las familias a participar y disfrutar de este gran evento familiar.<\/p>\n<blockquote><p>Queremos que todas las familias acudan, es un gran evento para los peque\u00f1ines, habr\u00e1 regalos, m\u00fasica, juegos, diversi\u00f3n, ese es el compromiso de este gobierno municipal con la ni\u00f1ez, apoyarlos, darles oportunidades y opciones sanas de esparcimiento, queremos que sea un d\u00eda inolvidable\u201d, destac\u00f3 Canturosas. <\/p><\/blockquote>\n<p>Para acceder  al evento, las personas deber\u00e1n de presentar su boleto, los cuales  se entregar\u00e1n de manera gratuita el viernes 3 de enero desde las 10 de la ma\u00f1ana en las instalaciones del DIF Central, ubicado en H\u00e9roe de Nacataz No. 2244, Fraccionamiento Ojo Caliente. <\/p>\n<p>Para el evento se entregar\u00e1n un m\u00e1ximo de 4  boletos por familia, con los que adem\u00e1s los menores de edad podr\u00e1n participar en la rifa de regalos. <\/p>\n<p>La presidenta del DIF, Claudette Canturosas Villarreal, inform\u00f3 que se est\u00e1n preparando  muchas sorpresas  para consentir a ni\u00f1as, ni\u00f1os y sus familias, asegurando que este D\u00eda de Reyes sea una experiencia inolvidable llena de emoci\u00f3n y sorpresas.<\/p>\n<blockquote><p>Los esperamos  para celebrar juntos el D\u00eda de Reyes Magos, este evento est\u00e1 preparado con mucho amor para las familias de Nuevo Laredo\u201d.<\/p><\/blockquote>\n<p>Adem\u00e1s de los espect\u00e1culos en vivo, el festival ofrecer\u00e1 actividades y sorpresas adicionales, incluyendo rifas de regalos como bicicletas y patinetas, entrega de bolsitas de dulces en la entrada, porciones de Rosca de Reyes para los adultos, un set fotogr\u00e1fico con los Reyes Magos y muchas sorpresas m\u00e1s.<\/p>\n<p>Las puertas del recinto se abrir\u00e1n a partir de las 10:00  de la ma\u00f1ana para recibir a las familias asistentes.<\/p>\n<p>El DIF de Nuevo Laredo reafirma su compromiso de promover la convivencia familiar y fortalecer los lazos a trav\u00e9s de eventos inclusivos y llenos de alegr\u00eda.<\/p>\n","protected":false},"excerpt":{"rendered":"<p>Se realizar\u00e1 el el 6 de enero, a partir de las 11:00 de la ma\u00f1ana, en el Polyf\u00f3rum La Fe<\/p>\n","protected":false},"author":1,"featured_media":5788,"comment_status":"closed","ping_status":"closed","sticky":false,"template":"","format":"standard","meta":{"_crdt_document":"","_jetpack_memberships_contains_paid_content":false,"footnotes":"","jetpack_publicize_message":"","jetpack_publicize_feature_enabled":true,"jetpack_social_post_already_shared":true,"jetpack_social_options":{"image_generator_settings":{"template":"highway","default_image_id":0,"font":"","enabled":false},"version":2},"_wpas_customize_per_network":false},"categories":[4],"tags":[],"class_list":["post-5785","post","type-post","status-publish","format-standard","has-post-thumbnail","hentry","category-los-dos-laredos"],"magazineBlocksPostFeaturedMedia":{"thumbnail":"https:\/\/pornuestrolaredo.com\/wp-content\/uploads\/2024\/12\/SAtereo91-20241226-2-1-150x150.jpeg","medium":"https:\/\/pornuestrolaredo.com\/wp-content\/uploads\/2024\/12\/SAtereo91-20241226-2-1-300x169.jpeg","medium_large":"https:\/\/pornuestrolaredo.com\/wp-content\/uploads\/2024\/12\/SAtereo91-20241226-2-1-768x432.jpeg","large":"https:\/\/pornuestrolaredo.com\/wp-content\/uploads\/2024\/12\/SAtereo91-20241226-2-1.jpeg","1536x1536":"https:\/\/pornuestrolaredo.com\/wp-content\/uploads\/2024\/12\/SAtereo91-20241226-2-1.jpeg","2048x2048":"https:\/\/pornuestrolaredo.com\/wp-content\/uploads\/2024\/12\/SAtereo91-20241226-2-1.jpeg","morenews-large":"https:\/\/pornuestrolaredo.com\/wp-content\/uploads\/2024\/12\/SAtereo91-20241226-2-1.jpeg","morenews-medium":"https:\/\/pornuestrolaredo.com\/wp-content\/uploads\/2024\/12\/SAtereo91-20241226-2-1.jpeg"},"magazineBlocksPostAuthor":{"name":"Redactor","avatar":"https:\/\/pornuestrolaredo.com\/wp-content\/litespeed\/avatar\/dca1d7ec750c399f025f23b0b314f4cf.jpg?ver=1777612120"},"magazineBlocksPostCommentsNumber":false,"magazineBlocksPostExcerpt":"Se realizar\u00e1 el el 6 de enero, a partir de las 11:00 de la ma\u00f1ana, en el Polyf\u00f3rum La Fe","magazineBlocksPostCategories":["Los dos Laredos"],"magazineBlocksPostViewCount":130,"magazineBlocksPostReadTime":2,"magazine_blocks_featured_image_url":{"full":["https:\/\/pornuestrolaredo.com\/wp-content\/uploads\/2024\/12\/SAtereo91-20241226-2-1.jpeg",850,478,false],"medium":["https:\/\/pornuestrolaredo.com\/wp-content\/uploads\/2024\/12\/SAtereo91-20241226-2-1-300x169.jpeg",300,169,true],"thumbnail":["https:\/\/pornuestrolaredo.com\/wp-content\/uploads\/2024\/12\/SAtereo91-20241226-2-1-150x150.jpeg",150,150,true]},"magazine_blocks_author":{"display_name":"Redactor","author_link":"https:\/\/pornuestrolaredo.com\/?author=1"},"magazine_blocks_comment":0,"magazine_blocks_author_image":"https:\/\/pornuestrolaredo.com\/wp-content\/litespeed\/avatar\/dca1d7ec750c399f025f23b0b314f4cf.jpg?ver=1777612120","magazine_blocks_category":"<a href=\"#\" class=\"category-link category-link-4\">Los dos Laredos<\/a>","jetpack_publicize_connections":[],"featured_image_urls":{"full":["https:\/\/pornuestrolaredo.com\/wp-content\/uploads\/2024\/12\/SAtereo91-20241226-2-1.jpeg",850,478,false],"thumbnail":["https:\/\/pornuestrolaredo.com\/wp-content\/uploads\/2024\/12\/SAtereo91-20241226-2-1-150x150.jpeg",150,150,true],"medium":["https:\/\/pornuestrolaredo.com\/wp-content\/uploads\/2024\/12\/SAtereo91-20241226-2-1-300x169.jpeg",300,169,true],"medium_large":["https:\/\/pornuestrolaredo.com\/wp-content\/uploads\/2024\/12\/SAtereo91-20241226-2-1-768x432.jpeg",640,360,true],"large":["https:\/\/pornuestrolaredo.com\/wp-content\/uploads\/2024\/12\/SAtereo91-20241226-2-1.jpeg",640,360,false],"1536x1536":["https:\/\/pornuestrolaredo.com\/wp-content\/uploads\/2024\/12\/SAtereo91-20241226-2-1.jpeg",850,478,false],"2048x2048":["https:\/\/pornuestrolaredo.com\/wp-content\/uploads\/2024\/12\/SAtereo91-20241226-2-1.jpeg",850,478,false],"morenews-large":["https:\/\/pornuestrolaredo.com\/wp-content\/uploads\/2024\/12\/SAtereo91-20241226-2-1.jpeg",825,464,false],"morenews-medium":["https:\/\/pornuestrolaredo.com\/wp-content\/uploads\/2024\/12\/SAtereo91-20241226-2-1.jpeg",590,332,false]},"author_info":{"info":["Redactor"]},"category_info":"<a href=\"https:\/\/pornuestrolaredo.com\/?cat=4\" rel=\"category\">Los dos Laredos<\/a>","tag_info":"Los dos Laredos","comment_count":"0","jetpack_featured_media_url":"https:\/\/pornuestrolaredo.com\/wp-content\/uploads\/2024\/12\/SAtereo91-20241226-2-1.jpeg","jetpack_sharing_enabled":true,"_links":{"self":[{"href":"https:\/\/pornuestrolaredo.com\/index.php?rest_route=\/wp\/v2\/posts\/5785","targetHints":{"allow":["GET"]}}],"collection":[{"href":"https:\/\/pornuestrolaredo.com\/index.php?rest_route=\/wp\/v2\/posts"}],"about":[{"href":"https:\/\/pornuestrolaredo.com\/index.php?rest_route=\/wp\/v2\/types\/post"}],"author":[{"embeddable":true,"href":"https:\/\/pornuestrolaredo.com\/index.php?rest_route=\/wp\/v2\/users\/1"}],"replies":[{"embeddable":true,"href":"https:\/\/pornuestrolaredo.com\/index.php?rest_route=%2Fwp%2Fv2%2Fcomments&post=5785"}],"version-history":[{"count":1,"href":"https:\/\/pornuestrolaredo.com\/index.php?rest_route=\/wp\/v2\/posts\/5785\/revisions"}],"predecessor-version":[{"id":5787,"href":"https:\/\/pornuestrolaredo.com\/index.php?rest_route=\/wp\/v2\/posts\/5785\/revisions\/5787"}],"wp:featuredmedia":[{"embeddable":true,"href":"https:\/\/pornuestrolaredo.com\/index.php?rest_route=\/wp\/v2\/media\/5788"}],"wp:attachment":[{"href":"https:\/\/pornuestrolaredo.com\/index.php?rest_route=%2Fwp%2Fv2%2Fmedia&parent=5785"}],"wp:term":[{"taxonomy":"category","embeddable":true,"href":"https:\/\/pornuestrolaredo.com\/index.php?rest_route=%2Fwp%2Fv2%2Fcategories&post=5785"},{"taxonomy":"post_tag","embeddable":true,"href":"https:\/\/pornuestrolaredo.com\/index.php?rest_route=%2Fwp%2Fv2%2Ftags&post=5785"}],"curies":[{"name":"wp","href":"https:\/\/api.w.org\/{rel}","templated":true}]}}