{"id":5789,"date":"2024-12-26T21:27:09","date_gmt":"2024-12-26T21:27:09","guid":{"rendered":"https:\/\/pornuestrolaredo.com\/?p=5789"},"modified":"2024-12-26T21:27:09","modified_gmt":"2024-12-26T21:27:09","slug":"azotan-tormentas-a-texas-y-retrasan-viajes","status":"publish","type":"post","link":"https:\/\/pornuestrolaredo.com\/?p=5789","title":{"rendered":"Azotan tormentas a Texas y retrasan viajes"},"content":{"rendered":"<p><strong>DALLAS.-<\/strong> Una serie de tormentas recorr\u00eda el jueves varias partes de Texas, provocando el retraso o la cancelaci\u00f3n de varios vuelos, en un sistema que, seg\u00fan pron\u00f3sticos del Servicio Meteorol\u00f3gico Nacional, podr\u00eda provocar fuertes vientos, granizo y posibles tornados.<\/p>\n<p>Cerca de 90 vuelos se retrasaron y m\u00e1s de dos docenas fueron cancelados en el Aeropuerto Internacional de Dallas Fort Worth en las primeras horas del jueves. Tambi\u00e9n se informaron retrasos y cancelaciones relacionadas con las tormentas en el aeropuerto Love Field de Dallas y en el aeropuerto Intercontinental George Bush en Houston, seg\u00fan FlightAware, una compa\u00f1\u00eda de aviaci\u00f3n que rastrea vuelos en todo el mundo.<\/p>\n<p>El mayor riesgo meteorol\u00f3gico se pronostic\u00f3 para una franja de Texas al este de Dallas, entre Houston y partes del sur de Arkansas y el oeste y norte de Luisiana, dijo Brian Hurley, meteor\u00f3logo del Centro de Predicci\u00f3n Meteorol\u00f3gica del Servicio Meteorol\u00f3gico Nacional.<\/p>\n<blockquote><p>Al parecer, existe la posibilidad de uno o varios tornados con este riesgo, pero el principal peligro ser\u00e1 con vientos fuertes y granizo\u201d, dijo Hurley, y agreg\u00f3 que se esperan r\u00e1fagas de viento generalmente entre 96 a 128 km\/h (60 y 80 mph), y granizo de un di\u00e1metro de 2,5 cent\u00edmetros (una pulgada) o mayor.<\/p><\/blockquote>\n<p>Seg\u00fan Hurley, es probable que las tormentas avancen hacia el sur de Arkansas y el oeste y norte de Luisiana despu\u00e9s del anochecer, lo que plantea una situaci\u00f3n potencialmente peligrosa para los viajeros en vacaciones.<\/p>\n<blockquote><p>La gente no puede ver mucho y puede no estar muy consciente del clima\u201d, dijo.<\/p><\/blockquote>\n","protected":false},"excerpt":{"rendered":"<p>El temporal es tan fuerte, que provoc\u00f3 el retraso o la cancelaci\u00f3n de varios vuelos<\/p>\n","protected":false},"author":1,"featured_media":5790,"comment_status":"closed","ping_status":"closed","sticky":false,"template":"","format":"standard","meta":{"_crdt_document":"","_jetpack_memberships_contains_paid_content":false,"footnotes":"","jetpack_publicize_message":"","jetpack_publicize_feature_enabled":true,"jetpack_social_post_already_shared":true,"jetpack_social_options":{"image_generator_settings":{"template":"highway","default_image_id":0,"font":"","enabled":false},"version":2},"_wpas_customize_per_network":false},"categories":[9],"tags":[],"class_list":["post-5789","post","type-post","status-publish","format-standard","has-post-thumbnail","hentry","category-el-mundo"],"magazineBlocksPostFeaturedMedia":{"thumbnail":"https:\/\/pornuestrolaredo.com\/wp-content\/uploads\/2024\/12\/Stereo91-20241226-3-150x150.jpg","medium":"https:\/\/pornuestrolaredo.com\/wp-content\/uploads\/2024\/12\/Stereo91-20241226-3-300x175.jpg","medium_large":"https:\/\/pornuestrolaredo.com\/wp-content\/uploads\/2024\/12\/Stereo91-20241226-3-768x449.jpg","large":"https:\/\/pornuestrolaredo.com\/wp-content\/uploads\/2024\/12\/Stereo91-20241226-3.jpg","1536x1536":"https:\/\/pornuestrolaredo.com\/wp-content\/uploads\/2024\/12\/Stereo91-20241226-3.jpg","2048x2048":"https:\/\/pornuestrolaredo.com\/wp-content\/uploads\/2024\/12\/Stereo91-20241226-3.jpg","morenews-large":"https:\/\/pornuestrolaredo.com\/wp-content\/uploads\/2024\/12\/Stereo91-20241226-3.jpg","morenews-medium":"https:\/\/pornuestrolaredo.com\/wp-content\/uploads\/2024\/12\/Stereo91-20241226-3.jpg"},"magazineBlocksPostAuthor":{"name":"Redactor","avatar":"https:\/\/pornuestrolaredo.com\/wp-content\/litespeed\/avatar\/dca1d7ec750c399f025f23b0b314f4cf.jpg?ver=1777612120"},"magazineBlocksPostCommentsNumber":false,"magazineBlocksPostExcerpt":"El temporal es tan fuerte, que provoc\u00f3 el retraso o la cancelaci\u00f3n de varios vuelos","magazineBlocksPostCategories":["El Mundo"],"magazineBlocksPostViewCount":158,"magazineBlocksPostReadTime":2,"magazine_blocks_featured_image_url":{"full":["https:\/\/pornuestrolaredo.com\/wp-content\/uploads\/2024\/12\/Stereo91-20241226-3.jpg",980,573,false],"medium":["https:\/\/pornuestrolaredo.com\/wp-content\/uploads\/2024\/12\/Stereo91-20241226-3-300x175.jpg",300,175,true],"thumbnail":["https:\/\/pornuestrolaredo.com\/wp-content\/uploads\/2024\/12\/Stereo91-20241226-3-150x150.jpg",150,150,true]},"magazine_blocks_author":{"display_name":"Redactor","author_link":"https:\/\/pornuestrolaredo.com\/?author=1"},"magazine_blocks_comment":0,"magazine_blocks_author_image":"https:\/\/pornuestrolaredo.com\/wp-content\/litespeed\/avatar\/dca1d7ec750c399f025f23b0b314f4cf.jpg?ver=1777612120","magazine_blocks_category":"<a href=\"#\" class=\"category-link category-link-9\">El Mundo<\/a>","jetpack_publicize_connections":[],"featured_image_urls":{"full":["https:\/\/pornuestrolaredo.com\/wp-content\/uploads\/2024\/12\/Stereo91-20241226-3.jpg",980,573,false],"thumbnail":["https:\/\/pornuestrolaredo.com\/wp-content\/uploads\/2024\/12\/Stereo91-20241226-3-150x150.jpg",150,150,true],"medium":["https:\/\/pornuestrolaredo.com\/wp-content\/uploads\/2024\/12\/Stereo91-20241226-3-300x175.jpg",300,175,true],"medium_large":["https:\/\/pornuestrolaredo.com\/wp-content\/uploads\/2024\/12\/Stereo91-20241226-3-768x449.jpg",640,374,true],"large":["https:\/\/pornuestrolaredo.com\/wp-content\/uploads\/2024\/12\/Stereo91-20241226-3.jpg",640,374,false],"1536x1536":["https:\/\/pornuestrolaredo.com\/wp-content\/uploads\/2024\/12\/Stereo91-20241226-3.jpg",980,573,false],"2048x2048":["https:\/\/pornuestrolaredo.com\/wp-content\/uploads\/2024\/12\/Stereo91-20241226-3.jpg",980,573,false],"morenews-large":["https:\/\/pornuestrolaredo.com\/wp-content\/uploads\/2024\/12\/Stereo91-20241226-3.jpg",825,482,false],"morenews-medium":["https:\/\/pornuestrolaredo.com\/wp-content\/uploads\/2024\/12\/Stereo91-20241226-3.jpg",590,345,false]},"author_info":{"info":["Redactor"]},"category_info":"<a href=\"https:\/\/pornuestrolaredo.com\/?cat=9\" rel=\"category\">El Mundo<\/a>","tag_info":"El Mundo","comment_count":"0","jetpack_featured_media_url":"https:\/\/pornuestrolaredo.com\/wp-content\/uploads\/2024\/12\/Stereo91-20241226-3.jpg","jetpack_sharing_enabled":true,"_links":{"self":[{"href":"https:\/\/pornuestrolaredo.com\/index.php?rest_route=\/wp\/v2\/posts\/5789","targetHints":{"allow":["GET"]}}],"collection":[{"href":"https:\/\/pornuestrolaredo.com\/index.php?rest_route=\/wp\/v2\/posts"}],"about":[{"href":"https:\/\/pornuestrolaredo.com\/index.php?rest_route=\/wp\/v2\/types\/post"}],"author":[{"embeddable":true,"href":"https:\/\/pornuestrolaredo.com\/index.php?rest_route=\/wp\/v2\/users\/1"}],"replies":[{"embeddable":true,"href":"https:\/\/pornuestrolaredo.com\/index.php?rest_route=%2Fwp%2Fv2%2Fcomments&post=5789"}],"version-history":[{"count":1,"href":"https:\/\/pornuestrolaredo.com\/index.php?rest_route=\/wp\/v2\/posts\/5789\/revisions"}],"predecessor-version":[{"id":5791,"href":"https:\/\/pornuestrolaredo.com\/index.php?rest_route=\/wp\/v2\/posts\/5789\/revisions\/5791"}],"wp:featuredmedia":[{"embeddable":true,"href":"https:\/\/pornuestrolaredo.com\/index.php?rest_route=\/wp\/v2\/media\/5790"}],"wp:attachment":[{"href":"https:\/\/pornuestrolaredo.com\/index.php?rest_route=%2Fwp%2Fv2%2Fmedia&parent=5789"}],"wp:term":[{"taxonomy":"category","embeddable":true,"href":"https:\/\/pornuestrolaredo.com\/index.php?rest_route=%2Fwp%2Fv2%2Fcategories&post=5789"},{"taxonomy":"post_tag","embeddable":true,"href":"https:\/\/pornuestrolaredo.com\/index.php?rest_route=%2Fwp%2Fv2%2Ftags&post=5789"}],"curies":[{"name":"wp","href":"https:\/\/api.w.org\/{rel}","templated":true}]}}