{"id":5794,"date":"2024-12-30T19:46:11","date_gmt":"2024-12-30T19:46:11","guid":{"rendered":"https:\/\/pornuestrolaredo.com\/?p=5794"},"modified":"2024-12-30T19:46:11","modified_gmt":"2024-12-30T19:46:11","slug":"ofrece-imss-consultas-los-sabados-y-domingos","status":"publish","type":"post","link":"https:\/\/pornuestrolaredo.com\/?p=5794","title":{"rendered":"Ofrece IMSS consultas los s\u00e1bados y domingos"},"content":{"rendered":"<p><strong>NUEVO LAREDO.-<\/strong> Las enfermedades no tienen horario ni fecha y afectan por igual cualquier d\u00eda de la semana. Otras veces, las personas no pueden acudir a consultar de lunes a viernes. Por esas razones, fue puesto en marcha el programa del IMSS para ofrecer consultas consultas m\u00e9dicas s\u00e1bados y domingos, desde las 7:00 de la ma\u00f1ana a las 11:00 de la noche.<\/p>\n<p>Por ahora, se ofrecer\u00e1n consultas s\u00e1bados y domingos s\u00f3lo en la Unidad de Medicina Familiar N\u00famero 78, la que se ubica en Aquiles Serd\u00e1n \u2013antes Acapulco\u2014y Washington.<\/p>\n<blockquote><p>Es un programa para todos aquellos trabajadores o derechohabientes que se les dificulta consultar entre semana\u201d, dijo Juli\u00e1n del Carmen Granados, director de la cl\u00ednica.<\/p><\/blockquote>\n<p>Indic\u00f3 que esta nueva modalidad de consultas tiene como objetivo fortalecer los servicios de primer nivel de atenci\u00f3n m\u00e9dica en beneficio de la poblaci\u00f3n derechohabiente y de los trabajadores de la regi\u00f3n.<\/p>\n<p>La Unidad de Medicina Familiar N\u00famero 78 estar\u00e1 abierta de lunes a viernes y para aquellos que no puedan consultar durante la semana, tambi\u00e9n estar\u00e1n disponibles los s\u00e1bados y domingos.<\/p>\n<p>Adem\u00e1s, a este proyecto tambi\u00e9n se le sumar\u00e1 la Unidad de Medicina Familiar N\u00famero 76, del IMSS una vez que se concluya con todos los requisitos y demandas para poder trabajar los fines de semana en el \u00e1rea de consulta. Las citas se pueden hacer en persona con la asistente de su m\u00e9dico, en l\u00ednea en la p\u00e1gina https:\/\/citamedicadigital.imss.gob.mx\/CMW\/cmw;jsessionid=aScZDQXuJeIUjTgGJ8lMmh8TDqrUaROHAscx91MEQRhnuWAO51Or!663949729!-179355125?v=login o mediante la app del IMSS, que se puede bajar a su tel\u00e9fono Android, iPhone o en la AppGallery de Huawei.<\/p>\n","protected":false},"excerpt":{"rendered":"<p>La Cl\u00ednica 78, de Aquiles Serd\u00e1n \u2013antes Acapulco\u2014y Washington, estar\u00e1 abierta desde las 7:00 de la ma\u00f1ana a las 11:00 de la noche<\/p>\n","protected":false},"author":1,"featured_media":5795,"comment_status":"closed","ping_status":"closed","sticky":false,"template":"","format":"standard","meta":{"_crdt_document":"","_jetpack_memberships_contains_paid_content":false,"footnotes":"","jetpack_publicize_message":"","jetpack_publicize_feature_enabled":true,"jetpack_social_post_already_shared":true,"jetpack_social_options":{"image_generator_settings":{"template":"highway","default_image_id":0,"font":"","enabled":false},"version":2},"_wpas_customize_per_network":false},"categories":[4],"tags":[],"class_list":["post-5794","post","type-post","status-publish","format-standard","has-post-thumbnail","hentry","category-los-dos-laredos"],"magazineBlocksPostFeaturedMedia":{"thumbnail":"https:\/\/pornuestrolaredo.com\/wp-content\/uploads\/2024\/12\/Stereo91-20241230-1-150x150.jpg","medium":"https:\/\/pornuestrolaredo.com\/wp-content\/uploads\/2024\/12\/Stereo91-20241230-1-300x172.jpg","medium_large":"https:\/\/pornuestrolaredo.com\/wp-content\/uploads\/2024\/12\/Stereo91-20241230-1-768x441.jpg","large":"https:\/\/pornuestrolaredo.com\/wp-content\/uploads\/2024\/12\/Stereo91-20241230-1.jpg","1536x1536":"https:\/\/pornuestrolaredo.com\/wp-content\/uploads\/2024\/12\/Stereo91-20241230-1.jpg","2048x2048":"https:\/\/pornuestrolaredo.com\/wp-content\/uploads\/2024\/12\/Stereo91-20241230-1.jpg","morenews-large":"https:\/\/pornuestrolaredo.com\/wp-content\/uploads\/2024\/12\/Stereo91-20241230-1.jpg","morenews-medium":"https:\/\/pornuestrolaredo.com\/wp-content\/uploads\/2024\/12\/Stereo91-20241230-1.jpg"},"magazineBlocksPostAuthor":{"name":"Redactor","avatar":"https:\/\/pornuestrolaredo.com\/wp-content\/litespeed\/avatar\/dca1d7ec750c399f025f23b0b314f4cf.jpg?ver=1777612120"},"magazineBlocksPostCommentsNumber":false,"magazineBlocksPostExcerpt":"La Cl\u00ednica 78, de Aquiles Serd\u00e1n \u2013antes Acapulco\u2014y Washington, estar\u00e1 abierta desde las 7:00 de la ma\u00f1ana a las 11:00 de la noche","magazineBlocksPostCategories":["Los dos Laredos"],"magazineBlocksPostViewCount":182,"magazineBlocksPostReadTime":2,"magazine_blocks_featured_image_url":{"full":["https:\/\/pornuestrolaredo.com\/wp-content\/uploads\/2024\/12\/Stereo91-20241230-1.jpg",850,488,false],"medium":["https:\/\/pornuestrolaredo.com\/wp-content\/uploads\/2024\/12\/Stereo91-20241230-1-300x172.jpg",300,172,true],"thumbnail":["https:\/\/pornuestrolaredo.com\/wp-content\/uploads\/2024\/12\/Stereo91-20241230-1-150x150.jpg",150,150,true]},"magazine_blocks_author":{"display_name":"Redactor","author_link":"https:\/\/pornuestrolaredo.com\/?author=1"},"magazine_blocks_comment":0,"magazine_blocks_author_image":"https:\/\/pornuestrolaredo.com\/wp-content\/litespeed\/avatar\/dca1d7ec750c399f025f23b0b314f4cf.jpg?ver=1777612120","magazine_blocks_category":"<a href=\"#\" class=\"category-link category-link-4\">Los dos Laredos<\/a>","jetpack_publicize_connections":[],"featured_image_urls":{"full":["https:\/\/pornuestrolaredo.com\/wp-content\/uploads\/2024\/12\/Stereo91-20241230-1.jpg",850,488,false],"thumbnail":["https:\/\/pornuestrolaredo.com\/wp-content\/uploads\/2024\/12\/Stereo91-20241230-1-150x150.jpg",150,150,true],"medium":["https:\/\/pornuestrolaredo.com\/wp-content\/uploads\/2024\/12\/Stereo91-20241230-1-300x172.jpg",300,172,true],"medium_large":["https:\/\/pornuestrolaredo.com\/wp-content\/uploads\/2024\/12\/Stereo91-20241230-1-768x441.jpg",640,368,true],"large":["https:\/\/pornuestrolaredo.com\/wp-content\/uploads\/2024\/12\/Stereo91-20241230-1.jpg",640,367,false],"1536x1536":["https:\/\/pornuestrolaredo.com\/wp-content\/uploads\/2024\/12\/Stereo91-20241230-1.jpg",850,488,false],"2048x2048":["https:\/\/pornuestrolaredo.com\/wp-content\/uploads\/2024\/12\/Stereo91-20241230-1.jpg",850,488,false],"morenews-large":["https:\/\/pornuestrolaredo.com\/wp-content\/uploads\/2024\/12\/Stereo91-20241230-1.jpg",825,474,false],"morenews-medium":["https:\/\/pornuestrolaredo.com\/wp-content\/uploads\/2024\/12\/Stereo91-20241230-1.jpg",590,339,false]},"author_info":{"info":["Redactor"]},"category_info":"<a href=\"https:\/\/pornuestrolaredo.com\/?cat=4\" rel=\"category\">Los dos Laredos<\/a>","tag_info":"Los dos Laredos","comment_count":"0","jetpack_featured_media_url":"https:\/\/pornuestrolaredo.com\/wp-content\/uploads\/2024\/12\/Stereo91-20241230-1.jpg","jetpack_sharing_enabled":true,"_links":{"self":[{"href":"https:\/\/pornuestrolaredo.com\/index.php?rest_route=\/wp\/v2\/posts\/5794","targetHints":{"allow":["GET"]}}],"collection":[{"href":"https:\/\/pornuestrolaredo.com\/index.php?rest_route=\/wp\/v2\/posts"}],"about":[{"href":"https:\/\/pornuestrolaredo.com\/index.php?rest_route=\/wp\/v2\/types\/post"}],"author":[{"embeddable":true,"href":"https:\/\/pornuestrolaredo.com\/index.php?rest_route=\/wp\/v2\/users\/1"}],"replies":[{"embeddable":true,"href":"https:\/\/pornuestrolaredo.com\/index.php?rest_route=%2Fwp%2Fv2%2Fcomments&post=5794"}],"version-history":[{"count":1,"href":"https:\/\/pornuestrolaredo.com\/index.php?rest_route=\/wp\/v2\/posts\/5794\/revisions"}],"predecessor-version":[{"id":5796,"href":"https:\/\/pornuestrolaredo.com\/index.php?rest_route=\/wp\/v2\/posts\/5794\/revisions\/5796"}],"wp:featuredmedia":[{"embeddable":true,"href":"https:\/\/pornuestrolaredo.com\/index.php?rest_route=\/wp\/v2\/media\/5795"}],"wp:attachment":[{"href":"https:\/\/pornuestrolaredo.com\/index.php?rest_route=%2Fwp%2Fv2%2Fmedia&parent=5794"}],"wp:term":[{"taxonomy":"category","embeddable":true,"href":"https:\/\/pornuestrolaredo.com\/index.php?rest_route=%2Fwp%2Fv2%2Fcategories&post=5794"},{"taxonomy":"post_tag","embeddable":true,"href":"https:\/\/pornuestrolaredo.com\/index.php?rest_route=%2Fwp%2Fv2%2Ftags&post=5794"}],"curies":[{"name":"wp","href":"https:\/\/api.w.org\/{rel}","templated":true}]}}