{"id":5797,"date":"2024-12-30T20:08:29","date_gmt":"2024-12-30T20:08:29","guid":{"rendered":"https:\/\/pornuestrolaredo.com\/?p=5797"},"modified":"2024-12-30T20:08:29","modified_gmt":"2024-12-30T20:08:29","slug":"descansara-jimmy-carter-en-una-parcela","status":"publish","type":"post","link":"https:\/\/pornuestrolaredo.com\/?p=5797","title":{"rendered":"Descansar\u00e1 Jimmy Carter en una parcela"},"content":{"rendered":"<p><strong><em>WASHINGTON.-<\/em><\/strong> La procesi\u00f3n f\u00fanebre de Jimmy Carter concluir\u00e1 en su casa en la peque\u00f1a localidad de Plains, Georgia, donde creci\u00f3 en una granja de cacahuetes. All\u00ed fue donde su esposa, Rosalynn, fue sepultada el a\u00f1o pasado en una parcela que eligieron hace a\u00f1os.<\/p>\n<p>Pero antes de que Carter alcance su humilde destino final, habr\u00e1 una coreograf\u00eda interestatal de duelo, ceremonia y log\u00edstica que es caracter\u00edstica de los funerales de Estado. Desde la fundaci\u00f3n de la naci\u00f3n, Estados Unidos ha despedido a los expresidentes con una serie intrincada de eventos que entrelazan viejas tradiciones y toques personales.<\/p>\n<p>Los funerales a menudo son planificados por los propios presidentes, quienes generalmente tienen a\u00f1os despu\u00e9s de dejar la Casa Blanca para reflexionar sobre c\u00f3mo desean ser recordados.<\/p>\n<blockquote><p>Est\u00e1n muy involucrados en el proceso de planificaci\u00f3n, y las decisiones que toman nos dicen mucho sobre qui\u00e9nes son, c\u00f3mo ven la presidencia y c\u00f3mo desean ser recordados por el pueblo estadounidense\u201d, dijo Matthew Costello, historiador principal de la Asociaci\u00f3n Hist\u00f3rica de la Casa Blanca, quien coescribi\u00f3 un libro \u201cMourning the Presidents: Loss and Legacy in American Culture\u201d (\u201cLuto por los Presidentes: P\u00e9rdida y Legado en la Cultura Americana\u201d).<\/p><\/blockquote>\n<p>Carter tuvo m\u00e1s tiempo para planificar que la mayor\u00eda. Vivi\u00f3 43 a\u00f1os despu\u00e9s de que su presidencia terminara, la postpresidencia m\u00e1s larga en la historia de Estados Unidos, antes de fallecer el domingo a los 100 a\u00f1os.<\/p>\n<p>Muchos detalles de su funeral permanecen reservados, a discreci\u00f3n de la familia y las unidades militares responsables de llevar a cabo los planes. La mayor\u00eda de los presidentes son velados en el Capitolio y por lo general hay un servicio en la Catedral Nacional de Washington.<\/p>\n<p>El presidente Joe Biden revel\u00f3 el a\u00f1o pasado que Carter le hab\u00eda pedido que diera la eleg\u00eda. (\u201cPerd\u00f3n, no deber\u00eda decir eso\u201d, admiti\u00f3 Biden).<\/p>\n<p>Biden dijo el domingo que su equipo est\u00e1 trabajando con la familia de Carter y otros \u201cpara asegurarse de que sea recordado adecuadamente, aqu\u00ed en Estados Unidos y en todo el mundo\u201d. El hijo de Carter, Chip, es su principal punto de contacto, aunque Biden dijo que ha hablado con todos los hijos de Carter.<\/p>\n<p>Describi\u00f3 un proceso en marcha \u201cque llevar\u00e1 un poco de tiempo\u201d pero que resultar\u00e1 en un \u201cservicio importante en Washington, D.C.\u201d para Carter, que Biden program\u00f3 para el 9 de enero.<\/p>\n<p>A veces, los expresidentes ayudan incluso con los detalles m\u00e1s peque\u00f1os.<\/p>\n<p>Jeffrey Engel, director del Centro de Historia Presidencial en la Universidad Metodista del Sur en Dallas, record\u00f3 haberse reunido con George H.W. Bush poco despu\u00e9s de que el expresidente revisara el plan de asientos para su funeral.<\/p>\n<blockquote><p>Y le dije, \u2018\u00bfEs eso extra\u00f1o? Sabes, es tu propia muerte\u2019\u201d, record\u00f3 Engel. \u201cY \u00e9l dijo, \u2018Sabes, lo haces cada tres meses. Te acostumbras\u2019\u201d.<\/p><\/blockquote>\n<p>El presidente Dwight Eisenhower, quien comand\u00f3 las tropas aliadas durante la Segunda Guerra Mundial antes de convertirse en pol\u00edtico, quer\u00eda ser enterrado en un ata\u00fad emitido por el gobierno de 80 d\u00f3lares. Aparte de un sello de vidrio que se a\u00f1adi\u00f3 al dise\u00f1o, era indistinguible del ata\u00fad de cualquier otro soldado.<\/p>\n<p>Los detalles de las procesiones tambi\u00e9n pueden reflejar aspectos de la vida de un presidente. El ata\u00fad de Ronald Reagan fue llevado por la escalinata oeste del Capitolio que mira hacia su estado natal, California. Cuando Gerald Ford falleci\u00f3, su ata\u00fad pas\u00f3 por la C\u00e1mara de Representantes, un homenaje a sus a\u00f1os como legislador.<\/p>\n<p>La tarea de llevar a cabo los funerales presidenciales recae en la Fuerza de Tarea Conjunta-Regi\u00f3n Capital Nacional, que incluye 4.000 elementos militares y civiles. La unidad dijo en un comunicado que \u201ces un privilegio proporcionar este apoyo en nombre de la naci\u00f3n\u201d.<\/p>\n<p>Los funerales presidenciales pueden dejar marcas duraderas en la conciencia estadounidense. Una de las descripciones m\u00e1s memorables de George Washington \u2014 \u201cprimero en la guerra, primero en la paz y primero en el coraz\u00f3n de sus compatriotas\u201d \u2014 provino de una eleg\u00eda que se reimprimi\u00f3 mucho cuando el primer l\u00edder del pa\u00eds falleci\u00f3.<\/p>\n<p>Despu\u00e9s de que John F. Kennedy fue asesinado, su hijo John Jr. fue fotografiado saludando al ata\u00fad. El ata\u00fad de Kennedy fue transportado por la Avenida Pensilvania en el mismo carruaje que llev\u00f3 a Abraham Lincoln despu\u00e9s de que fue asesinado un siglo antes, y se incluy\u00f3 un caballo sin jinete en la procesi\u00f3n.<\/p>\n<p>El de Kennedy fue el primer funeral presidencial ampliamente televisado.<\/p>\n<blockquote><p>La tecnolog\u00eda ha hecho que el luto sea de alguna manera m\u00e1s accesible, m\u00e1s democr\u00e1tico. M\u00e1s personas tienen la oportunidad de tomar un momento y reflexionar sobre lo que esta persona signific\u00f3\u201d, dijo Costello. \u201cY creo que tambi\u00e9n abre la puerta a que m\u00e1s personas participen en el proceso de duelo\u201d.<\/p><\/blockquote>\n<p>En muchos pa\u00edses democr\u00e1ticos, el jefe de Estado y el jefe de gobierno son dos personas diferentes. Estados Unidos combina ambos roles, ceremonial y ejecutivo, en el cargo de la presidencia.<\/p>\n<blockquote><p>Dado que no tenemos ninguna figura nacional adem\u00e1s del presidente, b\u00e1sicamente hemos puesto todo el peso tradicional y la emoci\u00f3n c\u00edvica que se pone en la muerte o el nacimiento o una boda de un soberano o un rey en las cabezas de los presidentes\u201d, dijo Engel. \u201cY no hay tantos, para ser honestos. As\u00ed que cada vez que uno de ellos fallece, es inusual y un gran acontecimiento\u201d.<\/p><\/blockquote>\n<p>Describi\u00f3 los funerales como un momento para recordar \u201cque todos estamos juntos en esto\u201d y \u201ceste hombre fue el presidente para todos nosotros, ya seas republicano o dem\u00f3crata\u201d.<\/p>\n<p>Sin embargo, en la pol\u00edtica dividida de hoy, los funerales de Estado pueden producir momentos inc\u00f3modos, incluso tensos.<\/p>\n<p>Durante el funeral de George H.W. Bush en 2018, la audiencia incluy\u00f3 al presidente Donald Trump. \u00c9l estrech\u00f3 la mano del expresidente Barack Obama, su predecesor, pero no interactu\u00f3 con Hillary Clinton, a quien derrot\u00f3 en las elecciones de 2016, ni con su esposo, el expresidente Bill Clinton.<\/p>\n<blockquote><p>Estos funerales siempre son pol\u00edticos\u201d, dijo Engel. \u201cLo que ocurra en el funeral de Carter va a ser pol\u00edtico, francamente, quieran o no las personas alrededor de la familia Carter\u201d.<\/p><\/blockquote>\n","protected":false},"excerpt":{"rendered":"<p>Ah\u00ed mismo, en una granja de cacahuetes donde creci\u00f3, fue sepultada su esposa Rosalynn el a\u00f1o pasado<\/p>\n","protected":false},"author":1,"featured_media":5798,"comment_status":"closed","ping_status":"closed","sticky":false,"template":"","format":"standard","meta":{"_crdt_document":"","_jetpack_memberships_contains_paid_content":false,"footnotes":"","jetpack_publicize_message":"","jetpack_publicize_feature_enabled":true,"jetpack_social_post_already_shared":true,"jetpack_social_options":{"image_generator_settings":{"template":"highway","default_image_id":0,"font":"","enabled":false},"version":2},"_wpas_customize_per_network":false},"categories":[9],"tags":[],"class_list":["post-5797","post","type-post","status-publish","format-standard","has-post-thumbnail","hentry","category-el-mundo"],"magazineBlocksPostFeaturedMedia":{"thumbnail":"https:\/\/pornuestrolaredo.com\/wp-content\/uploads\/2024\/12\/Stereo91-20241230-2-150x150.jpg","medium":"https:\/\/pornuestrolaredo.com\/wp-content\/uploads\/2024\/12\/Stereo91-20241230-2-300x190.jpg","medium_large":"https:\/\/pornuestrolaredo.com\/wp-content\/uploads\/2024\/12\/Stereo91-20241230-2-768x485.jpg","large":"https:\/\/pornuestrolaredo.com\/wp-content\/uploads\/2024\/12\/Stereo91-20241230-2-1000x632.jpg","1536x1536":"https:\/\/pornuestrolaredo.com\/wp-content\/uploads\/2024\/12\/Stereo91-20241230-2.jpg","2048x2048":"https:\/\/pornuestrolaredo.com\/wp-content\/uploads\/2024\/12\/Stereo91-20241230-2.jpg","morenews-large":"https:\/\/pornuestrolaredo.com\/wp-content\/uploads\/2024\/12\/Stereo91-20241230-2.jpg","morenews-medium":"https:\/\/pornuestrolaredo.com\/wp-content\/uploads\/2024\/12\/Stereo91-20241230-2.jpg"},"magazineBlocksPostAuthor":{"name":"Redactor","avatar":"https:\/\/pornuestrolaredo.com\/wp-content\/litespeed\/avatar\/dca1d7ec750c399f025f23b0b314f4cf.jpg?ver=1777612120"},"magazineBlocksPostCommentsNumber":false,"magazineBlocksPostExcerpt":"Ah\u00ed mismo, en una granja de cacahuetes donde creci\u00f3, fue sepultada su esposa Rosalynn el a\u00f1o pasado","magazineBlocksPostCategories":["El Mundo"],"magazineBlocksPostViewCount":137,"magazineBlocksPostReadTime":6,"magazine_blocks_featured_image_url":{"full":["https:\/\/pornuestrolaredo.com\/wp-content\/uploads\/2024\/12\/Stereo91-20241230-2.jpg",1440,910,false],"medium":["https:\/\/pornuestrolaredo.com\/wp-content\/uploads\/2024\/12\/Stereo91-20241230-2-300x190.jpg",300,190,true],"thumbnail":["https:\/\/pornuestrolaredo.com\/wp-content\/uploads\/2024\/12\/Stereo91-20241230-2-150x150.jpg",150,150,true]},"magazine_blocks_author":{"display_name":"Redactor","author_link":"https:\/\/pornuestrolaredo.com\/?author=1"},"magazine_blocks_comment":0,"magazine_blocks_author_image":"https:\/\/pornuestrolaredo.com\/wp-content\/litespeed\/avatar\/dca1d7ec750c399f025f23b0b314f4cf.jpg?ver=1777612120","magazine_blocks_category":"<a href=\"#\" class=\"category-link category-link-9\">El Mundo<\/a>","jetpack_publicize_connections":[],"featured_image_urls":{"full":["https:\/\/pornuestrolaredo.com\/wp-content\/uploads\/2024\/12\/Stereo91-20241230-2.jpg",1440,910,false],"thumbnail":["https:\/\/pornuestrolaredo.com\/wp-content\/uploads\/2024\/12\/Stereo91-20241230-2-150x150.jpg",150,150,true],"medium":["https:\/\/pornuestrolaredo.com\/wp-content\/uploads\/2024\/12\/Stereo91-20241230-2-300x190.jpg",300,190,true],"medium_large":["https:\/\/pornuestrolaredo.com\/wp-content\/uploads\/2024\/12\/Stereo91-20241230-2-768x485.jpg",640,404,true],"large":["https:\/\/pornuestrolaredo.com\/wp-content\/uploads\/2024\/12\/Stereo91-20241230-2-1000x632.jpg",640,404,true],"1536x1536":["https:\/\/pornuestrolaredo.com\/wp-content\/uploads\/2024\/12\/Stereo91-20241230-2.jpg",1440,910,false],"2048x2048":["https:\/\/pornuestrolaredo.com\/wp-content\/uploads\/2024\/12\/Stereo91-20241230-2.jpg",1440,910,false],"morenews-large":["https:\/\/pornuestrolaredo.com\/wp-content\/uploads\/2024\/12\/Stereo91-20241230-2.jpg",825,521,false],"morenews-medium":["https:\/\/pornuestrolaredo.com\/wp-content\/uploads\/2024\/12\/Stereo91-20241230-2.jpg",590,373,false]},"author_info":{"info":["Redactor"]},"category_info":"<a href=\"https:\/\/pornuestrolaredo.com\/?cat=9\" rel=\"category\">El Mundo<\/a>","tag_info":"El Mundo","comment_count":"0","jetpack_featured_media_url":"https:\/\/pornuestrolaredo.com\/wp-content\/uploads\/2024\/12\/Stereo91-20241230-2.jpg","jetpack_sharing_enabled":true,"_links":{"self":[{"href":"https:\/\/pornuestrolaredo.com\/index.php?rest_route=\/wp\/v2\/posts\/5797","targetHints":{"allow":["GET"]}}],"collection":[{"href":"https:\/\/pornuestrolaredo.com\/index.php?rest_route=\/wp\/v2\/posts"}],"about":[{"href":"https:\/\/pornuestrolaredo.com\/index.php?rest_route=\/wp\/v2\/types\/post"}],"author":[{"embeddable":true,"href":"https:\/\/pornuestrolaredo.com\/index.php?rest_route=\/wp\/v2\/users\/1"}],"replies":[{"embeddable":true,"href":"https:\/\/pornuestrolaredo.com\/index.php?rest_route=%2Fwp%2Fv2%2Fcomments&post=5797"}],"version-history":[{"count":1,"href":"https:\/\/pornuestrolaredo.com\/index.php?rest_route=\/wp\/v2\/posts\/5797\/revisions"}],"predecessor-version":[{"id":5799,"href":"https:\/\/pornuestrolaredo.com\/index.php?rest_route=\/wp\/v2\/posts\/5797\/revisions\/5799"}],"wp:featuredmedia":[{"embeddable":true,"href":"https:\/\/pornuestrolaredo.com\/index.php?rest_route=\/wp\/v2\/media\/5798"}],"wp:attachment":[{"href":"https:\/\/pornuestrolaredo.com\/index.php?rest_route=%2Fwp%2Fv2%2Fmedia&parent=5797"}],"wp:term":[{"taxonomy":"category","embeddable":true,"href":"https:\/\/pornuestrolaredo.com\/index.php?rest_route=%2Fwp%2Fv2%2Fcategories&post=5797"},{"taxonomy":"post_tag","embeddable":true,"href":"https:\/\/pornuestrolaredo.com\/index.php?rest_route=%2Fwp%2Fv2%2Ftags&post=5797"}],"curies":[{"name":"wp","href":"https:\/\/api.w.org\/{rel}","templated":true}]}}