{"id":580,"date":"2022-10-13T18:30:46","date_gmt":"2022-10-13T18:30:46","guid":{"rendered":"https:\/\/pornuestrolaredo.com\/?p=580"},"modified":"2022-10-13T18:30:46","modified_gmt":"2022-10-13T18:30:46","slug":"aprueban-extender-presencia-militar-en-las-calles%ef%bf%bc","status":"publish","type":"post","link":"https:\/\/pornuestrolaredo.com\/?p=580","title":{"rendered":"Aprueban extender presencia militar en las calles\ufffc"},"content":{"rendered":"\n<p class=\"wp-block-paragraph\"><strong><em>CIUDAD DE M\u00c9XICO.- <\/em><\/strong>El Congreso de M\u00e9xico aval\u00f3 finalmente la ampliaci\u00f3n hasta el 2028 de la presencia de las fuerzas armadas en las calles para realizar labores de seguridad p\u00fablica, pese a las cr\u00edticas de organizaciones humanitarias y opositores que consideran que la iniciativa profundizar\u00e1 la militarizaci\u00f3n del pa\u00eds.<\/p>\n\n\n\n<p class=\"wp-block-paragraph\">Previamente aprobada por el Senado, la mayor\u00eda de la C\u00e1mara de Diputados vot\u00f3 a favor de la reforma constitucional que extiende de 5 a 9 a\u00f1os la participaci\u00f3n de las fuerzas armadas en tareas de seguridad p\u00fablica, un tema espinoso en un pa\u00eds donde militares y marinos comenzaron a realizar labores policiales y combatir el crimen organizado desde 2006 en medio de llamados de que solo se hiciera de manera temporal.<\/p>\n\n\n\n<p class=\"wp-block-paragraph\">El propio presidente Andr\u00e9s Manuel L\u00f3pez Obrador, antes de llegar al poder, era un cr\u00edtico de la presencia militar en las calles y prometi\u00f3 que de ganar la presidencia los regresar\u00eda a sus cuarteles. Eso no ocurri\u00f3 y, al contrario, el mandatario ha encargado a las fuerzas armadas varios proyectos no relacionados con su labor castrense, como construir un nuevo aeropuerto y un tren tur\u00edstico.<\/p>\n\n\n\n<p class=\"wp-block-paragraph\">Por ser una reforma constitucional, ahora debe ser avalada por m\u00e1s de la mitad de los Congresos estatales antes de ser promulgada por el Ejecutivo.<\/p>\n\n\n\n<p class=\"wp-block-paragraph\">Sin sorpresas y tras un marat\u00f3nico debate que se prolong\u00f3 por ocho horas, la c\u00e1mara baja aprob\u00f3 la reforma a la medianoche del mi\u00e9rcoles, con 339 votos a favor, 115 en contra y dos abstenciones<\/p>\n\n\n\n<p class=\"wp-block-paragraph\">La mayor\u00eda del oficialista Movimiento Regeneraci\u00f3n Nacional (Morena) logr\u00f3, con el apoyo de varios diputados de la oposici\u00f3n, los votos necesarios para modificar un art\u00edculo transitorio de la Constituci\u00f3n, vigente desde el 2019, que establec\u00eda que los militares deb\u00edan permanecer fuera de los cuarteles hasta el 2024.<\/p>\n\n\n\n<p class=\"wp-block-paragraph\">Como parte de la reforma se acord\u00f3 la creaci\u00f3n de un fondo permanente, que se activar\u00e1 a partir del pr\u00f3ximo a\u00f1o, para fortalecer las polic\u00edas estatales y municipales, y se estableci\u00f3 que el Ejecutivo deber\u00e1 presentar al Congreso un informe semestral sobre el desempe\u00f1o de los militares en las labores de seguridad p\u00fablica.<\/p>\n\n\n\n<p class=\"wp-block-paragraph\">La iniciativa de reforma fue impulsada por L\u00f3pez Obrador quien luego de a\u00f1os de defender que los militares deb\u00edan retornar a los cuarteles cambi\u00f3 de posici\u00f3n alegando que se requer\u00eda que las fuerzas armadas continuaran en labores de seguridad p\u00fablica para hacer frente a las organizaciones criminales que mantienen azotadas para varias regiones de M\u00e9xico.<\/p>\n\n\n\n<p class=\"wp-block-paragraph\">L\u00f3pez Obrador neg\u00f3 el jueves que la iniciativa represente un avance en la militarizaci\u00f3n de M\u00e9xico, como sostienen organizaciones humanitarias y opositores, y alab\u00f3 el apoyo financiero que se dar\u00e1 a las polic\u00edas estatales y municipales, que seg\u00fan algunos analistas se han debilitado en los \u00faltimos a\u00f1os en particular durante la actual gobierno que se inici\u00f3 en el 2018.<\/p>\n\n\n\n<p class=\"wp-block-paragraph\">Durante su sexenio el mandatario ha entregado a los militares una cantidad cada vez mayor de tareas, que incluyen la construcci\u00f3n de obras emblem\u00e1ticas como el nuevo aeropuerto de la capital mexicana y un tren en el sur del pa\u00eds, el manejo de las aduanas y aeropuertos, y hasta la distribuci\u00f3n de vacunas.<\/p>\n\n\n\n<p class=\"wp-block-paragraph\">A pesar del amplio despliegue de la Guardia Nacional, que el mes pasado pas\u00f3 al control del Ej\u00e9rcito, y otras fuerzas militares en diferentes estados del pa\u00eds, la inseguridad en M\u00e9xico no se ha podido reducir.<\/p>\n","protected":false},"excerpt":{"rendered":"<p>CIUDAD DE M\u00c9XICO.- El Congreso de M\u00e9xico aval\u00f3 finalmente la ampliaci\u00f3n hasta el 2028 de la presencia de<\/p>\n","protected":false},"author":1,"featured_media":581,"comment_status":"open","ping_status":"open","sticky":false,"template":"","format":"standard","meta":{"_crdt_document":"","_jetpack_memberships_contains_paid_content":false,"footnotes":"","jetpack_publicize_message":"El Congreso de M\u00e9xico dio su respaldo definitivo a la iniciativa; s\u00f3lo falta que los estados lo apoyen","jetpack_publicize_feature_enabled":true,"jetpack_social_post_already_shared":true,"jetpack_social_options":{"image_generator_settings":{"template":"highway","default_image_id":0,"font":"","enabled":false},"version":2},"_wpas_customize_per_network":false},"categories":[9],"tags":[],"class_list":["post-580","post","type-post","status-publish","format-standard","has-post-thumbnail","hentry","category-el-mundo"],"magazineBlocksPostFeaturedMedia":{"thumbnail":"https:\/\/pornuestrolaredo.com\/wp-content\/uploads\/2022\/10\/Stereo91-20221013-1-150x150.jpeg","medium":"https:\/\/pornuestrolaredo.com\/wp-content\/uploads\/2022\/10\/Stereo91-20221013-1-300x202.jpeg","medium_large":"https:\/\/pornuestrolaredo.com\/wp-content\/uploads\/2022\/10\/Stereo91-20221013-1-768x517.jpeg","large":"https:\/\/pornuestrolaredo.com\/wp-content\/uploads\/2022\/10\/Stereo91-20221013-1.jpeg","1536x1536":"https:\/\/pornuestrolaredo.com\/wp-content\/uploads\/2022\/10\/Stereo91-20221013-1.jpeg","2048x2048":"https:\/\/pornuestrolaredo.com\/wp-content\/uploads\/2022\/10\/Stereo91-20221013-1.jpeg","morenews-large":"https:\/\/pornuestrolaredo.com\/wp-content\/uploads\/2022\/10\/Stereo91-20221013-1.jpeg","morenews-medium":"https:\/\/pornuestrolaredo.com\/wp-content\/uploads\/2022\/10\/Stereo91-20221013-1.jpeg"},"magazineBlocksPostAuthor":{"name":"Redactor","avatar":"https:\/\/pornuestrolaredo.com\/wp-content\/litespeed\/avatar\/dca1d7ec750c399f025f23b0b314f4cf.jpg?ver=1777612120"},"magazineBlocksPostCommentsNumber":false,"magazineBlocksPostExcerpt":"CIUDAD DE M\u00c9XICO.- El Congreso de M\u00e9xico aval\u00f3 finalmente la ampliaci\u00f3n hasta el 2028 de la presencia de","magazineBlocksPostCategories":["El Mundo"],"magazineBlocksPostViewCount":124,"magazineBlocksPostReadTime":3,"magazine_blocks_featured_image_url":{"full":["https:\/\/pornuestrolaredo.com\/wp-content\/uploads\/2022\/10\/Stereo91-20221013-1.jpeg",1000,673,false],"medium":["https:\/\/pornuestrolaredo.com\/wp-content\/uploads\/2022\/10\/Stereo91-20221013-1-300x202.jpeg",300,202,true],"thumbnail":["https:\/\/pornuestrolaredo.com\/wp-content\/uploads\/2022\/10\/Stereo91-20221013-1-150x150.jpeg",150,150,true]},"magazine_blocks_author":{"display_name":"Redactor","author_link":"https:\/\/pornuestrolaredo.com\/?author=1"},"magazine_blocks_comment":0,"magazine_blocks_author_image":"https:\/\/pornuestrolaredo.com\/wp-content\/litespeed\/avatar\/dca1d7ec750c399f025f23b0b314f4cf.jpg?ver=1777612120","magazine_blocks_category":"<a href=\"#\" class=\"category-link category-link-9\">El Mundo<\/a>","jetpack_publicize_connections":[],"featured_image_urls":{"full":["https:\/\/pornuestrolaredo.com\/wp-content\/uploads\/2022\/10\/Stereo91-20221013-1.jpeg",1000,673,false],"thumbnail":["https:\/\/pornuestrolaredo.com\/wp-content\/uploads\/2022\/10\/Stereo91-20221013-1-150x150.jpeg",150,150,true],"medium":["https:\/\/pornuestrolaredo.com\/wp-content\/uploads\/2022\/10\/Stereo91-20221013-1-300x202.jpeg",300,202,true],"medium_large":["https:\/\/pornuestrolaredo.com\/wp-content\/uploads\/2022\/10\/Stereo91-20221013-1-768x517.jpeg",640,431,true],"large":["https:\/\/pornuestrolaredo.com\/wp-content\/uploads\/2022\/10\/Stereo91-20221013-1.jpeg",640,431,false],"1536x1536":["https:\/\/pornuestrolaredo.com\/wp-content\/uploads\/2022\/10\/Stereo91-20221013-1.jpeg",1000,673,false],"2048x2048":["https:\/\/pornuestrolaredo.com\/wp-content\/uploads\/2022\/10\/Stereo91-20221013-1.jpeg",1000,673,false],"morenews-large":["https:\/\/pornuestrolaredo.com\/wp-content\/uploads\/2022\/10\/Stereo91-20221013-1.jpeg",825,555,false],"morenews-medium":["https:\/\/pornuestrolaredo.com\/wp-content\/uploads\/2022\/10\/Stereo91-20221013-1.jpeg",590,397,false]},"author_info":{"info":["Redactor"]},"category_info":"<a href=\"https:\/\/pornuestrolaredo.com\/?cat=9\" rel=\"category\">El Mundo<\/a>","tag_info":"El Mundo","comment_count":"0","jetpack_featured_media_url":"https:\/\/pornuestrolaredo.com\/wp-content\/uploads\/2022\/10\/Stereo91-20221013-1.jpeg","jetpack_sharing_enabled":true,"_links":{"self":[{"href":"https:\/\/pornuestrolaredo.com\/index.php?rest_route=\/wp\/v2\/posts\/580","targetHints":{"allow":["GET"]}}],"collection":[{"href":"https:\/\/pornuestrolaredo.com\/index.php?rest_route=\/wp\/v2\/posts"}],"about":[{"href":"https:\/\/pornuestrolaredo.com\/index.php?rest_route=\/wp\/v2\/types\/post"}],"author":[{"embeddable":true,"href":"https:\/\/pornuestrolaredo.com\/index.php?rest_route=\/wp\/v2\/users\/1"}],"replies":[{"embeddable":true,"href":"https:\/\/pornuestrolaredo.com\/index.php?rest_route=%2Fwp%2Fv2%2Fcomments&post=580"}],"version-history":[{"count":1,"href":"https:\/\/pornuestrolaredo.com\/index.php?rest_route=\/wp\/v2\/posts\/580\/revisions"}],"predecessor-version":[{"id":582,"href":"https:\/\/pornuestrolaredo.com\/index.php?rest_route=\/wp\/v2\/posts\/580\/revisions\/582"}],"wp:featuredmedia":[{"embeddable":true,"href":"https:\/\/pornuestrolaredo.com\/index.php?rest_route=\/wp\/v2\/media\/581"}],"wp:attachment":[{"href":"https:\/\/pornuestrolaredo.com\/index.php?rest_route=%2Fwp%2Fv2%2Fmedia&parent=580"}],"wp:term":[{"taxonomy":"category","embeddable":true,"href":"https:\/\/pornuestrolaredo.com\/index.php?rest_route=%2Fwp%2Fv2%2Fcategories&post=580"},{"taxonomy":"post_tag","embeddable":true,"href":"https:\/\/pornuestrolaredo.com\/index.php?rest_route=%2Fwp%2Fv2%2Ftags&post=580"}],"curies":[{"name":"wp","href":"https:\/\/api.w.org\/{rel}","templated":true}]}}