{"id":5803,"date":"2024-12-31T19:19:20","date_gmt":"2024-12-31T19:19:20","guid":{"rendered":"https:\/\/pornuestrolaredo.com\/?p=5803"},"modified":"2024-12-31T19:19:20","modified_gmt":"2024-12-31T19:19:20","slug":"mantiene-nld-el-ritmo-de-pasajeros-en-su-aeropuerto","status":"publish","type":"post","link":"https:\/\/pornuestrolaredo.com\/?p=5803","title":{"rendered":"Mantiene NLD el ritmo de pasajeros en su aeropuerto"},"content":{"rendered":"<p><strong><em>NUEVO LAREDO.-<\/em><\/strong> Un promedio de 300 pasajeros diarios son los que viajan en los vuelos diarios  desde y hacia Nuevo Laredo en el Aeropuerto Internacional \u201cQuetzalc\u00f3atl\u201d, lo que representa entre 80 y 100 por ciento de la capacidad de las aeronaves.<\/p>\n<p>Actualmente las compa\u00f1\u00edas Aerom\u00e9xico y Viva Aerobus vuelan diariamente a la Ciudad de M\u00e9xico, en  tanto que Mexicana de Aviaci\u00f3n  los hace los martes, jueves y s\u00e1bados con escalas en Ciudad Victoria, Tamaulipas.<\/p>\n<p>De acuerdo con Maribel Garza Gonz\u00e1lez , directora de Turismo de Nuevo Laredo, los vuelos muestran gran afluencia tanto entre semana como en fin de semana y temporada vacacional ya que esta frontera es una ciudad de negocios.<\/p>\n<blockquote><p>Nuevo Laredo es considerado como ciudad de negocios, por ejemplo en el ramo aduanal , transportista o por citas en  el Cosulado Americano, hemos tenido muy buena respuesta desde la llegada de una nueva aerol\u00ednea y la apertura de nuevo vuelos\u201d, asegur\u00f3 Garza Gonz\u00e1lez.<\/p><\/blockquote>\n<p>La funcionaria se\u00f1al\u00f3 que el vuelo a Ciudad Victoria ha sido muy demandado debido a los negocios y tr\u00e1mites oficiales que se hacen  en la capital del estado.<\/p>\n<p>Garza Gonz\u00e1lez destac\u00f3 que el actual momento que vive Nuevo Laredo lo hace muy atractivo para visitarlo, adem\u00e1s, que con la llegada de nuevas compa\u00f1\u00edas a\u00e9reas, se mantienen los precios muy competitivos, incluso mejor que los que se manejan en el Aeropuerto de Monterrey,  Nuevo Le\u00f3n.<\/p>\n","protected":false},"excerpt":{"rendered":"<p>En promedio, 300 personas se mueven por d\u00eda por las tres aerolineas que operan: Aerom\u00e9xico, Viva Aerobus y Mexicana<\/p>\n","protected":false},"author":1,"featured_media":5804,"comment_status":"closed","ping_status":"closed","sticky":false,"template":"","format":"standard","meta":{"_crdt_document":"","_jetpack_memberships_contains_paid_content":false,"footnotes":"","jetpack_publicize_message":"","jetpack_publicize_feature_enabled":true,"jetpack_social_post_already_shared":true,"jetpack_social_options":{"image_generator_settings":{"template":"highway","default_image_id":0,"font":"","enabled":false},"version":2},"_wpas_customize_per_network":false},"categories":[4],"tags":[],"class_list":["post-5803","post","type-post","status-publish","format-standard","has-post-thumbnail","hentry","category-los-dos-laredos"],"magazineBlocksPostFeaturedMedia":{"thumbnail":"https:\/\/pornuestrolaredo.com\/wp-content\/uploads\/2024\/12\/Stereo91-20241231-2-150x150.jpg","medium":"https:\/\/pornuestrolaredo.com\/wp-content\/uploads\/2024\/12\/Stereo91-20241231-2-300x167.jpg","medium_large":"https:\/\/pornuestrolaredo.com\/wp-content\/uploads\/2024\/12\/Stereo91-20241231-2-768x428.jpg","large":"https:\/\/pornuestrolaredo.com\/wp-content\/uploads\/2024\/12\/Stereo91-20241231-2.jpg","1536x1536":"https:\/\/pornuestrolaredo.com\/wp-content\/uploads\/2024\/12\/Stereo91-20241231-2.jpg","2048x2048":"https:\/\/pornuestrolaredo.com\/wp-content\/uploads\/2024\/12\/Stereo91-20241231-2.jpg","morenews-large":"https:\/\/pornuestrolaredo.com\/wp-content\/uploads\/2024\/12\/Stereo91-20241231-2.jpg","morenews-medium":"https:\/\/pornuestrolaredo.com\/wp-content\/uploads\/2024\/12\/Stereo91-20241231-2.jpg"},"magazineBlocksPostAuthor":{"name":"Redactor","avatar":"https:\/\/pornuestrolaredo.com\/wp-content\/litespeed\/avatar\/dca1d7ec750c399f025f23b0b314f4cf.jpg?ver=1777612120"},"magazineBlocksPostCommentsNumber":false,"magazineBlocksPostExcerpt":"En promedio, 300 personas se mueven por d\u00eda por las tres aerolineas que operan: Aerom\u00e9xico, Viva Aerobus y Mexicana","magazineBlocksPostCategories":["Los dos Laredos"],"magazineBlocksPostViewCount":169,"magazineBlocksPostReadTime":2,"magazine_blocks_featured_image_url":{"full":["https:\/\/pornuestrolaredo.com\/wp-content\/uploads\/2024\/12\/Stereo91-20241231-2.jpg",850,474,false],"medium":["https:\/\/pornuestrolaredo.com\/wp-content\/uploads\/2024\/12\/Stereo91-20241231-2-300x167.jpg",300,167,true],"thumbnail":["https:\/\/pornuestrolaredo.com\/wp-content\/uploads\/2024\/12\/Stereo91-20241231-2-150x150.jpg",150,150,true]},"magazine_blocks_author":{"display_name":"Redactor","author_link":"https:\/\/pornuestrolaredo.com\/?author=1"},"magazine_blocks_comment":0,"magazine_blocks_author_image":"https:\/\/pornuestrolaredo.com\/wp-content\/litespeed\/avatar\/dca1d7ec750c399f025f23b0b314f4cf.jpg?ver=1777612120","magazine_blocks_category":"<a href=\"#\" class=\"category-link category-link-4\">Los dos Laredos<\/a>","jetpack_publicize_connections":[],"featured_image_urls":{"full":["https:\/\/pornuestrolaredo.com\/wp-content\/uploads\/2024\/12\/Stereo91-20241231-2.jpg",850,474,false],"thumbnail":["https:\/\/pornuestrolaredo.com\/wp-content\/uploads\/2024\/12\/Stereo91-20241231-2-150x150.jpg",150,150,true],"medium":["https:\/\/pornuestrolaredo.com\/wp-content\/uploads\/2024\/12\/Stereo91-20241231-2-300x167.jpg",300,167,true],"medium_large":["https:\/\/pornuestrolaredo.com\/wp-content\/uploads\/2024\/12\/Stereo91-20241231-2-768x428.jpg",640,357,true],"large":["https:\/\/pornuestrolaredo.com\/wp-content\/uploads\/2024\/12\/Stereo91-20241231-2.jpg",640,357,false],"1536x1536":["https:\/\/pornuestrolaredo.com\/wp-content\/uploads\/2024\/12\/Stereo91-20241231-2.jpg",850,474,false],"2048x2048":["https:\/\/pornuestrolaredo.com\/wp-content\/uploads\/2024\/12\/Stereo91-20241231-2.jpg",850,474,false],"morenews-large":["https:\/\/pornuestrolaredo.com\/wp-content\/uploads\/2024\/12\/Stereo91-20241231-2.jpg",825,460,false],"morenews-medium":["https:\/\/pornuestrolaredo.com\/wp-content\/uploads\/2024\/12\/Stereo91-20241231-2.jpg",590,329,false]},"author_info":{"info":["Redactor"]},"category_info":"<a href=\"https:\/\/pornuestrolaredo.com\/?cat=4\" rel=\"category\">Los dos Laredos<\/a>","tag_info":"Los dos Laredos","comment_count":"0","jetpack_featured_media_url":"https:\/\/pornuestrolaredo.com\/wp-content\/uploads\/2024\/12\/Stereo91-20241231-2.jpg","jetpack_sharing_enabled":true,"_links":{"self":[{"href":"https:\/\/pornuestrolaredo.com\/index.php?rest_route=\/wp\/v2\/posts\/5803","targetHints":{"allow":["GET"]}}],"collection":[{"href":"https:\/\/pornuestrolaredo.com\/index.php?rest_route=\/wp\/v2\/posts"}],"about":[{"href":"https:\/\/pornuestrolaredo.com\/index.php?rest_route=\/wp\/v2\/types\/post"}],"author":[{"embeddable":true,"href":"https:\/\/pornuestrolaredo.com\/index.php?rest_route=\/wp\/v2\/users\/1"}],"replies":[{"embeddable":true,"href":"https:\/\/pornuestrolaredo.com\/index.php?rest_route=%2Fwp%2Fv2%2Fcomments&post=5803"}],"version-history":[{"count":1,"href":"https:\/\/pornuestrolaredo.com\/index.php?rest_route=\/wp\/v2\/posts\/5803\/revisions"}],"predecessor-version":[{"id":5805,"href":"https:\/\/pornuestrolaredo.com\/index.php?rest_route=\/wp\/v2\/posts\/5803\/revisions\/5805"}],"wp:featuredmedia":[{"embeddable":true,"href":"https:\/\/pornuestrolaredo.com\/index.php?rest_route=\/wp\/v2\/media\/5804"}],"wp:attachment":[{"href":"https:\/\/pornuestrolaredo.com\/index.php?rest_route=%2Fwp%2Fv2%2Fmedia&parent=5803"}],"wp:term":[{"taxonomy":"category","embeddable":true,"href":"https:\/\/pornuestrolaredo.com\/index.php?rest_route=%2Fwp%2Fv2%2Fcategories&post=5803"},{"taxonomy":"post_tag","embeddable":true,"href":"https:\/\/pornuestrolaredo.com\/index.php?rest_route=%2Fwp%2Fv2%2Ftags&post=5803"}],"curies":[{"name":"wp","href":"https:\/\/api.w.org\/{rel}","templated":true}]}}