{"id":5813,"date":"2025-01-02T19:50:06","date_gmt":"2025-01-02T19:50:06","guid":{"rendered":"https:\/\/pornuestrolaredo.com\/?p=5813"},"modified":"2025-01-02T19:50:06","modified_gmt":"2025-01-02T19:50:06","slug":"invitan-a-aprovechar-los-descuentos-en-el-predial","status":"publish","type":"post","link":"https:\/\/pornuestrolaredo.com\/?p=5813","title":{"rendered":"Invitan a aprovechar los descuentos en el predial"},"content":{"rendered":"<p><strong><em>NUEVO LAREDO.-<\/em><\/strong> El Gobierno de Nuevo Laredo invita a la ciudadan\u00eda para que paguen a tiempo su pago del predial y aprovechen los descuentos del 15 y 50 por ciento durante los meses de enero y febrero.<\/p>\n<p>El descuento del 15 por ciento aplica en la bonificaci\u00f3n del pago del impuesto predial 2025 espec\u00edficamente de este a\u00f1o corriente y el 50 por ciento de descuento en bonificaci\u00f3n a pensionados, jubilados, mayores de 60 a\u00f1os y personas que padezcan alguna discapacidad para laborar.<\/p>\n<p>Los pagos de predial se realizan en las diferentes dependencias como la Direcci\u00f3n de Ingresos ubicada en el edificio Palomar en horario de lunes a viernes de 8:00 de la ma\u00f1ana  a 8:00 de la noche y  s\u00e1bados de 9:00 de la ma\u00f1ana a 2:00 de la tarde.<\/p>\n<p>La ciudadan\u00eda tambi\u00e9n puede realizar su pago en las oficinas de Comapa ubicadas en la colonia Hidalgo, en el m\u00f3dulo en Prometeo #502, Reservas Territoriales, en la oficina de Planeaci\u00f3n en Arteaga #3900, en el Tanque elevado en Matamoros entre Luis Caballero y Per\u00fa en horario de lunes a viernes de 8:00 de la ma\u00f1ana a 3 de la tarde.<\/p>\n<p>Tambi\u00e9n pueden pagar su predial en el edificio de Seguridad P\u00fablica de lunes a s\u00e1bado de 8:00 de la ma\u00f1ana a 8:00 de la noche.<\/p>\n<p>El m\u00f3dulo en Paseo Reforma tiene horarios m\u00e1s extensivos de lunes a viernes de 8:00 de la ma\u00f1ana a 8:00 de la noche, s\u00e1bados de 9:00 de la ma\u00f1ana  a 4:00 de la tarde y domingos de 9:00 de la ma\u00f1ana a 2:00 de la tarde.<\/p>\n<p>Otra de las facilidades de pago para evitar filas es por medio de la p\u00e1gina del Gobierno Municipal www.nld.go.mx<\/p>\n","protected":false},"excerpt":{"rendered":"<p>Quienes paguen en enero y febrero tendr\u00e1n que aportar 15 por ciento menos y si son adultos mayores, el 50 por ciento<\/p>\n","protected":false},"author":1,"featured_media":5814,"comment_status":"closed","ping_status":"closed","sticky":false,"template":"","format":"standard","meta":{"_crdt_document":"","_jetpack_memberships_contains_paid_content":false,"footnotes":"","jetpack_publicize_message":"","jetpack_publicize_feature_enabled":true,"jetpack_social_post_already_shared":true,"jetpack_social_options":{"image_generator_settings":{"template":"highway","default_image_id":0,"font":"","enabled":false},"version":2},"_wpas_customize_per_network":false},"categories":[4],"tags":[],"class_list":["post-5813","post","type-post","status-publish","format-standard","has-post-thumbnail","hentry","category-los-dos-laredos"],"magazineBlocksPostFeaturedMedia":{"thumbnail":"https:\/\/pornuestrolaredo.com\/wp-content\/uploads\/2025\/01\/Stereo91-20250102-7-150x150.jpg","medium":"https:\/\/pornuestrolaredo.com\/wp-content\/uploads\/2025\/01\/Stereo91-20250102-7-300x169.jpg","medium_large":"https:\/\/pornuestrolaredo.com\/wp-content\/uploads\/2025\/01\/Stereo91-20250102-7-768x432.jpg","large":"https:\/\/pornuestrolaredo.com\/wp-content\/uploads\/2025\/01\/Stereo91-20250102-7.jpg","1536x1536":"https:\/\/pornuestrolaredo.com\/wp-content\/uploads\/2025\/01\/Stereo91-20250102-7.jpg","2048x2048":"https:\/\/pornuestrolaredo.com\/wp-content\/uploads\/2025\/01\/Stereo91-20250102-7.jpg","morenews-large":"https:\/\/pornuestrolaredo.com\/wp-content\/uploads\/2025\/01\/Stereo91-20250102-7.jpg","morenews-medium":"https:\/\/pornuestrolaredo.com\/wp-content\/uploads\/2025\/01\/Stereo91-20250102-7.jpg"},"magazineBlocksPostAuthor":{"name":"Redactor","avatar":"https:\/\/pornuestrolaredo.com\/wp-content\/litespeed\/avatar\/dca1d7ec750c399f025f23b0b314f4cf.jpg?ver=1777612120"},"magazineBlocksPostCommentsNumber":false,"magazineBlocksPostExcerpt":"Quienes paguen en enero y febrero tendr\u00e1n que aportar 15 por ciento menos y si son adultos mayores, el 50 por ciento","magazineBlocksPostCategories":["Los dos Laredos"],"magazineBlocksPostViewCount":156,"magazineBlocksPostReadTime":2,"magazine_blocks_featured_image_url":{"full":["https:\/\/pornuestrolaredo.com\/wp-content\/uploads\/2025\/01\/Stereo91-20250102-7.jpg",850,478,false],"medium":["https:\/\/pornuestrolaredo.com\/wp-content\/uploads\/2025\/01\/Stereo91-20250102-7-300x169.jpg",300,169,true],"thumbnail":["https:\/\/pornuestrolaredo.com\/wp-content\/uploads\/2025\/01\/Stereo91-20250102-7-150x150.jpg",150,150,true]},"magazine_blocks_author":{"display_name":"Redactor","author_link":"https:\/\/pornuestrolaredo.com\/?author=1"},"magazine_blocks_comment":0,"magazine_blocks_author_image":"https:\/\/pornuestrolaredo.com\/wp-content\/litespeed\/avatar\/dca1d7ec750c399f025f23b0b314f4cf.jpg?ver=1777612120","magazine_blocks_category":"<a href=\"#\" class=\"category-link category-link-4\">Los dos Laredos<\/a>","jetpack_publicize_connections":[],"featured_image_urls":{"full":["https:\/\/pornuestrolaredo.com\/wp-content\/uploads\/2025\/01\/Stereo91-20250102-7.jpg",850,478,false],"thumbnail":["https:\/\/pornuestrolaredo.com\/wp-content\/uploads\/2025\/01\/Stereo91-20250102-7-150x150.jpg",150,150,true],"medium":["https:\/\/pornuestrolaredo.com\/wp-content\/uploads\/2025\/01\/Stereo91-20250102-7-300x169.jpg",300,169,true],"medium_large":["https:\/\/pornuestrolaredo.com\/wp-content\/uploads\/2025\/01\/Stereo91-20250102-7-768x432.jpg",640,360,true],"large":["https:\/\/pornuestrolaredo.com\/wp-content\/uploads\/2025\/01\/Stereo91-20250102-7.jpg",640,360,false],"1536x1536":["https:\/\/pornuestrolaredo.com\/wp-content\/uploads\/2025\/01\/Stereo91-20250102-7.jpg",850,478,false],"2048x2048":["https:\/\/pornuestrolaredo.com\/wp-content\/uploads\/2025\/01\/Stereo91-20250102-7.jpg",850,478,false],"morenews-large":["https:\/\/pornuestrolaredo.com\/wp-content\/uploads\/2025\/01\/Stereo91-20250102-7.jpg",825,464,false],"morenews-medium":["https:\/\/pornuestrolaredo.com\/wp-content\/uploads\/2025\/01\/Stereo91-20250102-7.jpg",590,332,false]},"author_info":{"info":["Redactor"]},"category_info":"<a href=\"https:\/\/pornuestrolaredo.com\/?cat=4\" rel=\"category\">Los dos Laredos<\/a>","tag_info":"Los dos Laredos","comment_count":"0","jetpack_featured_media_url":"https:\/\/pornuestrolaredo.com\/wp-content\/uploads\/2025\/01\/Stereo91-20250102-7.jpg","jetpack_sharing_enabled":true,"_links":{"self":[{"href":"https:\/\/pornuestrolaredo.com\/index.php?rest_route=\/wp\/v2\/posts\/5813","targetHints":{"allow":["GET"]}}],"collection":[{"href":"https:\/\/pornuestrolaredo.com\/index.php?rest_route=\/wp\/v2\/posts"}],"about":[{"href":"https:\/\/pornuestrolaredo.com\/index.php?rest_route=\/wp\/v2\/types\/post"}],"author":[{"embeddable":true,"href":"https:\/\/pornuestrolaredo.com\/index.php?rest_route=\/wp\/v2\/users\/1"}],"replies":[{"embeddable":true,"href":"https:\/\/pornuestrolaredo.com\/index.php?rest_route=%2Fwp%2Fv2%2Fcomments&post=5813"}],"version-history":[{"count":1,"href":"https:\/\/pornuestrolaredo.com\/index.php?rest_route=\/wp\/v2\/posts\/5813\/revisions"}],"predecessor-version":[{"id":5815,"href":"https:\/\/pornuestrolaredo.com\/index.php?rest_route=\/wp\/v2\/posts\/5813\/revisions\/5815"}],"wp:featuredmedia":[{"embeddable":true,"href":"https:\/\/pornuestrolaredo.com\/index.php?rest_route=\/wp\/v2\/media\/5814"}],"wp:attachment":[{"href":"https:\/\/pornuestrolaredo.com\/index.php?rest_route=%2Fwp%2Fv2%2Fmedia&parent=5813"}],"wp:term":[{"taxonomy":"category","embeddable":true,"href":"https:\/\/pornuestrolaredo.com\/index.php?rest_route=%2Fwp%2Fv2%2Fcategories&post=5813"},{"taxonomy":"post_tag","embeddable":true,"href":"https:\/\/pornuestrolaredo.com\/index.php?rest_route=%2Fwp%2Fv2%2Ftags&post=5813"}],"curies":[{"name":"wp","href":"https:\/\/api.w.org\/{rel}","templated":true}]}}