{"id":5822,"date":"2025-01-06T17:17:42","date_gmt":"2025-01-06T17:17:42","guid":{"rendered":"https:\/\/pornuestrolaredo.com\/?p=5822"},"modified":"2025-01-06T17:17:42","modified_gmt":"2025-01-06T17:17:42","slug":"lanzara-gobierno-de-mexico-al-olinia-auto-100-electrico","status":"publish","type":"post","link":"https:\/\/pornuestrolaredo.com\/?p=5822","title":{"rendered":"Lanzar\u00e1 Gobierno de M\u00e9xico al Olinia, auto 100% el\u00e9ctrico"},"content":{"rendered":"<p><strong>CIUDAD DE M\u00c9XICO.-<\/strong> El Gobierno federal anunci\u00f3 la armadora mexicana Olinia, que crear\u00e1 autom\u00f3viles el\u00e9ctricos con costos entre los 90 mil y 150 mil pesos.<\/p>\n<p>Roberto Capuano, director de la armadora, afirm\u00f3 en la conferencia ma\u00f1anera de Sheinbaum que el veh\u00edculo solucionar\u00e1 la movilidad urbana y reducir\u00e1 las emisiones de gases de efecto invernadero.<\/p>\n<p>Lanzar\u00e1n tres modelos, los cuales tendr\u00e1n el mismo chasis, pero distintas carrocer\u00edas. Uno de ellos es para la entrega de \u00faltima milla.<\/p>\n<p>Prev\u00e9n estrenar el primero de los modelos en el Mundial de f\u00fatbol que albergar\u00e1 M\u00e9xico, en junio de 2026.<br \/>\nExplic\u00f3 que el proyecto tendr\u00e1 un presupuesto de 25 millones de pesos, que tendr\u00e1 componentes mexicanos y que se podr\u00e1 conectar en enchufes convencionales.<\/p>\n<p>Afirm\u00f3 que est\u00e1n evaluando el lugar en d\u00f3nde se construir\u00e1 la armadora, adem\u00e1s de que analizan diversas formas de construir y distribuir los veh\u00edculos. Podr\u00eda ser que existan diversas plantas en el Pa\u00eds, aseguraron.<\/p>\n<p>Capuano expres\u00f3 que la mejor opci\u00f3n para la bater\u00eda de los autos es el litio.<\/p>\n<p>La Presidenta Claudia Sheinbaum dijo que el auto el\u00e9ctrico ser\u00e1 una opci\u00f3n m\u00e1s segura que el uso de motocicletas.<\/p>\n<p>Agreg\u00f3 que se prev\u00e9 realizar un concurso para ver qu\u00e9 empresa privada ofrece las mejores condiciones para construir la armadora.<\/p>\n","protected":false},"excerpt":{"rendered":"<p>Anuncian que lanzar\u00e1n tres modelos, uno de ellos para reparto de mercanc\u00edas en zonas urbanas<\/p>\n","protected":false},"author":1,"featured_media":5823,"comment_status":"closed","ping_status":"closed","sticky":false,"template":"","format":"standard","meta":{"_crdt_document":"","_jetpack_memberships_contains_paid_content":false,"footnotes":"","jetpack_publicize_message":"","jetpack_publicize_feature_enabled":true,"jetpack_social_post_already_shared":true,"jetpack_social_options":{"image_generator_settings":{"template":"highway","default_image_id":0,"font":"","enabled":false},"version":2},"_wpas_customize_per_network":false},"categories":[33],"tags":[],"class_list":["post-5822","post","type-post","status-publish","format-standard","has-post-thumbnail","hentry","category-mexico"],"magazineBlocksPostFeaturedMedia":{"thumbnail":"https:\/\/pornuestrolaredo.com\/wp-content\/uploads\/2025\/01\/Stereo91-20250106-1-150x150.jpg","medium":"https:\/\/pornuestrolaredo.com\/wp-content\/uploads\/2025\/01\/Stereo91-20250106-1-300x169.jpg","medium_large":"https:\/\/pornuestrolaredo.com\/wp-content\/uploads\/2025\/01\/Stereo91-20250106-1-768x432.jpg","large":"https:\/\/pornuestrolaredo.com\/wp-content\/uploads\/2025\/01\/Stereo91-20250106-1.jpg","1536x1536":"https:\/\/pornuestrolaredo.com\/wp-content\/uploads\/2025\/01\/Stereo91-20250106-1.jpg","2048x2048":"https:\/\/pornuestrolaredo.com\/wp-content\/uploads\/2025\/01\/Stereo91-20250106-1.jpg","morenews-large":"https:\/\/pornuestrolaredo.com\/wp-content\/uploads\/2025\/01\/Stereo91-20250106-1.jpg","morenews-medium":"https:\/\/pornuestrolaredo.com\/wp-content\/uploads\/2025\/01\/Stereo91-20250106-1.jpg"},"magazineBlocksPostAuthor":{"name":"Redactor","avatar":"https:\/\/pornuestrolaredo.com\/wp-content\/litespeed\/avatar\/dca1d7ec750c399f025f23b0b314f4cf.jpg?ver=1777612120"},"magazineBlocksPostCommentsNumber":false,"magazineBlocksPostExcerpt":"Anuncian que lanzar\u00e1n tres modelos, uno de ellos para reparto de mercanc\u00edas en zonas urbanas","magazineBlocksPostCategories":["Mexico"],"magazineBlocksPostViewCount":173,"magazineBlocksPostReadTime":2,"magazine_blocks_featured_image_url":{"full":["https:\/\/pornuestrolaredo.com\/wp-content\/uploads\/2025\/01\/Stereo91-20250106-1.jpg",907,510,false],"medium":["https:\/\/pornuestrolaredo.com\/wp-content\/uploads\/2025\/01\/Stereo91-20250106-1-300x169.jpg",300,169,true],"thumbnail":["https:\/\/pornuestrolaredo.com\/wp-content\/uploads\/2025\/01\/Stereo91-20250106-1-150x150.jpg",150,150,true]},"magazine_blocks_author":{"display_name":"Redactor","author_link":"https:\/\/pornuestrolaredo.com\/?author=1"},"magazine_blocks_comment":0,"magazine_blocks_author_image":"https:\/\/pornuestrolaredo.com\/wp-content\/litespeed\/avatar\/dca1d7ec750c399f025f23b0b314f4cf.jpg?ver=1777612120","magazine_blocks_category":"<a href=\"#\" class=\"category-link category-link-33\">Mexico<\/a>","jetpack_publicize_connections":[],"featured_image_urls":{"full":["https:\/\/pornuestrolaredo.com\/wp-content\/uploads\/2025\/01\/Stereo91-20250106-1.jpg",907,510,false],"thumbnail":["https:\/\/pornuestrolaredo.com\/wp-content\/uploads\/2025\/01\/Stereo91-20250106-1-150x150.jpg",150,150,true],"medium":["https:\/\/pornuestrolaredo.com\/wp-content\/uploads\/2025\/01\/Stereo91-20250106-1-300x169.jpg",300,169,true],"medium_large":["https:\/\/pornuestrolaredo.com\/wp-content\/uploads\/2025\/01\/Stereo91-20250106-1-768x432.jpg",640,360,true],"large":["https:\/\/pornuestrolaredo.com\/wp-content\/uploads\/2025\/01\/Stereo91-20250106-1.jpg",640,360,false],"1536x1536":["https:\/\/pornuestrolaredo.com\/wp-content\/uploads\/2025\/01\/Stereo91-20250106-1.jpg",907,510,false],"2048x2048":["https:\/\/pornuestrolaredo.com\/wp-content\/uploads\/2025\/01\/Stereo91-20250106-1.jpg",907,510,false],"morenews-large":["https:\/\/pornuestrolaredo.com\/wp-content\/uploads\/2025\/01\/Stereo91-20250106-1.jpg",825,464,false],"morenews-medium":["https:\/\/pornuestrolaredo.com\/wp-content\/uploads\/2025\/01\/Stereo91-20250106-1.jpg",590,332,false]},"author_info":{"info":["Redactor"]},"category_info":"<a href=\"https:\/\/pornuestrolaredo.com\/?cat=33\" rel=\"category\">Mexico<\/a>","tag_info":"Mexico","comment_count":"0","jetpack_featured_media_url":"https:\/\/pornuestrolaredo.com\/wp-content\/uploads\/2025\/01\/Stereo91-20250106-1.jpg","jetpack_sharing_enabled":true,"_links":{"self":[{"href":"https:\/\/pornuestrolaredo.com\/index.php?rest_route=\/wp\/v2\/posts\/5822","targetHints":{"allow":["GET"]}}],"collection":[{"href":"https:\/\/pornuestrolaredo.com\/index.php?rest_route=\/wp\/v2\/posts"}],"about":[{"href":"https:\/\/pornuestrolaredo.com\/index.php?rest_route=\/wp\/v2\/types\/post"}],"author":[{"embeddable":true,"href":"https:\/\/pornuestrolaredo.com\/index.php?rest_route=\/wp\/v2\/users\/1"}],"replies":[{"embeddable":true,"href":"https:\/\/pornuestrolaredo.com\/index.php?rest_route=%2Fwp%2Fv2%2Fcomments&post=5822"}],"version-history":[{"count":1,"href":"https:\/\/pornuestrolaredo.com\/index.php?rest_route=\/wp\/v2\/posts\/5822\/revisions"}],"predecessor-version":[{"id":5824,"href":"https:\/\/pornuestrolaredo.com\/index.php?rest_route=\/wp\/v2\/posts\/5822\/revisions\/5824"}],"wp:featuredmedia":[{"embeddable":true,"href":"https:\/\/pornuestrolaredo.com\/index.php?rest_route=\/wp\/v2\/media\/5823"}],"wp:attachment":[{"href":"https:\/\/pornuestrolaredo.com\/index.php?rest_route=%2Fwp%2Fv2%2Fmedia&parent=5822"}],"wp:term":[{"taxonomy":"category","embeddable":true,"href":"https:\/\/pornuestrolaredo.com\/index.php?rest_route=%2Fwp%2Fv2%2Fcategories&post=5822"},{"taxonomy":"post_tag","embeddable":true,"href":"https:\/\/pornuestrolaredo.com\/index.php?rest_route=%2Fwp%2Fv2%2Ftags&post=5822"}],"curies":[{"name":"wp","href":"https:\/\/api.w.org\/{rel}","templated":true}]}}