{"id":5825,"date":"2025-01-06T18:10:22","date_gmt":"2025-01-06T18:10:22","guid":{"rendered":"https:\/\/pornuestrolaredo.com\/?p=5825"},"modified":"2025-01-06T18:10:22","modified_gmt":"2025-01-06T18:10:22","slug":"exhibe-federacion-a-16-gasolineros-careros","status":"publish","type":"post","link":"https:\/\/pornuestrolaredo.com\/?p=5825","title":{"rendered":"Exhibe Federaci\u00f3n a 16 gasolineros careros"},"content":{"rendered":"<p><strong><em>CIUDAD DE M\u00c9XICO.-<\/em><\/strong> La Procuradur\u00eda Federal del Consumidor (Profeco) exhibi\u00f3 a 16 estaciones que venden la gasolina a precios altos en ocho regiones econ\u00f3micas del pa\u00eds, enfatizando el margen de ganancia que obtienen.<\/p>\n<p>Iv\u00e1n Escalante, titular de la dependencia, expuso los datos durante la ma\u00f1anera de la presidenta Claudia Sheinbaum, en Palacio Nacional, como parte de la secci\u00f3n &#8220;Qui\u00e9n es qui\u00e9n&#8221;.<\/p>\n<p>Sin embargo, no precis\u00f3 si fueron colocadas las lonas con tache a cada gasolinera como hab\u00eda prometido el viernes pasado.<\/p>\n<p>&#8220;Ahora vamos a estar destacando los indicadores de ganancia de las gasolineras que venden m\u00e1s barato y m\u00e1s caro&#8221;, advirti\u00f3.<\/p>\n<p>Seg\u00fan la presentaci\u00f3n, en gasolina regular el precio m\u00e1s bajo fue de $22.19 por litro.<\/p>\n<p>En tanto, entre las m\u00e1s caras que fueron exhibidas estuvo Chevron en Culiac\u00e1n con precio de $26.80.<\/p>\n<p>En indicador de ganancia, de las que m\u00e1s obtuvieron, fue Mobil de Monterrey con un precio de $26.29 y un margen de beneficio de $4.12.<\/p>\n<p>Otra estaci\u00f3n exhibida fue Migasolina en Durango, con precio de $25.73 y un \u00edndice de utilidad de $2.73.<\/p>\n<p>El viernes pasado, el mismo funcionario adelant\u00f3 que evidenciar\u00eda a las gasolineras que cobren m\u00e1s del precio promedio vigente del litro de gasolina, de entre 23.50 y 24 pesos.<\/p>\n<p>Esta ma\u00f1ana, Escalante reiter\u00f3 que el precio de la gasolina baj\u00f3 con AMLO en 5.2 por ciento, y, en lo que va del Gobierno de Sheinbaum, 0.4.<\/p>\n<p>En contraste, indic\u00f3, el precio de la gasolina regular mostr\u00f3 un crecimiento acumulado de 22.9 por ciento de 2006 a 2012, con Felipe Calder\u00f3n, y de 42.8 por ciento entre 2012 y 2018, en la Administraci\u00f3n de Enrique Pe\u00f1a Nieto.<\/p>\n","protected":false},"excerpt":{"rendered":"<p>Entre las m\u00e1s estaciones m\u00e1s caras que fueron exhibidas estuvo Chevron en Culiac\u00e1n con precio de $26.80 el litro<\/p>\n","protected":false},"author":1,"featured_media":5826,"comment_status":"closed","ping_status":"closed","sticky":false,"template":"","format":"standard","meta":{"_crdt_document":"","_jetpack_memberships_contains_paid_content":false,"footnotes":"","jetpack_publicize_message":"","jetpack_publicize_feature_enabled":true,"jetpack_social_post_already_shared":true,"jetpack_social_options":{"image_generator_settings":{"template":"highway","default_image_id":0,"font":"","enabled":false},"version":2},"_wpas_customize_per_network":false},"categories":[33],"tags":[],"class_list":["post-5825","post","type-post","status-publish","format-standard","has-post-thumbnail","hentry","category-mexico"],"magazineBlocksPostFeaturedMedia":{"thumbnail":"https:\/\/pornuestrolaredo.com\/wp-content\/uploads\/2025\/01\/Stereo91-20250106-4-150x150.jpg","medium":"https:\/\/pornuestrolaredo.com\/wp-content\/uploads\/2025\/01\/Stereo91-20250106-4-300x155.jpg","medium_large":"https:\/\/pornuestrolaredo.com\/wp-content\/uploads\/2025\/01\/Stereo91-20250106-4-768x397.jpg","large":"https:\/\/pornuestrolaredo.com\/wp-content\/uploads\/2025\/01\/Stereo91-20250106-4.jpg","1536x1536":"https:\/\/pornuestrolaredo.com\/wp-content\/uploads\/2025\/01\/Stereo91-20250106-4.jpg","2048x2048":"https:\/\/pornuestrolaredo.com\/wp-content\/uploads\/2025\/01\/Stereo91-20250106-4.jpg","morenews-large":"https:\/\/pornuestrolaredo.com\/wp-content\/uploads\/2025\/01\/Stereo91-20250106-4.jpg","morenews-medium":"https:\/\/pornuestrolaredo.com\/wp-content\/uploads\/2025\/01\/Stereo91-20250106-4.jpg"},"magazineBlocksPostAuthor":{"name":"Redactor","avatar":"https:\/\/pornuestrolaredo.com\/wp-content\/litespeed\/avatar\/dca1d7ec750c399f025f23b0b314f4cf.jpg?ver=1777612120"},"magazineBlocksPostCommentsNumber":false,"magazineBlocksPostExcerpt":"Entre las m\u00e1s estaciones m\u00e1s caras que fueron exhibidas estuvo Chevron en Culiac\u00e1n con precio de $26.80 el litro","magazineBlocksPostCategories":["Mexico"],"magazineBlocksPostViewCount":159,"magazineBlocksPostReadTime":2,"magazine_blocks_featured_image_url":{"full":["https:\/\/pornuestrolaredo.com\/wp-content\/uploads\/2025\/01\/Stereo91-20250106-4.jpg",960,496,false],"medium":["https:\/\/pornuestrolaredo.com\/wp-content\/uploads\/2025\/01\/Stereo91-20250106-4-300x155.jpg",300,155,true],"thumbnail":["https:\/\/pornuestrolaredo.com\/wp-content\/uploads\/2025\/01\/Stereo91-20250106-4-150x150.jpg",150,150,true]},"magazine_blocks_author":{"display_name":"Redactor","author_link":"https:\/\/pornuestrolaredo.com\/?author=1"},"magazine_blocks_comment":0,"magazine_blocks_author_image":"https:\/\/pornuestrolaredo.com\/wp-content\/litespeed\/avatar\/dca1d7ec750c399f025f23b0b314f4cf.jpg?ver=1777612120","magazine_blocks_category":"<a href=\"#\" class=\"category-link category-link-33\">Mexico<\/a>","jetpack_publicize_connections":[],"featured_image_urls":{"full":["https:\/\/pornuestrolaredo.com\/wp-content\/uploads\/2025\/01\/Stereo91-20250106-4.jpg",960,496,false],"thumbnail":["https:\/\/pornuestrolaredo.com\/wp-content\/uploads\/2025\/01\/Stereo91-20250106-4-150x150.jpg",150,150,true],"medium":["https:\/\/pornuestrolaredo.com\/wp-content\/uploads\/2025\/01\/Stereo91-20250106-4-300x155.jpg",300,155,true],"medium_large":["https:\/\/pornuestrolaredo.com\/wp-content\/uploads\/2025\/01\/Stereo91-20250106-4-768x397.jpg",640,331,true],"large":["https:\/\/pornuestrolaredo.com\/wp-content\/uploads\/2025\/01\/Stereo91-20250106-4.jpg",640,331,false],"1536x1536":["https:\/\/pornuestrolaredo.com\/wp-content\/uploads\/2025\/01\/Stereo91-20250106-4.jpg",960,496,false],"2048x2048":["https:\/\/pornuestrolaredo.com\/wp-content\/uploads\/2025\/01\/Stereo91-20250106-4.jpg",960,496,false],"morenews-large":["https:\/\/pornuestrolaredo.com\/wp-content\/uploads\/2025\/01\/Stereo91-20250106-4.jpg",825,426,false],"morenews-medium":["https:\/\/pornuestrolaredo.com\/wp-content\/uploads\/2025\/01\/Stereo91-20250106-4.jpg",590,305,false]},"author_info":{"info":["Redactor"]},"category_info":"<a href=\"https:\/\/pornuestrolaredo.com\/?cat=33\" rel=\"category\">Mexico<\/a>","tag_info":"Mexico","comment_count":"0","jetpack_featured_media_url":"https:\/\/pornuestrolaredo.com\/wp-content\/uploads\/2025\/01\/Stereo91-20250106-4.jpg","jetpack_sharing_enabled":true,"_links":{"self":[{"href":"https:\/\/pornuestrolaredo.com\/index.php?rest_route=\/wp\/v2\/posts\/5825","targetHints":{"allow":["GET"]}}],"collection":[{"href":"https:\/\/pornuestrolaredo.com\/index.php?rest_route=\/wp\/v2\/posts"}],"about":[{"href":"https:\/\/pornuestrolaredo.com\/index.php?rest_route=\/wp\/v2\/types\/post"}],"author":[{"embeddable":true,"href":"https:\/\/pornuestrolaredo.com\/index.php?rest_route=\/wp\/v2\/users\/1"}],"replies":[{"embeddable":true,"href":"https:\/\/pornuestrolaredo.com\/index.php?rest_route=%2Fwp%2Fv2%2Fcomments&post=5825"}],"version-history":[{"count":1,"href":"https:\/\/pornuestrolaredo.com\/index.php?rest_route=\/wp\/v2\/posts\/5825\/revisions"}],"predecessor-version":[{"id":5827,"href":"https:\/\/pornuestrolaredo.com\/index.php?rest_route=\/wp\/v2\/posts\/5825\/revisions\/5827"}],"wp:featuredmedia":[{"embeddable":true,"href":"https:\/\/pornuestrolaredo.com\/index.php?rest_route=\/wp\/v2\/media\/5826"}],"wp:attachment":[{"href":"https:\/\/pornuestrolaredo.com\/index.php?rest_route=%2Fwp%2Fv2%2Fmedia&parent=5825"}],"wp:term":[{"taxonomy":"category","embeddable":true,"href":"https:\/\/pornuestrolaredo.com\/index.php?rest_route=%2Fwp%2Fv2%2Fcategories&post=5825"},{"taxonomy":"post_tag","embeddable":true,"href":"https:\/\/pornuestrolaredo.com\/index.php?rest_route=%2Fwp%2Fv2%2Ftags&post=5825"}],"curies":[{"name":"wp","href":"https:\/\/api.w.org\/{rel}","templated":true}]}}