{"id":583,"date":"2022-10-13T18:55:57","date_gmt":"2022-10-13T18:55:57","guid":{"rendered":"https:\/\/pornuestrolaredo.com\/?p=583"},"modified":"2022-10-13T18:55:57","modified_gmt":"2022-10-13T18:55:57","slug":"tendra-netflix-una-version-mas-barata%ef%bf%bc","status":"publish","type":"post","link":"https:\/\/pornuestrolaredo.com\/?p=583","title":{"rendered":"Tendr\u00e1 Netflix una versi\u00f3n m\u00e1s barata\ufffc"},"content":{"rendered":"\n<p class=\"wp-block-paragraph\"><strong><em>CIUDAD DE M\u00c9XICO.-<\/em><\/strong> La plataforma de contenidos streaming Netflix anunci\u00f3 hoy que a partir de noviembre estar\u00e1 disponible una versi\u00f3n econ\u00f3mica de su servicio con anuncios.<\/p>\n\n\n\n<p class=\"wp-block-paragraph\">El llamado plan B\u00e1sico con Anuncios costar\u00e1 desde 99 pesos al mes y estar\u00e1 disponible en 12 pa\u00edses, incluyendo M\u00e9xico y Estados Unidos.<\/p>\n\n\n\n<p class=\"wp-block-paragraph\">Greg Peters, director de operaciones, adelant\u00f3 en una rueda de prensa virtual que se trata de una apuesta para consolidarse y atraer nuevos usuarios.<\/p>\n\n\n\n<blockquote class=\"wp-block-quote is-layout-flow wp-block-quote-is-layout-flow\"><p>Creemos que con esta idea vamos a ofrecer un plan para cada fan de Netflix. Los suscriptores actuales no se ver\u00e1n afectados si ya tienen un plan con nosotros&#8221;, explic\u00f3 el directivo.<\/p><\/blockquote>\n\n\n\n<p class=\"wp-block-paragraph\">Los suscriptores al paquete B\u00e1sico con Anuncios no podr\u00e1n hacer descargas de las series o pel\u00edculas y s\u00f3lo tendr\u00e1n posibilidad de ver los contenidos en un dispositivo.<\/p>\n\n\n\n<p class=\"wp-block-paragraph\">Detall\u00f3 que los anuncios ser\u00e1n de 15 o 30 segundos y que no ser\u00e1n m\u00e1s de 4 o 5 minutos por hora.<\/p>\n\n\n\n<blockquote class=\"wp-block-quote is-layout-flow wp-block-quote-is-layout-flow\"><p>Creemos que un precio m\u00e1s bajo con monetizaci\u00f3n incrementar\u00e1 nuestra base de suscriptores, porque se trata de un acercamiento publicitario amable con los suscriptores&#8221;, se\u00f1al\u00f3 Peters.<\/p><\/blockquote>\n\n\n\n<p class=\"wp-block-paragraph\">Alemania, Australia, Brasil, Canad\u00e1, Corea, Espa\u00f1a, Francia, Italia, Jap\u00f3n y Reino Unido son los otros pa\u00edses donde estar\u00e1 disponible este nuevo plan.<\/p>\n\n\n\n<p class=\"wp-block-paragraph\">El ejecutivo comparti\u00f3 que este servicio fue desarrollado en seis meses con ayuda de Microsoft. Esta empresa, no podr\u00e1 ver los perfiles de los usuarios para evitar que las marcas o publicistas env\u00eden luego anuncios dirigidos.<\/p>\n\n\n\n<p class=\"wp-block-paragraph\">S\u00f3lo se usar\u00e1 la fecha de nacimiento y el g\u00e9nero para determinar qu\u00e9 tipo de anuncios recibir\u00e1 cada usuario.<\/p>\n\n\n\n<p class=\"wp-block-paragraph\">Eso s\u00ed, habr\u00e1 ciertos controles para los anunciantes, pues no emitir\u00e1n contenidos relacionados con pol\u00edtica, actitudes discriminatorias, armas o cigarros.<\/p>\n\n\n\n<p class=\"wp-block-paragraph\">El nuevo plan entrar\u00e1 en M\u00e9xico y Canad\u00e1 el 1 de noviembre, el 3 en el resto de los pa\u00edses, excepto Espa\u00f1a, a donde llegar\u00e1 el 10.<\/p>\n\n\n\n<p class=\"wp-block-paragraph\"> Peters tambi\u00e9n revel\u00f3 que lograron una alianza con Nielsen para realizar las mediciones de audiencia, misma que entrar\u00e1 en vigor en 2023.<\/p>\n","protected":false},"excerpt":{"rendered":"<p>CIUDAD DE M\u00c9XICO.- La plataforma de contenidos streaming Netflix anunci\u00f3 hoy que a partir de noviembre estar\u00e1 disponible<\/p>\n","protected":false},"author":1,"featured_media":584,"comment_status":"open","ping_status":"open","sticky":false,"template":"","format":"standard","meta":{"_crdt_document":"","_jetpack_memberships_contains_paid_content":false,"footnotes":"","jetpack_publicize_message":"Sin embargo, los usuarios s\u00f3lo podr\u00e1n usar un dispositivo y llevar\u00e1 anuncios; en M\u00e9xico costar\u00e1 99 pesos al mes","jetpack_publicize_feature_enabled":true,"jetpack_social_post_already_shared":true,"jetpack_social_options":{"image_generator_settings":{"template":"highway","default_image_id":0,"font":"","enabled":false},"version":2},"_wpas_customize_per_network":false},"categories":[9],"tags":[],"class_list":["post-583","post","type-post","status-publish","format-standard","has-post-thumbnail","hentry","category-el-mundo"],"magazineBlocksPostFeaturedMedia":{"thumbnail":"https:\/\/pornuestrolaredo.com\/wp-content\/uploads\/2022\/10\/Stereo91-20221013-2-150x150.jpeg","medium":"https:\/\/pornuestrolaredo.com\/wp-content\/uploads\/2022\/10\/Stereo91-20221013-2-300x150.jpeg","medium_large":"https:\/\/pornuestrolaredo.com\/wp-content\/uploads\/2022\/10\/Stereo91-20221013-2-768x384.jpeg","large":"https:\/\/pornuestrolaredo.com\/wp-content\/uploads\/2022\/10\/Stereo91-20221013-2-1024x512.jpeg","1536x1536":"https:\/\/pornuestrolaredo.com\/wp-content\/uploads\/2022\/10\/Stereo91-20221013-2.jpeg","2048x2048":"https:\/\/pornuestrolaredo.com\/wp-content\/uploads\/2022\/10\/Stereo91-20221013-2.jpeg","morenews-large":"https:\/\/pornuestrolaredo.com\/wp-content\/uploads\/2022\/10\/Stereo91-20221013-2.jpeg","morenews-medium":"https:\/\/pornuestrolaredo.com\/wp-content\/uploads\/2022\/10\/Stereo91-20221013-2.jpeg"},"magazineBlocksPostAuthor":{"name":"Redactor","avatar":"https:\/\/pornuestrolaredo.com\/wp-content\/litespeed\/avatar\/dca1d7ec750c399f025f23b0b314f4cf.jpg?ver=1777612120"},"magazineBlocksPostCommentsNumber":false,"magazineBlocksPostExcerpt":"CIUDAD DE M\u00c9XICO.- La plataforma de contenidos streaming Netflix anunci\u00f3 hoy que a partir de noviembre estar\u00e1 disponible","magazineBlocksPostCategories":["El Mundo"],"magazineBlocksPostViewCount":131,"magazineBlocksPostReadTime":2,"magazine_blocks_featured_image_url":{"full":["https:\/\/pornuestrolaredo.com\/wp-content\/uploads\/2022\/10\/Stereo91-20221013-2.jpeg",1400,700,false],"medium":["https:\/\/pornuestrolaredo.com\/wp-content\/uploads\/2022\/10\/Stereo91-20221013-2-300x150.jpeg",300,150,true],"thumbnail":["https:\/\/pornuestrolaredo.com\/wp-content\/uploads\/2022\/10\/Stereo91-20221013-2-150x150.jpeg",150,150,true]},"magazine_blocks_author":{"display_name":"Redactor","author_link":"https:\/\/pornuestrolaredo.com\/?author=1"},"magazine_blocks_comment":0,"magazine_blocks_author_image":"https:\/\/pornuestrolaredo.com\/wp-content\/litespeed\/avatar\/dca1d7ec750c399f025f23b0b314f4cf.jpg?ver=1777612120","magazine_blocks_category":"<a href=\"#\" class=\"category-link category-link-9\">El Mundo<\/a>","jetpack_publicize_connections":[],"featured_image_urls":{"full":["https:\/\/pornuestrolaredo.com\/wp-content\/uploads\/2022\/10\/Stereo91-20221013-2.jpeg",1400,700,false],"thumbnail":["https:\/\/pornuestrolaredo.com\/wp-content\/uploads\/2022\/10\/Stereo91-20221013-2-150x150.jpeg",150,150,true],"medium":["https:\/\/pornuestrolaredo.com\/wp-content\/uploads\/2022\/10\/Stereo91-20221013-2-300x150.jpeg",300,150,true],"medium_large":["https:\/\/pornuestrolaredo.com\/wp-content\/uploads\/2022\/10\/Stereo91-20221013-2-768x384.jpeg",640,320,true],"large":["https:\/\/pornuestrolaredo.com\/wp-content\/uploads\/2022\/10\/Stereo91-20221013-2-1024x512.jpeg",640,320,true],"1536x1536":["https:\/\/pornuestrolaredo.com\/wp-content\/uploads\/2022\/10\/Stereo91-20221013-2.jpeg",1400,700,false],"2048x2048":["https:\/\/pornuestrolaredo.com\/wp-content\/uploads\/2022\/10\/Stereo91-20221013-2.jpeg",1400,700,false],"morenews-large":["https:\/\/pornuestrolaredo.com\/wp-content\/uploads\/2022\/10\/Stereo91-20221013-2.jpeg",825,413,false],"morenews-medium":["https:\/\/pornuestrolaredo.com\/wp-content\/uploads\/2022\/10\/Stereo91-20221013-2.jpeg",590,295,false]},"author_info":{"info":["Redactor"]},"category_info":"<a href=\"https:\/\/pornuestrolaredo.com\/?cat=9\" rel=\"category\">El Mundo<\/a>","tag_info":"El Mundo","comment_count":"0","jetpack_featured_media_url":"https:\/\/pornuestrolaredo.com\/wp-content\/uploads\/2022\/10\/Stereo91-20221013-2.jpeg","jetpack_sharing_enabled":true,"_links":{"self":[{"href":"https:\/\/pornuestrolaredo.com\/index.php?rest_route=\/wp\/v2\/posts\/583","targetHints":{"allow":["GET"]}}],"collection":[{"href":"https:\/\/pornuestrolaredo.com\/index.php?rest_route=\/wp\/v2\/posts"}],"about":[{"href":"https:\/\/pornuestrolaredo.com\/index.php?rest_route=\/wp\/v2\/types\/post"}],"author":[{"embeddable":true,"href":"https:\/\/pornuestrolaredo.com\/index.php?rest_route=\/wp\/v2\/users\/1"}],"replies":[{"embeddable":true,"href":"https:\/\/pornuestrolaredo.com\/index.php?rest_route=%2Fwp%2Fv2%2Fcomments&post=583"}],"version-history":[{"count":1,"href":"https:\/\/pornuestrolaredo.com\/index.php?rest_route=\/wp\/v2\/posts\/583\/revisions"}],"predecessor-version":[{"id":585,"href":"https:\/\/pornuestrolaredo.com\/index.php?rest_route=\/wp\/v2\/posts\/583\/revisions\/585"}],"wp:featuredmedia":[{"embeddable":true,"href":"https:\/\/pornuestrolaredo.com\/index.php?rest_route=\/wp\/v2\/media\/584"}],"wp:attachment":[{"href":"https:\/\/pornuestrolaredo.com\/index.php?rest_route=%2Fwp%2Fv2%2Fmedia&parent=583"}],"wp:term":[{"taxonomy":"category","embeddable":true,"href":"https:\/\/pornuestrolaredo.com\/index.php?rest_route=%2Fwp%2Fv2%2Fcategories&post=583"},{"taxonomy":"post_tag","embeddable":true,"href":"https:\/\/pornuestrolaredo.com\/index.php?rest_route=%2Fwp%2Fv2%2Ftags&post=583"}],"curies":[{"name":"wp","href":"https:\/\/api.w.org\/{rel}","templated":true}]}}