{"id":5841,"date":"2025-01-13T18:41:35","date_gmt":"2025-01-13T18:41:35","guid":{"rendered":"https:\/\/pornuestrolaredo.com\/?p=5841"},"modified":"2025-01-13T18:41:35","modified_gmt":"2025-01-13T18:41:35","slug":"sacude-a-japon-poderoso-terremoto","status":"publish","type":"post","link":"https:\/\/pornuestrolaredo.com\/?p=5841","title":{"rendered":"Sacude a Jap\u00f3n poderoso terremoto"},"content":{"rendered":"<p><strong><em>TOKIO.- <\/em><\/strong>Jap\u00f3n emiti\u00f3 un aviso de tsunami el lunes despu\u00e9s de que un sismo de magnitud 6.7 sacudi\u00f3 el suroeste del pa\u00eds. A los residentes en algunas \u00e1reas costeras se les indic\u00f3 que se alejaran como medida de precauci\u00f3n.<\/p>\n<p>La agencia de meteorolog\u00eda del pa\u00eds inicialmente dio una estimaci\u00f3n de magnitud de 6.9, pero luego la redujo. No hab\u00eda informes inmediatos de da\u00f1os.<\/p>\n<p>Un hombre result\u00f3 levemente herido en Kyushu despu\u00e9s de caerse por unas escaleras, inform\u00f3 la televisi\u00f3n NHK. Los trenes dejaron de funcionar en la estaci\u00f3n de Miyazaki, dejando pasajeros varados.<\/p>\n<p>Se emitieron advertencias de tsunami para la prefectura de Miyazaki, epicentro del temblor, en la isla suroeste de Kyushu, y para la prefectura de Kochi en la isla de Shikoku, poco despu\u00e9s de que el terremoto ocurriera a las 9:19 de la noche, seg\u00fan la agencia. Todas fueron canceladas poco antes de la medianoche.<\/p>\n<p>Se advirti\u00f3 a las personas que se mantuvieran alejadas de las aguas, incluidos los r\u00edos. El funcionario de la agencia de meteorolog\u00eda, Shigeki Aoki, dijo a los periodistas que la gente deber\u00eda estar atenta a los deslizamientos de tierra, as\u00ed como a la ca\u00edda de objetos en los hogares. Es posible que ocurran r\u00e9plicas, especialmente en los pr\u00f3ximos dos o tres d\u00edas.<\/p>\n<p>El movimiento, con un epicentro a una profundidad de 30 kil\u00f3metros (18.6 millas), sacudi\u00f3 una amplia \u00e1rea en Kyushu, la principal isla del suroeste, dijo la agencia.<\/p>\n<p>Im\u00e1genes de la televisi\u00f3n NHK mostraron tr\u00e1fico en movimiento y calles bien iluminadas, lo que significa que la energ\u00eda el\u00e9ctrica segu\u00eda funcionando. No se detectaron problemas en los diversos puestos de monitoreo para plantas nucleares en la zona.<\/p>\n<p>Jap\u00f3n se ubica en el llamado \u201cCintur\u00f3n de Fuego\u201d, un arco de volcanes y fallas geol\u00f3gicas en la Cuenca del Pac\u00edfico que es propenso a los sismos.<\/p>\n<p>Los expertos de la agencia meteorol\u00f3gica se reunieron para evaluar c\u00f3mo el \u00faltimo temblor podr\u00eda estar relacionado con los terremotos de la Fosa de Nankai, pero decidieron no tomar medidas extraordinarias por el momento. El t\u00e9rmino se refiere a una amplia regi\u00f3n que se cree propensa a terremotos mayores peri\u00f3dicos.<\/p>\n<p>Un terremoto de la Fosa de Nankai frente a Shikoku en 1946 mat\u00f3 a m\u00e1s de mil 300 personas. La zona fue afectada por un terremoto de magnitud 7.1 en agosto del a\u00f1o pasado.<\/p>\n","protected":false},"excerpt":{"rendered":"<p>Lanzan aviso de tsunami, la noche del lunes, pero poco antes de la medianoche es desactivado<\/p>\n","protected":false},"author":1,"featured_media":5842,"comment_status":"closed","ping_status":"closed","sticky":false,"template":"","format":"standard","meta":{"_crdt_document":"","_jetpack_memberships_contains_paid_content":false,"footnotes":"","jetpack_publicize_message":"","jetpack_publicize_feature_enabled":true,"jetpack_social_post_already_shared":true,"jetpack_social_options":{"image_generator_settings":{"template":"highway","default_image_id":0,"font":"","enabled":false},"version":2},"_wpas_customize_per_network":false},"categories":[9],"tags":[],"class_list":["post-5841","post","type-post","status-publish","format-standard","has-post-thumbnail","hentry","category-el-mundo"],"magazineBlocksPostFeaturedMedia":{"thumbnail":"https:\/\/pornuestrolaredo.com\/wp-content\/uploads\/2025\/01\/Stereo91-20250113-3-150x150.jpg","medium":"https:\/\/pornuestrolaredo.com\/wp-content\/uploads\/2025\/01\/Stereo91-20250113-3-300x187.jpg","medium_large":"https:\/\/pornuestrolaredo.com\/wp-content\/uploads\/2025\/01\/Stereo91-20250113-3-768x480.jpg","large":"https:\/\/pornuestrolaredo.com\/wp-content\/uploads\/2025\/01\/Stereo91-20250113-3.jpg","1536x1536":"https:\/\/pornuestrolaredo.com\/wp-content\/uploads\/2025\/01\/Stereo91-20250113-3.jpg","2048x2048":"https:\/\/pornuestrolaredo.com\/wp-content\/uploads\/2025\/01\/Stereo91-20250113-3.jpg","morenews-large":"https:\/\/pornuestrolaredo.com\/wp-content\/uploads\/2025\/01\/Stereo91-20250113-3.jpg","morenews-medium":"https:\/\/pornuestrolaredo.com\/wp-content\/uploads\/2025\/01\/Stereo91-20250113-3.jpg"},"magazineBlocksPostAuthor":{"name":"Redactor","avatar":"https:\/\/pornuestrolaredo.com\/wp-content\/litespeed\/avatar\/dca1d7ec750c399f025f23b0b314f4cf.jpg?ver=1777612120"},"magazineBlocksPostCommentsNumber":false,"magazineBlocksPostExcerpt":"Lanzan aviso de tsunami, la noche del lunes, pero poco antes de la medianoche es desactivado","magazineBlocksPostCategories":["El Mundo"],"magazineBlocksPostViewCount":182,"magazineBlocksPostReadTime":3,"magazine_blocks_featured_image_url":{"full":["https:\/\/pornuestrolaredo.com\/wp-content\/uploads\/2025\/01\/Stereo91-20250113-3.jpg",850,531,false],"medium":["https:\/\/pornuestrolaredo.com\/wp-content\/uploads\/2025\/01\/Stereo91-20250113-3-300x187.jpg",300,187,true],"thumbnail":["https:\/\/pornuestrolaredo.com\/wp-content\/uploads\/2025\/01\/Stereo91-20250113-3-150x150.jpg",150,150,true]},"magazine_blocks_author":{"display_name":"Redactor","author_link":"https:\/\/pornuestrolaredo.com\/?author=1"},"magazine_blocks_comment":0,"magazine_blocks_author_image":"https:\/\/pornuestrolaredo.com\/wp-content\/litespeed\/avatar\/dca1d7ec750c399f025f23b0b314f4cf.jpg?ver=1777612120","magazine_blocks_category":"<a href=\"#\" class=\"category-link category-link-9\">El Mundo<\/a>","jetpack_publicize_connections":[],"featured_image_urls":{"full":["https:\/\/pornuestrolaredo.com\/wp-content\/uploads\/2025\/01\/Stereo91-20250113-3.jpg",850,531,false],"thumbnail":["https:\/\/pornuestrolaredo.com\/wp-content\/uploads\/2025\/01\/Stereo91-20250113-3-150x150.jpg",150,150,true],"medium":["https:\/\/pornuestrolaredo.com\/wp-content\/uploads\/2025\/01\/Stereo91-20250113-3-300x187.jpg",300,187,true],"medium_large":["https:\/\/pornuestrolaredo.com\/wp-content\/uploads\/2025\/01\/Stereo91-20250113-3-768x480.jpg",640,400,true],"large":["https:\/\/pornuestrolaredo.com\/wp-content\/uploads\/2025\/01\/Stereo91-20250113-3.jpg",640,400,false],"1536x1536":["https:\/\/pornuestrolaredo.com\/wp-content\/uploads\/2025\/01\/Stereo91-20250113-3.jpg",850,531,false],"2048x2048":["https:\/\/pornuestrolaredo.com\/wp-content\/uploads\/2025\/01\/Stereo91-20250113-3.jpg",850,531,false],"morenews-large":["https:\/\/pornuestrolaredo.com\/wp-content\/uploads\/2025\/01\/Stereo91-20250113-3.jpg",825,515,false],"morenews-medium":["https:\/\/pornuestrolaredo.com\/wp-content\/uploads\/2025\/01\/Stereo91-20250113-3.jpg",590,369,false]},"author_info":{"info":["Redactor"]},"category_info":"<a href=\"https:\/\/pornuestrolaredo.com\/?cat=9\" rel=\"category\">El Mundo<\/a>","tag_info":"El Mundo","comment_count":"0","jetpack_featured_media_url":"https:\/\/pornuestrolaredo.com\/wp-content\/uploads\/2025\/01\/Stereo91-20250113-3.jpg","jetpack_sharing_enabled":true,"_links":{"self":[{"href":"https:\/\/pornuestrolaredo.com\/index.php?rest_route=\/wp\/v2\/posts\/5841","targetHints":{"allow":["GET"]}}],"collection":[{"href":"https:\/\/pornuestrolaredo.com\/index.php?rest_route=\/wp\/v2\/posts"}],"about":[{"href":"https:\/\/pornuestrolaredo.com\/index.php?rest_route=\/wp\/v2\/types\/post"}],"author":[{"embeddable":true,"href":"https:\/\/pornuestrolaredo.com\/index.php?rest_route=\/wp\/v2\/users\/1"}],"replies":[{"embeddable":true,"href":"https:\/\/pornuestrolaredo.com\/index.php?rest_route=%2Fwp%2Fv2%2Fcomments&post=5841"}],"version-history":[{"count":1,"href":"https:\/\/pornuestrolaredo.com\/index.php?rest_route=\/wp\/v2\/posts\/5841\/revisions"}],"predecessor-version":[{"id":5843,"href":"https:\/\/pornuestrolaredo.com\/index.php?rest_route=\/wp\/v2\/posts\/5841\/revisions\/5843"}],"wp:featuredmedia":[{"embeddable":true,"href":"https:\/\/pornuestrolaredo.com\/index.php?rest_route=\/wp\/v2\/media\/5842"}],"wp:attachment":[{"href":"https:\/\/pornuestrolaredo.com\/index.php?rest_route=%2Fwp%2Fv2%2Fmedia&parent=5841"}],"wp:term":[{"taxonomy":"category","embeddable":true,"href":"https:\/\/pornuestrolaredo.com\/index.php?rest_route=%2Fwp%2Fv2%2Fcategories&post=5841"},{"taxonomy":"post_tag","embeddable":true,"href":"https:\/\/pornuestrolaredo.com\/index.php?rest_route=%2Fwp%2Fv2%2Ftags&post=5841"}],"curies":[{"name":"wp","href":"https:\/\/api.w.org\/{rel}","templated":true}]}}