{"id":5844,"date":"2025-01-13T21:24:21","date_gmt":"2025-01-13T21:24:21","guid":{"rendered":"https:\/\/pornuestrolaredo.com\/?p=5844"},"modified":"2025-01-13T21:24:21","modified_gmt":"2025-01-13T21:24:21","slug":"temen-que-vientos-revivan-incendios-en-los-angeles","status":"publish","type":"post","link":"https:\/\/pornuestrolaredo.com\/?p=5844","title":{"rendered":"Temen que vientos revivan incendios en Los \u00c1ngeles"},"content":{"rendered":"<p><strong><em>LOS \u00c1NGELES.- <\/em><\/strong>Luego de un fin de semana conteniendo el crecimiento explosivo de incendios que destruyeron miles de hogares y mataron al menos a 24 personas en el \u00e1rea de Los \u00c1ngeles, los bomberos tuvieron un ligero respiro con un clima m\u00e1s calmado, pero miraban con recelo un pron\u00f3stico que anticipa m\u00e1s viento.<\/p>\n<p>De ocurrir eso, los focos en casas y valles ya quemados podr\u00edan reavivarse, enviando brasas a zonas no quemadas a millas de distancia. Nuevos incendios podr\u00edan a\u00f1adir complicaciones.<\/p>\n<p>El n\u00famero de muertos aument\u00f3 el domingo por la noche con un nuevo reporte del forense del condado Los \u00c1ngeles. Al menos 16 personas estaban desaparecidas, un n\u00famero que las autoridades tambi\u00e9n dijeron que probablemente aumentar\u00eda.<\/p>\n<p>Sin embargo, la calma relativa del domingo permiti\u00f3 que algunas personas regresaran a \u00e1reas previamente evacuadas.<\/p>\n<p>El Servicio Meteorol\u00f3gico Nacional emiti\u00f3 advertencias de bandera roja por condiciones graves de incendio hasta el mi\u00e9rcoles, con vientos sostenidos de 80 kil\u00f3metros por hora (50 millas por hora) y r\u00e1fagas en las monta\u00f1as de hasta 113 km\/h (70 mph). El d\u00eda m\u00e1s peligroso ser\u00e1 el martes, advirti\u00f3 el analista de comportamiento de incendios Dennis Burns en una reuni\u00f3n comunitaria el domingo por la noche.<\/p>\n<blockquote><p>Ser\u00e1 algo intermitente durante los pr\u00f3ximos d\u00edas\u201d, dijo Burns. \u201cMa\u00f1ana por la noche se intensificar\u00e1 mucho\u201d.<\/p><\/blockquote>\n","protected":false},"excerpt":{"rendered":"<p>La naturaleza dio un breve respiro a los bomberos, pero se espera que de nuevo sople el viento con fuerza, resuja el fuego y alcance otras viviendas y edificios<\/p>\n","protected":false},"author":1,"featured_media":5845,"comment_status":"closed","ping_status":"closed","sticky":false,"template":"","format":"standard","meta":{"_crdt_document":"","_jetpack_memberships_contains_paid_content":false,"footnotes":"","jetpack_publicize_message":"","jetpack_publicize_feature_enabled":true,"jetpack_social_post_already_shared":true,"jetpack_social_options":{"image_generator_settings":{"template":"highway","default_image_id":0,"font":"","enabled":false},"version":2},"_wpas_customize_per_network":false},"categories":[9],"tags":[],"class_list":["post-5844","post","type-post","status-publish","format-standard","has-post-thumbnail","hentry","category-el-mundo"],"magazineBlocksPostFeaturedMedia":{"thumbnail":"https:\/\/pornuestrolaredo.com\/wp-content\/uploads\/2025\/01\/PNL-20250113-4-150x150.jpg","medium":"https:\/\/pornuestrolaredo.com\/wp-content\/uploads\/2025\/01\/PNL-20250113-4-300x200.jpg","medium_large":"https:\/\/pornuestrolaredo.com\/wp-content\/uploads\/2025\/01\/PNL-20250113-4-768x512.jpg","large":"https:\/\/pornuestrolaredo.com\/wp-content\/uploads\/2025\/01\/PNL-20250113-4.jpg","1536x1536":"https:\/\/pornuestrolaredo.com\/wp-content\/uploads\/2025\/01\/PNL-20250113-4.jpg","2048x2048":"https:\/\/pornuestrolaredo.com\/wp-content\/uploads\/2025\/01\/PNL-20250113-4.jpg","morenews-large":"https:\/\/pornuestrolaredo.com\/wp-content\/uploads\/2025\/01\/PNL-20250113-4.jpg","morenews-medium":"https:\/\/pornuestrolaredo.com\/wp-content\/uploads\/2025\/01\/PNL-20250113-4.jpg"},"magazineBlocksPostAuthor":{"name":"Redactor","avatar":"https:\/\/pornuestrolaredo.com\/wp-content\/litespeed\/avatar\/dca1d7ec750c399f025f23b0b314f4cf.jpg?ver=1777612120"},"magazineBlocksPostCommentsNumber":false,"magazineBlocksPostExcerpt":"La naturaleza dio un breve respiro a los bomberos, pero se espera que de nuevo sople el viento con fuerza, resuja el fuego y alcance otras viviendas y edificios","magazineBlocksPostCategories":["El Mundo"],"magazineBlocksPostViewCount":167,"magazineBlocksPostReadTime":2,"magazine_blocks_featured_image_url":{"full":["https:\/\/pornuestrolaredo.com\/wp-content\/uploads\/2025\/01\/PNL-20250113-4.jpg",980,653,false],"medium":["https:\/\/pornuestrolaredo.com\/wp-content\/uploads\/2025\/01\/PNL-20250113-4-300x200.jpg",300,200,true],"thumbnail":["https:\/\/pornuestrolaredo.com\/wp-content\/uploads\/2025\/01\/PNL-20250113-4-150x150.jpg",150,150,true]},"magazine_blocks_author":{"display_name":"Redactor","author_link":"https:\/\/pornuestrolaredo.com\/?author=1"},"magazine_blocks_comment":0,"magazine_blocks_author_image":"https:\/\/pornuestrolaredo.com\/wp-content\/litespeed\/avatar\/dca1d7ec750c399f025f23b0b314f4cf.jpg?ver=1777612120","magazine_blocks_category":"<a href=\"#\" class=\"category-link category-link-9\">El Mundo<\/a>","jetpack_publicize_connections":[],"featured_image_urls":{"full":["https:\/\/pornuestrolaredo.com\/wp-content\/uploads\/2025\/01\/PNL-20250113-4.jpg",980,653,false],"thumbnail":["https:\/\/pornuestrolaredo.com\/wp-content\/uploads\/2025\/01\/PNL-20250113-4-150x150.jpg",150,150,true],"medium":["https:\/\/pornuestrolaredo.com\/wp-content\/uploads\/2025\/01\/PNL-20250113-4-300x200.jpg",300,200,true],"medium_large":["https:\/\/pornuestrolaredo.com\/wp-content\/uploads\/2025\/01\/PNL-20250113-4-768x512.jpg",640,427,true],"large":["https:\/\/pornuestrolaredo.com\/wp-content\/uploads\/2025\/01\/PNL-20250113-4.jpg",640,426,false],"1536x1536":["https:\/\/pornuestrolaredo.com\/wp-content\/uploads\/2025\/01\/PNL-20250113-4.jpg",980,653,false],"2048x2048":["https:\/\/pornuestrolaredo.com\/wp-content\/uploads\/2025\/01\/PNL-20250113-4.jpg",980,653,false],"morenews-large":["https:\/\/pornuestrolaredo.com\/wp-content\/uploads\/2025\/01\/PNL-20250113-4.jpg",825,550,false],"morenews-medium":["https:\/\/pornuestrolaredo.com\/wp-content\/uploads\/2025\/01\/PNL-20250113-4.jpg",590,393,false]},"author_info":{"info":["Redactor"]},"category_info":"<a href=\"https:\/\/pornuestrolaredo.com\/?cat=9\" rel=\"category\">El Mundo<\/a>","tag_info":"El Mundo","comment_count":"0","jetpack_featured_media_url":"https:\/\/pornuestrolaredo.com\/wp-content\/uploads\/2025\/01\/PNL-20250113-4.jpg","jetpack_sharing_enabled":true,"_links":{"self":[{"href":"https:\/\/pornuestrolaredo.com\/index.php?rest_route=\/wp\/v2\/posts\/5844","targetHints":{"allow":["GET"]}}],"collection":[{"href":"https:\/\/pornuestrolaredo.com\/index.php?rest_route=\/wp\/v2\/posts"}],"about":[{"href":"https:\/\/pornuestrolaredo.com\/index.php?rest_route=\/wp\/v2\/types\/post"}],"author":[{"embeddable":true,"href":"https:\/\/pornuestrolaredo.com\/index.php?rest_route=\/wp\/v2\/users\/1"}],"replies":[{"embeddable":true,"href":"https:\/\/pornuestrolaredo.com\/index.php?rest_route=%2Fwp%2Fv2%2Fcomments&post=5844"}],"version-history":[{"count":1,"href":"https:\/\/pornuestrolaredo.com\/index.php?rest_route=\/wp\/v2\/posts\/5844\/revisions"}],"predecessor-version":[{"id":5846,"href":"https:\/\/pornuestrolaredo.com\/index.php?rest_route=\/wp\/v2\/posts\/5844\/revisions\/5846"}],"wp:featuredmedia":[{"embeddable":true,"href":"https:\/\/pornuestrolaredo.com\/index.php?rest_route=\/wp\/v2\/media\/5845"}],"wp:attachment":[{"href":"https:\/\/pornuestrolaredo.com\/index.php?rest_route=%2Fwp%2Fv2%2Fmedia&parent=5844"}],"wp:term":[{"taxonomy":"category","embeddable":true,"href":"https:\/\/pornuestrolaredo.com\/index.php?rest_route=%2Fwp%2Fv2%2Fcategories&post=5844"},{"taxonomy":"post_tag","embeddable":true,"href":"https:\/\/pornuestrolaredo.com\/index.php?rest_route=%2Fwp%2Fv2%2Ftags&post=5844"}],"curies":[{"name":"wp","href":"https:\/\/api.w.org\/{rel}","templated":true}]}}