{"id":5847,"date":"2025-01-14T00:12:27","date_gmt":"2025-01-14T00:12:27","guid":{"rendered":"https:\/\/pornuestrolaredo.com\/?p=5847"},"modified":"2025-01-14T00:12:27","modified_gmt":"2025-01-14T00:12:27","slug":"mas-empleo-y-mejores-sueldos-piden-a-la-ip","status":"publish","type":"post","link":"https:\/\/pornuestrolaredo.com\/?p=5847","title":{"rendered":"M\u00e1s empleo y mejores sueldos, piden a la IP"},"content":{"rendered":"<p><strong><em>CIUDAD DE M\u00c9XICO.-<\/em><\/strong> El Gobierno federal demanda a los empresarios m\u00e1s empleos y mejor remunerados, trabajar m\u00e1s en la seguridad de sus inversiones y fortalecer el mercado interno, de acuerdo con la presentaci\u00f3n del Plan M\u00e9xico.<\/p>\n<p>En el evento federal, a nombre de la presidenta Claudia Sheinbaum, su enlace con la iniciativa privada, Altagracia G\u00f3mez, asegur\u00f3 a los empresarios que son necesarios para concretar estos proyectos, por lo que les lanz\u00f3 cinco peticiones.<\/p>\n<p>La primera, la creaci\u00f3n de empleo, ya sea oficio, profesi\u00f3n, empleo, y que est\u00e9 remunerado, y dos, valorar el comercio justo y la reciprocidad con pa\u00edses con los que M\u00e9xico tiene tratado de libre comercio.<\/p>\n<blockquote><p>Entendiendo que la competitividad no es lo mismo que dumping, y que muchas veces no es lo mismo que estar sufriendo en producci\u00f3n nacional a costa de pr\u00e1cticas desleales&#8221;, afirm\u00f3.<\/p><\/blockquote>\n<p>En tercer lugar, fortalecer la resiliencia de cadenas de valor mexicanas, con apuestas es muy claras para mejorar infraestructura y disponibilidad en materias primas, insumos y componentes cr\u00edticos.<\/p>\n<p>Despu\u00e9s, mejorar el est\u00e1ndar de vida de los j\u00f3venes y a garantizar la competitividad a trav\u00e9s de la capacitaci\u00f3n y la calificaci\u00f3n, no la baja remuneraci\u00f3n de sus colaboradores.<\/p>\n<p>Y por \u00faltimo, tambi\u00e9n se pidi\u00f3 apostar por la seguridad y la sostenibilidad dentro de las inversiones.<\/p>\n<blockquote><p>A que garanticemos el fortalecimiento de la seguridad en todas sus acepciones: seguridad p\u00fablica, seguridad jur\u00eddica, seguridad social, seguridad energ\u00e9tica, seguridad alimentaria, desde luego, seguridad h\u00eddrica&#8221;, apunt\u00f3.<\/p><\/blockquote>\n<blockquote><p>Que prioricemos que quienes produzcan en M\u00e9xico contribuyamos activamente cuidando el medio ambiente y a las comunidades donde se establecen&#8221;.<\/p><\/blockquote>\n<p>El Plan M\u00e9xico, dijo, es una visi\u00f3n de largo plazo para que el Pa\u00eds pueda crecer con bienestar y sea l\u00edder en producci\u00f3n de cadenas globales. Sin olvidar el fortalecimiento de su mercado interno.<\/p>\n<p>Afirm\u00f3 que le preguntan por qu\u00e9 es tan optimista cuando este a\u00f1o pinta muy dif\u00edcil, con desaceleraci\u00f3n e incertidumbre por las pol\u00edticas migratorias y arancelarias de Estados Unidos.<\/p>\n<p>Sin embargo, argument\u00f3, ella responde que M\u00e9xico ha pasado por otras etapas complejas y ha salido adelante, como en la devaluaci\u00f3n del peso, inflaciones del 100 por ciento, el llamado &#8216;Error de Diciembre 2008&#8217; e incluso la llegada de Donald Trump a la Presidencia en el 2016.<\/p>\n<p>Record\u00f3 que en los \u00faltimos a\u00f1os, el Pa\u00eds hizo frente a una pandemia, a la crisis de los chips de autos y las consecuencias de la guerra Rusia-Ucrania.<\/p>\n<blockquote><p>M\u00e9xico va a salir adelante en 2025, no lo digo porque subestim\u00e9 las posibles consecuencias de pol\u00edticas arancelarias y migratorias de Estados Unidos. Lo digo porque tengo la certeza de las empresarias y los empresarios en M\u00e9xico saben superar retos.<\/p><\/blockquote>\n<blockquote><p>Quisiera terminar puntualizando que para aterrizar el plan M\u00e9xico los necesitamos&#8221;, apunt\u00f3.<\/p><\/blockquote>\n<p>Por ello, les demand\u00f3 tres cosas: pensar y actuar en grande, trabajar en conjunto para concretar la Estrategia Nacional de Industrializaci\u00f3n que promueve el comercio justo, y confiar en M\u00e9xico.<\/p>\n<blockquote><p>Para invertir, mejor en M\u00e9xico; para producir, mejor en M\u00e9xico; para consumir, mejor en M\u00e9xico; si quieren vacacionar, mejor en M\u00e9xico; para estudiar, mejor en M\u00e9xico; para trabajar, mejor en M\u00e9xico&#8221;, a\u00f1adi\u00f3.<\/p><\/blockquote>\n<blockquote><p>Con un Plan M\u00e9xico, la invitaci\u00f3n es que hoy elijan a M\u00e9xico, es la \u00fanica puesta que en el largo plazo nunca los va a hacer perder&#8221;.<\/p><\/blockquote>\n","protected":false},"excerpt":{"rendered":"<p>Presenta la presidenta Claudia Sheinbaum el Plan M\u00e9xico, para fortalecer la econom\u00eda del pa\u00eds<\/p>\n","protected":false},"author":1,"featured_media":5849,"comment_status":"closed","ping_status":"closed","sticky":false,"template":"","format":"standard","meta":{"_crdt_document":"","_jetpack_memberships_contains_paid_content":false,"footnotes":"","jetpack_publicize_message":"","jetpack_publicize_feature_enabled":true,"jetpack_social_post_already_shared":true,"jetpack_social_options":{"image_generator_settings":{"template":"highway","default_image_id":0,"font":"","enabled":false},"version":2},"_wpas_customize_per_network":false},"categories":[33],"tags":[],"class_list":["post-5847","post","type-post","status-publish","format-standard","has-post-thumbnail","hentry","category-mexico"],"magazineBlocksPostFeaturedMedia":{"thumbnail":"https:\/\/pornuestrolaredo.com\/wp-content\/uploads\/2025\/01\/Stereo91-20250113-5-150x150.jpg","medium":"https:\/\/pornuestrolaredo.com\/wp-content\/uploads\/2025\/01\/Stereo91-20250113-5-300x168.jpg","medium_large":"https:\/\/pornuestrolaredo.com\/wp-content\/uploads\/2025\/01\/Stereo91-20250113-5-768x430.jpg","large":"https:\/\/pornuestrolaredo.com\/wp-content\/uploads\/2025\/01\/Stereo91-20250113-5.jpg","1536x1536":"https:\/\/pornuestrolaredo.com\/wp-content\/uploads\/2025\/01\/Stereo91-20250113-5.jpg","2048x2048":"https:\/\/pornuestrolaredo.com\/wp-content\/uploads\/2025\/01\/Stereo91-20250113-5.jpg","morenews-large":"https:\/\/pornuestrolaredo.com\/wp-content\/uploads\/2025\/01\/Stereo91-20250113-5.jpg","morenews-medium":"https:\/\/pornuestrolaredo.com\/wp-content\/uploads\/2025\/01\/Stereo91-20250113-5.jpg"},"magazineBlocksPostAuthor":{"name":"Redactor","avatar":"https:\/\/pornuestrolaredo.com\/wp-content\/litespeed\/avatar\/dca1d7ec750c399f025f23b0b314f4cf.jpg?ver=1777612120"},"magazineBlocksPostCommentsNumber":false,"magazineBlocksPostExcerpt":"Presenta la presidenta Claudia Sheinbaum el Plan M\u00e9xico, para fortalecer la econom\u00eda del pa\u00eds\r\n","magazineBlocksPostCategories":["Mexico"],"magazineBlocksPostViewCount":154,"magazineBlocksPostReadTime":3,"magazine_blocks_featured_image_url":{"full":["https:\/\/pornuestrolaredo.com\/wp-content\/uploads\/2025\/01\/Stereo91-20250113-5.jpg",960,537,false],"medium":["https:\/\/pornuestrolaredo.com\/wp-content\/uploads\/2025\/01\/Stereo91-20250113-5-300x168.jpg",300,168,true],"thumbnail":["https:\/\/pornuestrolaredo.com\/wp-content\/uploads\/2025\/01\/Stereo91-20250113-5-150x150.jpg",150,150,true]},"magazine_blocks_author":{"display_name":"Redactor","author_link":"https:\/\/pornuestrolaredo.com\/?author=1"},"magazine_blocks_comment":0,"magazine_blocks_author_image":"https:\/\/pornuestrolaredo.com\/wp-content\/litespeed\/avatar\/dca1d7ec750c399f025f23b0b314f4cf.jpg?ver=1777612120","magazine_blocks_category":"<a href=\"#\" class=\"category-link category-link-33\">Mexico<\/a>","jetpack_publicize_connections":[],"featured_image_urls":{"full":["https:\/\/pornuestrolaredo.com\/wp-content\/uploads\/2025\/01\/Stereo91-20250113-5.jpg",960,537,false],"thumbnail":["https:\/\/pornuestrolaredo.com\/wp-content\/uploads\/2025\/01\/Stereo91-20250113-5-150x150.jpg",150,150,true],"medium":["https:\/\/pornuestrolaredo.com\/wp-content\/uploads\/2025\/01\/Stereo91-20250113-5-300x168.jpg",300,168,true],"medium_large":["https:\/\/pornuestrolaredo.com\/wp-content\/uploads\/2025\/01\/Stereo91-20250113-5-768x430.jpg",640,358,true],"large":["https:\/\/pornuestrolaredo.com\/wp-content\/uploads\/2025\/01\/Stereo91-20250113-5.jpg",640,358,false],"1536x1536":["https:\/\/pornuestrolaredo.com\/wp-content\/uploads\/2025\/01\/Stereo91-20250113-5.jpg",960,537,false],"2048x2048":["https:\/\/pornuestrolaredo.com\/wp-content\/uploads\/2025\/01\/Stereo91-20250113-5.jpg",960,537,false],"morenews-large":["https:\/\/pornuestrolaredo.com\/wp-content\/uploads\/2025\/01\/Stereo91-20250113-5.jpg",825,461,false],"morenews-medium":["https:\/\/pornuestrolaredo.com\/wp-content\/uploads\/2025\/01\/Stereo91-20250113-5.jpg",590,330,false]},"author_info":{"info":["Redactor"]},"category_info":"<a href=\"https:\/\/pornuestrolaredo.com\/?cat=33\" rel=\"category\">Mexico<\/a>","tag_info":"Mexico","comment_count":"0","jetpack_featured_media_url":"https:\/\/pornuestrolaredo.com\/wp-content\/uploads\/2025\/01\/Stereo91-20250113-5.jpg","jetpack_sharing_enabled":true,"_links":{"self":[{"href":"https:\/\/pornuestrolaredo.com\/index.php?rest_route=\/wp\/v2\/posts\/5847","targetHints":{"allow":["GET"]}}],"collection":[{"href":"https:\/\/pornuestrolaredo.com\/index.php?rest_route=\/wp\/v2\/posts"}],"about":[{"href":"https:\/\/pornuestrolaredo.com\/index.php?rest_route=\/wp\/v2\/types\/post"}],"author":[{"embeddable":true,"href":"https:\/\/pornuestrolaredo.com\/index.php?rest_route=\/wp\/v2\/users\/1"}],"replies":[{"embeddable":true,"href":"https:\/\/pornuestrolaredo.com\/index.php?rest_route=%2Fwp%2Fv2%2Fcomments&post=5847"}],"version-history":[{"count":1,"href":"https:\/\/pornuestrolaredo.com\/index.php?rest_route=\/wp\/v2\/posts\/5847\/revisions"}],"predecessor-version":[{"id":5850,"href":"https:\/\/pornuestrolaredo.com\/index.php?rest_route=\/wp\/v2\/posts\/5847\/revisions\/5850"}],"wp:featuredmedia":[{"embeddable":true,"href":"https:\/\/pornuestrolaredo.com\/index.php?rest_route=\/wp\/v2\/media\/5849"}],"wp:attachment":[{"href":"https:\/\/pornuestrolaredo.com\/index.php?rest_route=%2Fwp%2Fv2%2Fmedia&parent=5847"}],"wp:term":[{"taxonomy":"category","embeddable":true,"href":"https:\/\/pornuestrolaredo.com\/index.php?rest_route=%2Fwp%2Fv2%2Fcategories&post=5847"},{"taxonomy":"post_tag","embeddable":true,"href":"https:\/\/pornuestrolaredo.com\/index.php?rest_route=%2Fwp%2Fv2%2Ftags&post=5847"}],"curies":[{"name":"wp","href":"https:\/\/api.w.org\/{rel}","templated":true}]}}