{"id":5854,"date":"2025-01-15T17:37:31","date_gmt":"2025-01-15T17:37:31","guid":{"rendered":"https:\/\/pornuestrolaredo.com\/?p=5854"},"modified":"2025-01-15T17:37:31","modified_gmt":"2025-01-15T17:37:31","slug":"marte-y-jupiter-en-su-punto-mas-cercano-en-esta-decada","status":"publish","type":"post","link":"https:\/\/pornuestrolaredo.com\/?p=5854","title":{"rendered":"Marte y J\u00fapiter en su punto m\u00e1s cercano en esta d\u00e9cada"},"content":{"rendered":"<p><strong><em>CABO CA\u00d1AVERAL, Florida<\/em>.-<\/strong> Marte y J\u00fapiter se acercaron este mi\u00e9rcoles en el cielo nocturno para su encuentro m\u00e1s cercano de esta d\u00e9cada. <\/p>\n<p>Este mi\u00e9rcoles por la madrugada estuvieron tan cerca, que desde nuestra perspectiva apenas una peque\u00f1a porci\u00f3n de la Luna podr\u00eda caber entre ellos. En realidad, el planeta m\u00e1s grande de nuestro sistema solar y su vecino m\u00e1s oscuro y rojizo estuvieron separados por m\u00e1s de 575 millones de kil\u00f3metros (350 millones de millas) en sus respectivas \u00f3rbitas. <\/p>\n<p>Los dos planetas alcanzar\u00e1n su separaci\u00f3n m\u00ednima \u2014un tercio de un grado o aproximadamente un tercio del ancho de la Luna\u2014 durante las horas diurnas del mi\u00e9rcoles en la mayor parte de Am\u00e9rica, Europa y \u00c1frica. Pero no parecer\u00e1n muy diferentes durante horas o un d\u00eda antes o el jueves, cuando el cielo est\u00e9 oscuro, dijo Jon Giorgini del Laboratorio de Propulsi\u00f3n a Chorro de la NASA en California. <\/p>\n<p>Las mejores vistas ser\u00e1n en el cielo oriental, hacia la constelaci\u00f3n de Tauro, antes del amanecer. Conocidas como conjunciones planetarias, estas divertidas parejas ocurren solo cada tres a\u00f1os aproximadamente.<\/p>\n<blockquote><p>Estos eventos son en su mayor\u00eda elementos de curiosidad y belleza para quienes observan el cielo y se preguntan qu\u00e9 podr\u00edan ser esos dos objetos brillantes tan cercanos\u201d, dijo en un correo electr\u00f3nico. \u201cLa ciencia est\u00e1 en la capacidad de predecir con precisi\u00f3n los eventos con a\u00f1os de anticipaci\u00f3n\u201d.<\/p><\/blockquote>\n<p>Sus \u00f3rbitas no los hab\u00edan acercado tanto desde 2018, y no volver\u00e1 a suceder hasta 2033, cuando se acercar\u00e1n a\u00fan m\u00e1s. <\/p>\n<p>Seg\u00fan Giorgini, el mayor acercamiento en los \u00faltimos 1000 a\u00f1os fue en 1761, cuando Marte y J\u00fapiter aparecieron a simple vista como un \u00fanico objeto brillante. De cara al futuro, el a\u00f1o 2348 ser\u00e1 casi igual de cercano. <\/p>\n<p>Este \u00faltimo acercamiento de Marte y J\u00fapiter coincide con la lluvia de meteoros de las Perseidas, una de las m\u00e1s brillantes del a\u00f1o. No se necesitan binoculares ni telescopios.<\/p>\n","protected":false},"excerpt":{"rendered":"<p>Desde nuestra posici\u00f3n, entre los dos planetas parece que s\u00f3lo cabr\u00eda una parte de la Luna, aunque en realidad est\u00e1n separados por 575 millones de kil\u00f3metros<\/p>\n","protected":false},"author":1,"featured_media":5855,"comment_status":"closed","ping_status":"closed","sticky":false,"template":"","format":"standard","meta":{"_crdt_document":"","_jetpack_memberships_contains_paid_content":false,"footnotes":"","jetpack_publicize_message":"","jetpack_publicize_feature_enabled":true,"jetpack_social_post_already_shared":true,"jetpack_social_options":{"image_generator_settings":{"template":"highway","default_image_id":0,"font":"","enabled":false},"version":2},"_wpas_customize_per_network":false},"categories":[9],"tags":[],"class_list":["post-5854","post","type-post","status-publish","format-standard","has-post-thumbnail","hentry","category-el-mundo"],"magazineBlocksPostFeaturedMedia":{"thumbnail":"https:\/\/pornuestrolaredo.com\/wp-content\/uploads\/2025\/01\/107FM-20250115-1-150x150.jpg","medium":"https:\/\/pornuestrolaredo.com\/wp-content\/uploads\/2025\/01\/107FM-20250115-1-300x168.jpg","medium_large":"https:\/\/pornuestrolaredo.com\/wp-content\/uploads\/2025\/01\/107FM-20250115-1-768x431.jpg","large":"https:\/\/pornuestrolaredo.com\/wp-content\/uploads\/2025\/01\/107FM-20250115-1.jpg","1536x1536":"https:\/\/pornuestrolaredo.com\/wp-content\/uploads\/2025\/01\/107FM-20250115-1.jpg","2048x2048":"https:\/\/pornuestrolaredo.com\/wp-content\/uploads\/2025\/01\/107FM-20250115-1.jpg","morenews-large":"https:\/\/pornuestrolaredo.com\/wp-content\/uploads\/2025\/01\/107FM-20250115-1.jpg","morenews-medium":"https:\/\/pornuestrolaredo.com\/wp-content\/uploads\/2025\/01\/107FM-20250115-1.jpg"},"magazineBlocksPostAuthor":{"name":"Redactor","avatar":"https:\/\/pornuestrolaredo.com\/wp-content\/litespeed\/avatar\/dca1d7ec750c399f025f23b0b314f4cf.jpg?ver=1777612120"},"magazineBlocksPostCommentsNumber":false,"magazineBlocksPostExcerpt":"Desde nuestra posici\u00f3n, entre los dos planetas parece que s\u00f3lo cabr\u00eda una parte de la Luna, aunque en realidad est\u00e1n separados por 575 millones de kil\u00f3metros","magazineBlocksPostCategories":["El Mundo"],"magazineBlocksPostViewCount":158,"magazineBlocksPostReadTime":2,"magazine_blocks_featured_image_url":{"full":["https:\/\/pornuestrolaredo.com\/wp-content\/uploads\/2025\/01\/107FM-20250115-1.jpg",850,477,false],"medium":["https:\/\/pornuestrolaredo.com\/wp-content\/uploads\/2025\/01\/107FM-20250115-1-300x168.jpg",300,168,true],"thumbnail":["https:\/\/pornuestrolaredo.com\/wp-content\/uploads\/2025\/01\/107FM-20250115-1-150x150.jpg",150,150,true]},"magazine_blocks_author":{"display_name":"Redactor","author_link":"https:\/\/pornuestrolaredo.com\/?author=1"},"magazine_blocks_comment":0,"magazine_blocks_author_image":"https:\/\/pornuestrolaredo.com\/wp-content\/litespeed\/avatar\/dca1d7ec750c399f025f23b0b314f4cf.jpg?ver=1777612120","magazine_blocks_category":"<a href=\"#\" class=\"category-link category-link-9\">El Mundo<\/a>","jetpack_publicize_connections":[],"featured_image_urls":{"full":["https:\/\/pornuestrolaredo.com\/wp-content\/uploads\/2025\/01\/107FM-20250115-1.jpg",850,477,false],"thumbnail":["https:\/\/pornuestrolaredo.com\/wp-content\/uploads\/2025\/01\/107FM-20250115-1-150x150.jpg",150,150,true],"medium":["https:\/\/pornuestrolaredo.com\/wp-content\/uploads\/2025\/01\/107FM-20250115-1-300x168.jpg",300,168,true],"medium_large":["https:\/\/pornuestrolaredo.com\/wp-content\/uploads\/2025\/01\/107FM-20250115-1-768x431.jpg",640,359,true],"large":["https:\/\/pornuestrolaredo.com\/wp-content\/uploads\/2025\/01\/107FM-20250115-1.jpg",640,359,false],"1536x1536":["https:\/\/pornuestrolaredo.com\/wp-content\/uploads\/2025\/01\/107FM-20250115-1.jpg",850,477,false],"2048x2048":["https:\/\/pornuestrolaredo.com\/wp-content\/uploads\/2025\/01\/107FM-20250115-1.jpg",850,477,false],"morenews-large":["https:\/\/pornuestrolaredo.com\/wp-content\/uploads\/2025\/01\/107FM-20250115-1.jpg",825,463,false],"morenews-medium":["https:\/\/pornuestrolaredo.com\/wp-content\/uploads\/2025\/01\/107FM-20250115-1.jpg",590,331,false]},"author_info":{"info":["Redactor"]},"category_info":"<a href=\"https:\/\/pornuestrolaredo.com\/?cat=9\" rel=\"category\">El Mundo<\/a>","tag_info":"El Mundo","comment_count":"0","jetpack_featured_media_url":"https:\/\/pornuestrolaredo.com\/wp-content\/uploads\/2025\/01\/107FM-20250115-1.jpg","jetpack_sharing_enabled":true,"_links":{"self":[{"href":"https:\/\/pornuestrolaredo.com\/index.php?rest_route=\/wp\/v2\/posts\/5854","targetHints":{"allow":["GET"]}}],"collection":[{"href":"https:\/\/pornuestrolaredo.com\/index.php?rest_route=\/wp\/v2\/posts"}],"about":[{"href":"https:\/\/pornuestrolaredo.com\/index.php?rest_route=\/wp\/v2\/types\/post"}],"author":[{"embeddable":true,"href":"https:\/\/pornuestrolaredo.com\/index.php?rest_route=\/wp\/v2\/users\/1"}],"replies":[{"embeddable":true,"href":"https:\/\/pornuestrolaredo.com\/index.php?rest_route=%2Fwp%2Fv2%2Fcomments&post=5854"}],"version-history":[{"count":1,"href":"https:\/\/pornuestrolaredo.com\/index.php?rest_route=\/wp\/v2\/posts\/5854\/revisions"}],"predecessor-version":[{"id":5856,"href":"https:\/\/pornuestrolaredo.com\/index.php?rest_route=\/wp\/v2\/posts\/5854\/revisions\/5856"}],"wp:featuredmedia":[{"embeddable":true,"href":"https:\/\/pornuestrolaredo.com\/index.php?rest_route=\/wp\/v2\/media\/5855"}],"wp:attachment":[{"href":"https:\/\/pornuestrolaredo.com\/index.php?rest_route=%2Fwp%2Fv2%2Fmedia&parent=5854"}],"wp:term":[{"taxonomy":"category","embeddable":true,"href":"https:\/\/pornuestrolaredo.com\/index.php?rest_route=%2Fwp%2Fv2%2Fcategories&post=5854"},{"taxonomy":"post_tag","embeddable":true,"href":"https:\/\/pornuestrolaredo.com\/index.php?rest_route=%2Fwp%2Fv2%2Ftags&post=5854"}],"curies":[{"name":"wp","href":"https:\/\/api.w.org\/{rel}","templated":true}]}}