{"id":5857,"date":"2025-01-15T18:08:12","date_gmt":"2025-01-15T18:08:12","guid":{"rendered":"https:\/\/pornuestrolaredo.com\/?p=5857"},"modified":"2025-01-15T18:08:12","modified_gmt":"2025-01-15T18:08:12","slug":"habra-jornada-de-vacunacion-jueves-y-viernes","status":"publish","type":"post","link":"https:\/\/pornuestrolaredo.com\/?p=5857","title":{"rendered":"Habr\u00e1 jornada de vacunaci\u00f3n jueves y viernes"},"content":{"rendered":"<p><strong><em>NUEVO LAREDO.-<\/em> <\/strong>Ante la ola g\u00e9lida que azotar\u00e1 a los dos Laredos la pr\u00f3xima semana, lo mejor que se puede hacerse es protegerse contra las enfermedades respiratorias graves, como influenza, neumon\u00eda y covid. Por esa raz\u00f3n, habr\u00e1 vacunaci\u00f3n Drive Thru el jueves 16 y viernes 17 de enero.<\/p>\n<p>En esta jornada realizada por el Gobierno Municipal y la Secretar\u00eda de Bienestar Social de Nuevo Laredo, se aplicar\u00e1m vacunas a personas que lleguen a pie o en auto, sin necesidad de bajarse.<\/p>\n<p>La campa\u00f1a es parte del protocolo de prevenci\u00f3n que activ\u00f3 la alcaldesa Carmen Lilia Canturosas Villarreal dentro del Consejo Municipal de Protecci\u00f3n Civil.<\/p>\n<p>El personal m\u00e9dico municipal iniciar\u00e1 la aplicaci\u00f3n de las vacunas a partir de las 10:00 de la ma\u00f1ana hasta las 2:00 de la tarde, por la Avenida Guerrero entre H\u00e9roe de Nacataz y Maclovio Herrera justo en el Monumento a Fundadores.<\/p>\n<p>La secretaria de Bienestar Social, Liliana Arjona Barocio, se\u00f1al\u00f3 que es una encomienda de la presidenta municipal Carmen Lilia Canturosas Villarreal llevar a cabo estas jornadas de vacunaci\u00f3n en beneficio de los neolaredenses. <\/p>\n<p>Arjona Barocio agreg\u00f3 que es importante que tanto adultos como ni\u00f1os cubran sus esquemas de vacunaci\u00f3n sobre todo en esta temporada invernal para evitar presentar cuadros respiratorios complicados. <\/p>\n<blockquote><p>Recordemos que estas vacunas nos las debemos aplicar a\u00f1o con a\u00f1o para estar protegidos sobre todo la \u00e9poca de invierno. Como Gobierno Municipal nos preocupamos por la salud de los neolaredenses, es esencial que cubran el esquema de vacunaci\u00f3n sobre todo de ni\u00f1os y adultos mayores que son m\u00e1s propensos a sufrir complicaciones con cuadros respiratorios\u201d, agreg\u00f3. <\/p><\/blockquote>\n<p>La facilidad de estas jornadas de vacunaci\u00f3n Drive Thru es que el ciudadano no requiere bajar de su veh\u00edculo sobre todo por las inclemencias del clima que se est\u00e1n presentando en Nuevo Laredo. <\/p>\n<p>Los requisitos para la vacunaci\u00f3n de adultos son identificaci\u00f3n oficial y para ni\u00f1os la cartilla de vacunaci\u00f3n, se pueden vacunar a menores a partir de los 6 meses de edad.<\/p>\n","protected":false},"excerpt":{"rendered":"<p>La ciudadan\u00eda no tendr\u00e1 que bajar de sus veh\u00edculos para protegerse contra influenza, neumon\u00eda y covid; tambi\u00e9n se puede llegar a pie<\/p>\n","protected":false},"author":1,"featured_media":5858,"comment_status":"closed","ping_status":"closed","sticky":false,"template":"","format":"standard","meta":{"_crdt_document":"","_jetpack_memberships_contains_paid_content":false,"footnotes":"","jetpack_publicize_message":"","jetpack_publicize_feature_enabled":true,"jetpack_social_post_already_shared":true,"jetpack_social_options":{"image_generator_settings":{"template":"highway","default_image_id":0,"font":"","enabled":false},"version":2},"_wpas_customize_per_network":false},"categories":[4],"tags":[],"class_list":["post-5857","post","type-post","status-publish","format-standard","has-post-thumbnail","hentry","category-los-dos-laredos"],"magazineBlocksPostFeaturedMedia":{"thumbnail":"https:\/\/pornuestrolaredo.com\/wp-content\/uploads\/2025\/01\/PNL-20250115-2-150x150.jpg","medium":"https:\/\/pornuestrolaredo.com\/wp-content\/uploads\/2025\/01\/PNL-20250115-2-300x200.jpg","medium_large":"https:\/\/pornuestrolaredo.com\/wp-content\/uploads\/2025\/01\/PNL-20250115-2-768x511.jpg","large":"https:\/\/pornuestrolaredo.com\/wp-content\/uploads\/2025\/01\/PNL-20250115-2.jpg","1536x1536":"https:\/\/pornuestrolaredo.com\/wp-content\/uploads\/2025\/01\/PNL-20250115-2.jpg","2048x2048":"https:\/\/pornuestrolaredo.com\/wp-content\/uploads\/2025\/01\/PNL-20250115-2.jpg","morenews-large":"https:\/\/pornuestrolaredo.com\/wp-content\/uploads\/2025\/01\/PNL-20250115-2.jpg","morenews-medium":"https:\/\/pornuestrolaredo.com\/wp-content\/uploads\/2025\/01\/PNL-20250115-2.jpg"},"magazineBlocksPostAuthor":{"name":"Redactor","avatar":"https:\/\/pornuestrolaredo.com\/wp-content\/litespeed\/avatar\/dca1d7ec750c399f025f23b0b314f4cf.jpg?ver=1777612120"},"magazineBlocksPostCommentsNumber":false,"magazineBlocksPostExcerpt":"La ciudadan\u00eda no tendr\u00e1 que bajar de sus veh\u00edculos para protegerse contra influenza, neumon\u00eda y covid; tambi\u00e9n se puede llegar a pie","magazineBlocksPostCategories":["Los dos Laredos"],"magazineBlocksPostViewCount":180,"magazineBlocksPostReadTime":2,"magazine_blocks_featured_image_url":{"full":["https:\/\/pornuestrolaredo.com\/wp-content\/uploads\/2025\/01\/PNL-20250115-2.jpg",907,604,false],"medium":["https:\/\/pornuestrolaredo.com\/wp-content\/uploads\/2025\/01\/PNL-20250115-2-300x200.jpg",300,200,true],"thumbnail":["https:\/\/pornuestrolaredo.com\/wp-content\/uploads\/2025\/01\/PNL-20250115-2-150x150.jpg",150,150,true]},"magazine_blocks_author":{"display_name":"Redactor","author_link":"https:\/\/pornuestrolaredo.com\/?author=1"},"magazine_blocks_comment":0,"magazine_blocks_author_image":"https:\/\/pornuestrolaredo.com\/wp-content\/litespeed\/avatar\/dca1d7ec750c399f025f23b0b314f4cf.jpg?ver=1777612120","magazine_blocks_category":"<a href=\"#\" class=\"category-link category-link-4\">Los dos Laredos<\/a>","jetpack_publicize_connections":[],"featured_image_urls":{"full":["https:\/\/pornuestrolaredo.com\/wp-content\/uploads\/2025\/01\/PNL-20250115-2.jpg",907,604,false],"thumbnail":["https:\/\/pornuestrolaredo.com\/wp-content\/uploads\/2025\/01\/PNL-20250115-2-150x150.jpg",150,150,true],"medium":["https:\/\/pornuestrolaredo.com\/wp-content\/uploads\/2025\/01\/PNL-20250115-2-300x200.jpg",300,200,true],"medium_large":["https:\/\/pornuestrolaredo.com\/wp-content\/uploads\/2025\/01\/PNL-20250115-2-768x511.jpg",640,426,true],"large":["https:\/\/pornuestrolaredo.com\/wp-content\/uploads\/2025\/01\/PNL-20250115-2.jpg",640,426,false],"1536x1536":["https:\/\/pornuestrolaredo.com\/wp-content\/uploads\/2025\/01\/PNL-20250115-2.jpg",907,604,false],"2048x2048":["https:\/\/pornuestrolaredo.com\/wp-content\/uploads\/2025\/01\/PNL-20250115-2.jpg",907,604,false],"morenews-large":["https:\/\/pornuestrolaredo.com\/wp-content\/uploads\/2025\/01\/PNL-20250115-2.jpg",825,549,false],"morenews-medium":["https:\/\/pornuestrolaredo.com\/wp-content\/uploads\/2025\/01\/PNL-20250115-2.jpg",590,393,false]},"author_info":{"info":["Redactor"]},"category_info":"<a href=\"https:\/\/pornuestrolaredo.com\/?cat=4\" rel=\"category\">Los dos Laredos<\/a>","tag_info":"Los dos Laredos","comment_count":"0","jetpack_featured_media_url":"https:\/\/pornuestrolaredo.com\/wp-content\/uploads\/2025\/01\/PNL-20250115-2.jpg","jetpack_sharing_enabled":true,"_links":{"self":[{"href":"https:\/\/pornuestrolaredo.com\/index.php?rest_route=\/wp\/v2\/posts\/5857","targetHints":{"allow":["GET"]}}],"collection":[{"href":"https:\/\/pornuestrolaredo.com\/index.php?rest_route=\/wp\/v2\/posts"}],"about":[{"href":"https:\/\/pornuestrolaredo.com\/index.php?rest_route=\/wp\/v2\/types\/post"}],"author":[{"embeddable":true,"href":"https:\/\/pornuestrolaredo.com\/index.php?rest_route=\/wp\/v2\/users\/1"}],"replies":[{"embeddable":true,"href":"https:\/\/pornuestrolaredo.com\/index.php?rest_route=%2Fwp%2Fv2%2Fcomments&post=5857"}],"version-history":[{"count":1,"href":"https:\/\/pornuestrolaredo.com\/index.php?rest_route=\/wp\/v2\/posts\/5857\/revisions"}],"predecessor-version":[{"id":5859,"href":"https:\/\/pornuestrolaredo.com\/index.php?rest_route=\/wp\/v2\/posts\/5857\/revisions\/5859"}],"wp:featuredmedia":[{"embeddable":true,"href":"https:\/\/pornuestrolaredo.com\/index.php?rest_route=\/wp\/v2\/media\/5858"}],"wp:attachment":[{"href":"https:\/\/pornuestrolaredo.com\/index.php?rest_route=%2Fwp%2Fv2%2Fmedia&parent=5857"}],"wp:term":[{"taxonomy":"category","embeddable":true,"href":"https:\/\/pornuestrolaredo.com\/index.php?rest_route=%2Fwp%2Fv2%2Fcategories&post=5857"},{"taxonomy":"post_tag","embeddable":true,"href":"https:\/\/pornuestrolaredo.com\/index.php?rest_route=%2Fwp%2Fv2%2Ftags&post=5857"}],"curies":[{"name":"wp","href":"https:\/\/api.w.org\/{rel}","templated":true}]}}