{"id":586,"date":"2022-10-13T20:17:06","date_gmt":"2022-10-13T20:17:06","guid":{"rendered":"https:\/\/pornuestrolaredo.com\/?p=586"},"modified":"2022-10-13T20:17:06","modified_gmt":"2022-10-13T20:17:06","slug":"%ef%bf%bccuba-gooding-jr-se-declara-culpable-de-acoso","status":"publish","type":"post","link":"https:\/\/pornuestrolaredo.com\/?p=586","title":{"rendered":"\ufffcCuba Gooding Jr se declara culpable de acoso"},"content":{"rendered":"\n<p class=\"wp-block-paragraph\"><strong><em>NUEVA YORK.- <\/em><\/strong>El actor Cuba Gooding Jr. no ir\u00e1 a prisi\u00f3n por el caso penal que enfrentaba por abuso sexual, el veredicto fue dado a conocer despu\u00e9s de que el histri\u00f3n se declarara culpable de un cargo de acoso este jueves.<\/p>\n\n\n\n<p class=\"wp-block-paragraph\">De acuerdo con informaci\u00f3n de New York Times, la Corte Suprema del Estado en Manhattan termin\u00f3 con el juicio que enfrentaba Gooding Jr. luego de que el actor llegara a un acuerdo para afrontar la culpabilidad sin pisar la c\u00e1rcel.<\/p>\n\n\n\n<p class=\"wp-block-paragraph\">El acuerdo fue planteado desde abril, cuando los fiscales determinaron que Gooding no pisar\u00eda la c\u00e1rcel si se declaraba culpable de acoso y continuara con un tratamiento por alcoholismo y correcci\u00f3n de comportamiento.<\/p>\n\n\n\n<p class=\"wp-block-paragraph\">Cuba Gooding Jr. fue acusado de besar y tocar por la fuerza a tres mujeres en 2019, cuyas acciones fueron expuestas durante el movimiento #MeToo.<\/p>\n\n\n\n<p class=\"wp-block-paragraph\">Durante el juicio del actor ganador del \u00d3scar, el tribunal de Manhattan solicit\u00f3 los testimonios de 19 mujeres para comprobar el comportamiento de Cuba, pero solo dos de ellas pudieron testificar.<\/p>\n\n\n\n<p class=\"wp-block-paragraph\">En 2019, una mujer demand\u00f3 a Gooding Jr. por haberle tocado un seno en un bar, esta situaci\u00f3n desencaden\u00f3 los cargos penales contra el actor. Con el paso del tiempo, las acusaciones contra el reconocido personaje comenzaron a salir a la luz. <\/p>\n\n\n\n<p class=\"wp-block-paragraph\">El histri\u00f3n conocido por el filme Jerry Maguire, ya no enfrenta cargos penales, sin embargo, a\u00fan tiene que enfrentar dos demandas civiles.<\/p>\n","protected":false},"excerpt":{"rendered":"<p>NUEVA YORK.- El actor Cuba Gooding Jr. no ir\u00e1 a prisi\u00f3n por el caso penal que enfrentaba por<\/p>\n","protected":false},"author":1,"featured_media":587,"comment_status":"open","ping_status":"open","sticky":false,"template":"","format":"standard","meta":{"_crdt_document":"","_jetpack_memberships_contains_paid_content":false,"footnotes":"","jetpack_publicize_message":"El actor libra ir a prisi\u00f3n, pero ahora enfrentar\u00e1 al menos dos demandas civiles","jetpack_publicize_feature_enabled":true,"jetpack_social_post_already_shared":true,"jetpack_social_options":{"image_generator_settings":{"template":"highway","default_image_id":0,"font":"","enabled":false},"version":2},"_wpas_customize_per_network":false},"categories":[9],"tags":[],"class_list":["post-586","post","type-post","status-publish","format-standard","has-post-thumbnail","hentry","category-el-mundo"],"magazineBlocksPostFeaturedMedia":{"thumbnail":"https:\/\/pornuestrolaredo.com\/wp-content\/uploads\/2022\/10\/Stereo91-20221013-3-150x150.jpg","medium":"https:\/\/pornuestrolaredo.com\/wp-content\/uploads\/2022\/10\/Stereo91-20221013-3-300x200.jpg","medium_large":"https:\/\/pornuestrolaredo.com\/wp-content\/uploads\/2022\/10\/Stereo91-20221013-3-768x512.jpg","large":"https:\/\/pornuestrolaredo.com\/wp-content\/uploads\/2022\/10\/Stereo91-20221013-3.jpg","1536x1536":"https:\/\/pornuestrolaredo.com\/wp-content\/uploads\/2022\/10\/Stereo91-20221013-3.jpg","2048x2048":"https:\/\/pornuestrolaredo.com\/wp-content\/uploads\/2022\/10\/Stereo91-20221013-3.jpg","morenews-large":"https:\/\/pornuestrolaredo.com\/wp-content\/uploads\/2022\/10\/Stereo91-20221013-3.jpg","morenews-medium":"https:\/\/pornuestrolaredo.com\/wp-content\/uploads\/2022\/10\/Stereo91-20221013-3.jpg"},"magazineBlocksPostAuthor":{"name":"Redactor","avatar":"https:\/\/pornuestrolaredo.com\/wp-content\/litespeed\/avatar\/dca1d7ec750c399f025f23b0b314f4cf.jpg?ver=1777612120"},"magazineBlocksPostCommentsNumber":false,"magazineBlocksPostExcerpt":"NUEVA YORK.- El actor Cuba Gooding Jr. no ir\u00e1 a prisi\u00f3n por el caso penal que enfrentaba por","magazineBlocksPostCategories":["El Mundo"],"magazineBlocksPostViewCount":124,"magazineBlocksPostReadTime":2,"magazine_blocks_featured_image_url":{"full":["https:\/\/pornuestrolaredo.com\/wp-content\/uploads\/2022\/10\/Stereo91-20221013-3.jpg",879,586,false],"medium":["https:\/\/pornuestrolaredo.com\/wp-content\/uploads\/2022\/10\/Stereo91-20221013-3-300x200.jpg",300,200,true],"thumbnail":["https:\/\/pornuestrolaredo.com\/wp-content\/uploads\/2022\/10\/Stereo91-20221013-3-150x150.jpg",150,150,true]},"magazine_blocks_author":{"display_name":"Redactor","author_link":"https:\/\/pornuestrolaredo.com\/?author=1"},"magazine_blocks_comment":0,"magazine_blocks_author_image":"https:\/\/pornuestrolaredo.com\/wp-content\/litespeed\/avatar\/dca1d7ec750c399f025f23b0b314f4cf.jpg?ver=1777612120","magazine_blocks_category":"<a href=\"#\" class=\"category-link category-link-9\">El Mundo<\/a>","jetpack_publicize_connections":[],"featured_image_urls":{"full":["https:\/\/pornuestrolaredo.com\/wp-content\/uploads\/2022\/10\/Stereo91-20221013-3.jpg",879,586,false],"thumbnail":["https:\/\/pornuestrolaredo.com\/wp-content\/uploads\/2022\/10\/Stereo91-20221013-3-150x150.jpg",150,150,true],"medium":["https:\/\/pornuestrolaredo.com\/wp-content\/uploads\/2022\/10\/Stereo91-20221013-3-300x200.jpg",300,200,true],"medium_large":["https:\/\/pornuestrolaredo.com\/wp-content\/uploads\/2022\/10\/Stereo91-20221013-3-768x512.jpg",640,427,true],"large":["https:\/\/pornuestrolaredo.com\/wp-content\/uploads\/2022\/10\/Stereo91-20221013-3.jpg",640,427,false],"1536x1536":["https:\/\/pornuestrolaredo.com\/wp-content\/uploads\/2022\/10\/Stereo91-20221013-3.jpg",879,586,false],"2048x2048":["https:\/\/pornuestrolaredo.com\/wp-content\/uploads\/2022\/10\/Stereo91-20221013-3.jpg",879,586,false],"morenews-large":["https:\/\/pornuestrolaredo.com\/wp-content\/uploads\/2022\/10\/Stereo91-20221013-3.jpg",825,550,false],"morenews-medium":["https:\/\/pornuestrolaredo.com\/wp-content\/uploads\/2022\/10\/Stereo91-20221013-3.jpg",590,393,false]},"author_info":{"info":["Redactor"]},"category_info":"<a href=\"https:\/\/pornuestrolaredo.com\/?cat=9\" rel=\"category\">El Mundo<\/a>","tag_info":"El Mundo","comment_count":"0","jetpack_featured_media_url":"https:\/\/pornuestrolaredo.com\/wp-content\/uploads\/2022\/10\/Stereo91-20221013-3.jpg","jetpack_sharing_enabled":true,"_links":{"self":[{"href":"https:\/\/pornuestrolaredo.com\/index.php?rest_route=\/wp\/v2\/posts\/586","targetHints":{"allow":["GET"]}}],"collection":[{"href":"https:\/\/pornuestrolaredo.com\/index.php?rest_route=\/wp\/v2\/posts"}],"about":[{"href":"https:\/\/pornuestrolaredo.com\/index.php?rest_route=\/wp\/v2\/types\/post"}],"author":[{"embeddable":true,"href":"https:\/\/pornuestrolaredo.com\/index.php?rest_route=\/wp\/v2\/users\/1"}],"replies":[{"embeddable":true,"href":"https:\/\/pornuestrolaredo.com\/index.php?rest_route=%2Fwp%2Fv2%2Fcomments&post=586"}],"version-history":[{"count":1,"href":"https:\/\/pornuestrolaredo.com\/index.php?rest_route=\/wp\/v2\/posts\/586\/revisions"}],"predecessor-version":[{"id":588,"href":"https:\/\/pornuestrolaredo.com\/index.php?rest_route=\/wp\/v2\/posts\/586\/revisions\/588"}],"wp:featuredmedia":[{"embeddable":true,"href":"https:\/\/pornuestrolaredo.com\/index.php?rest_route=\/wp\/v2\/media\/587"}],"wp:attachment":[{"href":"https:\/\/pornuestrolaredo.com\/index.php?rest_route=%2Fwp%2Fv2%2Fmedia&parent=586"}],"wp:term":[{"taxonomy":"category","embeddable":true,"href":"https:\/\/pornuestrolaredo.com\/index.php?rest_route=%2Fwp%2Fv2%2Fcategories&post=586"},{"taxonomy":"post_tag","embeddable":true,"href":"https:\/\/pornuestrolaredo.com\/index.php?rest_route=%2Fwp%2Fv2%2Ftags&post=586"}],"curies":[{"name":"wp","href":"https:\/\/api.w.org\/{rel}","templated":true}]}}