{"id":5860,"date":"2025-01-15T18:22:17","date_gmt":"2025-01-15T18:22:17","guid":{"rendered":"https:\/\/pornuestrolaredo.com\/?p=5860"},"modified":"2025-01-15T18:22:17","modified_gmt":"2025-01-15T18:22:17","slug":"obliga-intenso-frio-a-cerrar-oficinas-de-bienestar-federal","status":"publish","type":"post","link":"https:\/\/pornuestrolaredo.com\/?p=5860","title":{"rendered":"Obliga intenso fr\u00edo a cerrar oficinas de Bienestar Federal"},"content":{"rendered":"<p><strong>NUEVO LAREDO.- <\/strong>Para evitar poner en riesgo la salud de adultos mayores, la la delegaci\u00f3n de Programas Federales en Nuevo Laredo mantendr\u00e1 sus oficinas cerradas durante la tormenta invernal que llegar\u00e1 a la ciudad la semana siguiente.<\/p>\n<p>Esta medida es parte de las acciones de prevenci\u00f3n acordadas en el Consejo Municipal de Protecci\u00f3n Civil que se reuni\u00f3 la tarde del martes.<\/p>\n<p>Heriberto Cant\u00fa De\u00e1ndar, delegado de Bienestar Regi\u00f3n 4, inform\u00f3 que para evitar que los abuelitos se expongan al intenso fr\u00edo, mantendr\u00e1n sus instalaciones cerradas el lunes 20 y martes 21 de enero; y regresar\u00e1n a la actividad en cuanto termine la contingencia.<\/p>\n<blockquote><p>Los adultos mayores son muy responsables y cumplidos, pero no queremos exponerlos a una enfermedad, por eso decidimos mantener las oficinas cerradas durante la tormenta invernal, esto no afectar\u00e1 la entrega de tarjetas de pensiones, ya que tenemos el tiempo suficiente para que acudan a recogerla\u201d, afirm\u00f3.<\/p><\/blockquote>\n<p>Cant\u00fa De\u00e1ndar invit\u00f3 a los beneficiarios de los programas de bienestar para que est\u00e9n pendientes de las redes sociales oficiales de la delegaci\u00f3n y de los medios de comunicaci\u00f3n para que est\u00e9n informados sobre la fecha en la que se reanudar\u00e1n las actividades.<\/p>\n","protected":false},"excerpt":{"rendered":"<p>El delegado de la regi\u00f3n 4, Heriberto Cant\u00fa De\u00e1ndar, dijo que la medida es para evitar poner en riesgo la salud de los adultos mayores<\/p>\n","protected":false},"author":1,"featured_media":5861,"comment_status":"closed","ping_status":"closed","sticky":false,"template":"","format":"standard","meta":{"_crdt_document":"","_jetpack_memberships_contains_paid_content":false,"footnotes":"","jetpack_publicize_message":"","jetpack_publicize_feature_enabled":true,"jetpack_social_post_already_shared":true,"jetpack_social_options":{"image_generator_settings":{"template":"highway","default_image_id":0,"font":"","enabled":false},"version":2},"_wpas_customize_per_network":false},"categories":[4],"tags":[],"class_list":["post-5860","post","type-post","status-publish","format-standard","has-post-thumbnail","hentry","category-los-dos-laredos"],"magazineBlocksPostFeaturedMedia":{"thumbnail":"https:\/\/pornuestrolaredo.com\/wp-content\/uploads\/2025\/01\/Stereo91-20250115-3-150x150.jpg","medium":"https:\/\/pornuestrolaredo.com\/wp-content\/uploads\/2025\/01\/Stereo91-20250115-3-300x190.jpg","medium_large":"https:\/\/pornuestrolaredo.com\/wp-content\/uploads\/2025\/01\/Stereo91-20250115-3-768x485.jpg","large":"https:\/\/pornuestrolaredo.com\/wp-content\/uploads\/2025\/01\/Stereo91-20250115-3-1000x632.jpg","1536x1536":"https:\/\/pornuestrolaredo.com\/wp-content\/uploads\/2025\/01\/Stereo91-20250115-3-1536x971.jpg","2048x2048":"https:\/\/pornuestrolaredo.com\/wp-content\/uploads\/2025\/01\/Stereo91-20250115-3.jpg","morenews-large":"https:\/\/pornuestrolaredo.com\/wp-content\/uploads\/2025\/01\/Stereo91-20250115-3.jpg","morenews-medium":"https:\/\/pornuestrolaredo.com\/wp-content\/uploads\/2025\/01\/Stereo91-20250115-3.jpg"},"magazineBlocksPostAuthor":{"name":"Redactor","avatar":"https:\/\/pornuestrolaredo.com\/wp-content\/litespeed\/avatar\/dca1d7ec750c399f025f23b0b314f4cf.jpg?ver=1777612120"},"magazineBlocksPostCommentsNumber":false,"magazineBlocksPostExcerpt":"El delegado de la regi\u00f3n 4, Heriberto Cant\u00fa De\u00e1ndar, dijo que la medida es para evitar poner en riesgo la salud de los adultos mayores","magazineBlocksPostCategories":["Los dos Laredos"],"magazineBlocksPostViewCount":173,"magazineBlocksPostReadTime":2,"magazine_blocks_featured_image_url":{"full":["https:\/\/pornuestrolaredo.com\/wp-content\/uploads\/2025\/01\/Stereo91-20250115-3.jpg",1600,1011,false],"medium":["https:\/\/pornuestrolaredo.com\/wp-content\/uploads\/2025\/01\/Stereo91-20250115-3-300x190.jpg",300,190,true],"thumbnail":["https:\/\/pornuestrolaredo.com\/wp-content\/uploads\/2025\/01\/Stereo91-20250115-3-150x150.jpg",150,150,true]},"magazine_blocks_author":{"display_name":"Redactor","author_link":"https:\/\/pornuestrolaredo.com\/?author=1"},"magazine_blocks_comment":0,"magazine_blocks_author_image":"https:\/\/pornuestrolaredo.com\/wp-content\/litespeed\/avatar\/dca1d7ec750c399f025f23b0b314f4cf.jpg?ver=1777612120","magazine_blocks_category":"<a href=\"#\" class=\"category-link category-link-4\">Los dos Laredos<\/a>","jetpack_publicize_connections":[],"featured_image_urls":{"full":["https:\/\/pornuestrolaredo.com\/wp-content\/uploads\/2025\/01\/Stereo91-20250115-3.jpg",1600,1011,false],"thumbnail":["https:\/\/pornuestrolaredo.com\/wp-content\/uploads\/2025\/01\/Stereo91-20250115-3-150x150.jpg",150,150,true],"medium":["https:\/\/pornuestrolaredo.com\/wp-content\/uploads\/2025\/01\/Stereo91-20250115-3-300x190.jpg",300,190,true],"medium_large":["https:\/\/pornuestrolaredo.com\/wp-content\/uploads\/2025\/01\/Stereo91-20250115-3-768x485.jpg",640,404,true],"large":["https:\/\/pornuestrolaredo.com\/wp-content\/uploads\/2025\/01\/Stereo91-20250115-3-1000x632.jpg",640,404,true],"1536x1536":["https:\/\/pornuestrolaredo.com\/wp-content\/uploads\/2025\/01\/Stereo91-20250115-3-1536x971.jpg",1536,971,true],"2048x2048":["https:\/\/pornuestrolaredo.com\/wp-content\/uploads\/2025\/01\/Stereo91-20250115-3.jpg",1600,1011,false],"morenews-large":["https:\/\/pornuestrolaredo.com\/wp-content\/uploads\/2025\/01\/Stereo91-20250115-3.jpg",825,521,false],"morenews-medium":["https:\/\/pornuestrolaredo.com\/wp-content\/uploads\/2025\/01\/Stereo91-20250115-3.jpg",590,373,false]},"author_info":{"info":["Redactor"]},"category_info":"<a href=\"https:\/\/pornuestrolaredo.com\/?cat=4\" rel=\"category\">Los dos Laredos<\/a>","tag_info":"Los dos Laredos","comment_count":"0","jetpack_featured_media_url":"https:\/\/pornuestrolaredo.com\/wp-content\/uploads\/2025\/01\/Stereo91-20250115-3.jpg","jetpack_sharing_enabled":true,"_links":{"self":[{"href":"https:\/\/pornuestrolaredo.com\/index.php?rest_route=\/wp\/v2\/posts\/5860","targetHints":{"allow":["GET"]}}],"collection":[{"href":"https:\/\/pornuestrolaredo.com\/index.php?rest_route=\/wp\/v2\/posts"}],"about":[{"href":"https:\/\/pornuestrolaredo.com\/index.php?rest_route=\/wp\/v2\/types\/post"}],"author":[{"embeddable":true,"href":"https:\/\/pornuestrolaredo.com\/index.php?rest_route=\/wp\/v2\/users\/1"}],"replies":[{"embeddable":true,"href":"https:\/\/pornuestrolaredo.com\/index.php?rest_route=%2Fwp%2Fv2%2Fcomments&post=5860"}],"version-history":[{"count":1,"href":"https:\/\/pornuestrolaredo.com\/index.php?rest_route=\/wp\/v2\/posts\/5860\/revisions"}],"predecessor-version":[{"id":5862,"href":"https:\/\/pornuestrolaredo.com\/index.php?rest_route=\/wp\/v2\/posts\/5860\/revisions\/5862"}],"wp:featuredmedia":[{"embeddable":true,"href":"https:\/\/pornuestrolaredo.com\/index.php?rest_route=\/wp\/v2\/media\/5861"}],"wp:attachment":[{"href":"https:\/\/pornuestrolaredo.com\/index.php?rest_route=%2Fwp%2Fv2%2Fmedia&parent=5860"}],"wp:term":[{"taxonomy":"category","embeddable":true,"href":"https:\/\/pornuestrolaredo.com\/index.php?rest_route=%2Fwp%2Fv2%2Fcategories&post=5860"},{"taxonomy":"post_tag","embeddable":true,"href":"https:\/\/pornuestrolaredo.com\/index.php?rest_route=%2Fwp%2Fv2%2Ftags&post=5860"}],"curies":[{"name":"wp","href":"https:\/\/api.w.org\/{rel}","templated":true}]}}