{"id":5863,"date":"2025-01-16T03:07:31","date_gmt":"2025-01-16T03:07:31","guid":{"rendered":"https:\/\/pornuestrolaredo.com\/?p=5863"},"modified":"2025-01-16T03:07:31","modified_gmt":"2025-01-16T03:07:31","slug":"dice-biden-adios-al-pueblo-de-estados-unidos","status":"publish","type":"post","link":"https:\/\/pornuestrolaredo.com\/?p=5863","title":{"rendered":"Dice Biden adi\u00f3s al pueblo de Estados Unidos"},"content":{"rendered":"<p><strong><em>WASHINGTON.-<\/em><\/strong> En su \u00faltimo mensaje a la naci\u00f3n, el presidente de Estados Unidos, Joe Biden, advirti\u00f3 que una &#8220;oligarqu\u00eda&#8221; de millonarios se est\u00e1 formando en el pa\u00eds y amenaza la democracia y las libertades.<\/p>\n<p>Desde la Oficina Oval, Biden dijo que la concentraci\u00f3n de poder y riqueza en unos pocos causa divisi\u00f3n y amenaza la democracia del pa\u00eds. Ademas, afirm\u00f3 que hay que reformar el c\u00f3digo de impuestos y hacer que los m\u00e1s ricos paguen las aportaciones justas.<\/p>\n<p>Biden lanz\u00f3 una serie de advertencias hacia el futuro que incluyeron la amenaza del cambio clim\u00e1tico, &#8220;una avalancha de desinformaci\u00f3n&#8221; que asola al pa\u00eds, as\u00ed como los riesgos de la Inteligencia Artificial.<\/p>\n<p>Tambi\u00e9n pidi\u00f3 trabajar para quitarle a los Presidentes inmunidad en el cargo.<\/p>\n<p>Biden inici\u00f3 su discurso celebrando el acuerdo de cese al fuego entre Israel y Hamas, que podr\u00eda poner fin a m\u00e1s de un a\u00f1o de derramamiento de sangre en Medio Oriente, y dijo que su equipo trabaj\u00f3 con la Administraci\u00f3n entrante para llevarlo a cabo.<\/p>\n<p>Tambi\u00e9n record\u00f3 el trabajo hecho durante la pandemia de covid-19, destac\u00f3 logros de su Administraci\u00f3n como la creaci\u00f3n de empleos, y agradeci\u00f3 a miembros de su equipo, las tropas y su familia.<\/p>\n<blockquote><p>Tomar\u00e1 tiempo ver el impacto de lo que hemos creado juntos&#8221;, agreg\u00f3.<\/p><\/blockquote>\n<blockquote><p>Despu\u00e9s de 50 a\u00f1os de servicio p\u00fablico les doy mi palabra: sigo creyendo en la idea sobre la que esta naci\u00f3n est\u00e1 parada, una naci\u00f3n en la que la fuerza de nuestras instituciones y el caracter de nuestra gente importan y deben perdurar&#8221;.<\/p><\/blockquote>\n","protected":false},"excerpt":{"rendered":"<p>En su \u00faltimo mensaje, advierte que una oligarqu\u00eda&#8221; de millonarios se est\u00e1 formando en el pa\u00eds y amenaza la democracia y las libertades<\/p>\n","protected":false},"author":1,"featured_media":5864,"comment_status":"closed","ping_status":"closed","sticky":false,"template":"","format":"standard","meta":{"_crdt_document":"","_jetpack_memberships_contains_paid_content":false,"footnotes":"","jetpack_publicize_message":"","jetpack_publicize_feature_enabled":true,"jetpack_social_post_already_shared":true,"jetpack_social_options":{"image_generator_settings":{"template":"highway","default_image_id":0,"font":"","enabled":false},"version":2},"_wpas_customize_per_network":false},"categories":[34],"tags":[],"class_list":["post-5863","post","type-post","status-publish","format-standard","has-post-thumbnail","hentry","category-farandula"],"magazineBlocksPostFeaturedMedia":{"thumbnail":"https:\/\/pornuestrolaredo.com\/wp-content\/uploads\/2025\/01\/Stereo91-20250115-5-150x150.jpg","medium":"https:\/\/pornuestrolaredo.com\/wp-content\/uploads\/2025\/01\/Stereo91-20250115-5-300x200.jpg","medium_large":"https:\/\/pornuestrolaredo.com\/wp-content\/uploads\/2025\/01\/Stereo91-20250115-5-768x512.jpg","large":"https:\/\/pornuestrolaredo.com\/wp-content\/uploads\/2025\/01\/Stereo91-20250115-5.jpg","1536x1536":"https:\/\/pornuestrolaredo.com\/wp-content\/uploads\/2025\/01\/Stereo91-20250115-5.jpg","2048x2048":"https:\/\/pornuestrolaredo.com\/wp-content\/uploads\/2025\/01\/Stereo91-20250115-5.jpg","morenews-large":"https:\/\/pornuestrolaredo.com\/wp-content\/uploads\/2025\/01\/Stereo91-20250115-5.jpg","morenews-medium":"https:\/\/pornuestrolaredo.com\/wp-content\/uploads\/2025\/01\/Stereo91-20250115-5.jpg"},"magazineBlocksPostAuthor":{"name":"Redactor","avatar":"https:\/\/pornuestrolaredo.com\/wp-content\/litespeed\/avatar\/dca1d7ec750c399f025f23b0b314f4cf.jpg?ver=1777612120"},"magazineBlocksPostCommentsNumber":false,"magazineBlocksPostExcerpt":"En su \u00faltimo mensaje, advierte que una oligarqu\u00eda\" de millonarios se est\u00e1 formando en el pa\u00eds y amenaza la democracia y las libertades","magazineBlocksPostCategories":["Far\u00e1ndula"],"magazineBlocksPostViewCount":140,"magazineBlocksPostReadTime":2,"magazine_blocks_featured_image_url":{"full":["https:\/\/pornuestrolaredo.com\/wp-content\/uploads\/2025\/01\/Stereo91-20250115-5.jpg",960,640,false],"medium":["https:\/\/pornuestrolaredo.com\/wp-content\/uploads\/2025\/01\/Stereo91-20250115-5-300x200.jpg",300,200,true],"thumbnail":["https:\/\/pornuestrolaredo.com\/wp-content\/uploads\/2025\/01\/Stereo91-20250115-5-150x150.jpg",150,150,true]},"magazine_blocks_author":{"display_name":"Redactor","author_link":"https:\/\/pornuestrolaredo.com\/?author=1"},"magazine_blocks_comment":0,"magazine_blocks_author_image":"https:\/\/pornuestrolaredo.com\/wp-content\/litespeed\/avatar\/dca1d7ec750c399f025f23b0b314f4cf.jpg?ver=1777612120","magazine_blocks_category":"<a href=\"#\" class=\"category-link category-link-34\">Far\u00e1ndula<\/a>","jetpack_publicize_connections":[],"featured_image_urls":{"full":["https:\/\/pornuestrolaredo.com\/wp-content\/uploads\/2025\/01\/Stereo91-20250115-5.jpg",960,640,false],"thumbnail":["https:\/\/pornuestrolaredo.com\/wp-content\/uploads\/2025\/01\/Stereo91-20250115-5-150x150.jpg",150,150,true],"medium":["https:\/\/pornuestrolaredo.com\/wp-content\/uploads\/2025\/01\/Stereo91-20250115-5-300x200.jpg",300,200,true],"medium_large":["https:\/\/pornuestrolaredo.com\/wp-content\/uploads\/2025\/01\/Stereo91-20250115-5-768x512.jpg",640,427,true],"large":["https:\/\/pornuestrolaredo.com\/wp-content\/uploads\/2025\/01\/Stereo91-20250115-5.jpg",640,427,false],"1536x1536":["https:\/\/pornuestrolaredo.com\/wp-content\/uploads\/2025\/01\/Stereo91-20250115-5.jpg",960,640,false],"2048x2048":["https:\/\/pornuestrolaredo.com\/wp-content\/uploads\/2025\/01\/Stereo91-20250115-5.jpg",960,640,false],"morenews-large":["https:\/\/pornuestrolaredo.com\/wp-content\/uploads\/2025\/01\/Stereo91-20250115-5.jpg",825,550,false],"morenews-medium":["https:\/\/pornuestrolaredo.com\/wp-content\/uploads\/2025\/01\/Stereo91-20250115-5.jpg",590,393,false]},"author_info":{"info":["Redactor"]},"category_info":"<a href=\"https:\/\/pornuestrolaredo.com\/?cat=34\" rel=\"category\">Far\u00e1ndula<\/a>","tag_info":"Far\u00e1ndula","comment_count":"0","jetpack_featured_media_url":"https:\/\/pornuestrolaredo.com\/wp-content\/uploads\/2025\/01\/Stereo91-20250115-5.jpg","jetpack_sharing_enabled":true,"_links":{"self":[{"href":"https:\/\/pornuestrolaredo.com\/index.php?rest_route=\/wp\/v2\/posts\/5863","targetHints":{"allow":["GET"]}}],"collection":[{"href":"https:\/\/pornuestrolaredo.com\/index.php?rest_route=\/wp\/v2\/posts"}],"about":[{"href":"https:\/\/pornuestrolaredo.com\/index.php?rest_route=\/wp\/v2\/types\/post"}],"author":[{"embeddable":true,"href":"https:\/\/pornuestrolaredo.com\/index.php?rest_route=\/wp\/v2\/users\/1"}],"replies":[{"embeddable":true,"href":"https:\/\/pornuestrolaredo.com\/index.php?rest_route=%2Fwp%2Fv2%2Fcomments&post=5863"}],"version-history":[{"count":1,"href":"https:\/\/pornuestrolaredo.com\/index.php?rest_route=\/wp\/v2\/posts\/5863\/revisions"}],"predecessor-version":[{"id":5865,"href":"https:\/\/pornuestrolaredo.com\/index.php?rest_route=\/wp\/v2\/posts\/5863\/revisions\/5865"}],"wp:featuredmedia":[{"embeddable":true,"href":"https:\/\/pornuestrolaredo.com\/index.php?rest_route=\/wp\/v2\/media\/5864"}],"wp:attachment":[{"href":"https:\/\/pornuestrolaredo.com\/index.php?rest_route=%2Fwp%2Fv2%2Fmedia&parent=5863"}],"wp:term":[{"taxonomy":"category","embeddable":true,"href":"https:\/\/pornuestrolaredo.com\/index.php?rest_route=%2Fwp%2Fv2%2Fcategories&post=5863"},{"taxonomy":"post_tag","embeddable":true,"href":"https:\/\/pornuestrolaredo.com\/index.php?rest_route=%2Fwp%2Fv2%2Ftags&post=5863"}],"curies":[{"name":"wp","href":"https:\/\/api.w.org\/{rel}","templated":true}]}}