{"id":5866,"date":"2025-01-16T18:50:19","date_gmt":"2025-01-16T18:50:19","guid":{"rendered":"https:\/\/pornuestrolaredo.com\/?p=5866"},"modified":"2025-01-16T18:50:19","modified_gmt":"2025-01-16T18:50:19","slug":"llaman-a-cuidar-mas-a-ninos-y-abuelos-ante-la-onda-gelida","status":"publish","type":"post","link":"https:\/\/pornuestrolaredo.com\/?p=5866","title":{"rendered":"Llaman a cuidar m\u00e1s a ni\u00f1os y abuelos ante la onda g\u00e9lida"},"content":{"rendered":"<p><strong><em>NUEVO LAREDO.-<\/em><\/strong> La pr\u00f3xima semana se pronostica la llegada de una intensa ola g\u00e9lida, con temperaturas por debajo del punto de congelaci\u00f3n y altas probabilidades de lluvia congelada, agua nieve o nieve. Por esa raz\u00f3n, se hace un llamado para extremar prevauciones y cuidar la salud de la ciudadan\u00eda, especialmente de los ni\u00f1os y los adultos mayores.<\/p>\n<p>El Sistema DIF Nuevo Laredo hace un llamado a las familias para redoblar esfuerzos para protegerlos, por ser propensos a padecer enfermedades respiratorias durante esta temporada y la onda g\u00e9lida multiplica los riesgos.<\/p>\n<p>Tras la reuni\u00f3n extraordinaria del Consejo Municipal de Protecci\u00f3n Civil convocada por la alcaldesa Carmen Lilia Canturosas, el DIF emiti\u00f3 una serie de recomendaciones a tomar en cuenta para evitar exponerse y prevenir enfermedades.<\/p>\n<p>El director general del Sistema DIF, Viviano V\u00e1zquez Mac\u00edas, destac\u00f3 la importancia de estas medidas preventivas:<\/p>\n<blockquote><p>El bienestar de nuestros ni\u00f1os y adultos mayores es una prioridad para el DIF Nuevo Laredo. Por ello, hacemos un llamado a las familias para que extremen precauciones, desde el abrigo adecuado hasta la atenci\u00f3n m\u00e9dica oportuna\u201d, afirm\u00f3. <\/p><\/blockquote>\n<p>El m\u00e9dico Andr\u00e9s Celada Salazar, del \u00e1rea m\u00e9dica del DIF, explic\u00f3 que es fundamental reforzar las medidas de prevenci\u00f3n para proteger a estos grupos vulnerables.<\/p>\n<blockquote><p>Los menores y los adultos mayores tienen sistemas inmunol\u00f3gicos m\u00e1s vulnerables, por lo que es esencial protegerlos del fr\u00edo. Es importante abrigarlos bien, mantener una alimentaci\u00f3n nutritiva y asegurarse de que tengan al d\u00eda sus esquemas de vacunaci\u00f3n, especialmente el refuerzo contra la influenza,\u201d coment\u00f3.<\/p><\/blockquote>\n<p>Celada Salazar recomend\u00f3 estar atentos a cualquier s\u00edntoma que pueda indicar una enfermedad respiratoria. <\/p>\n<blockquote><p>Si presentan escurrimiento nasal, tos, fiebre o dolor de garganta, deben acudir a consulta m\u00e9dica de inmediato y evitar automedicarse para prevenir complicaciones,\u201d se\u00f1al\u00f3.<\/p><\/blockquote>\n<p><strong>\u00bfQU\u00c9 HACER?<br \/>\n<\/strong><br \/>\nRecomendaciones para cuidar a ni\u00f1os y adultos mayores:<\/p>\n<p>Abrigarlos adecuadamente con ropa t\u00e9rmica como chamarras, bufandas, gorros y guantes.<\/p>\n<p>Proporcionarles alimentaci\u00f3n balanceada que fortalezca sus defensas.<\/p>\n<p>Estar atentos a s\u00edntomas como escurrimiento nasal, tos, fiebre o malestar en la garganta.<\/p>\n<p>Ante cualquier s\u00edntoma, evitar automedicarlos y buscar atenci\u00f3n m\u00e9dica oportuna.<\/p>\n<p>El Sistema DIF Nuevo Laredo ofrece consultas m\u00e9dicas a bajo costo en el DIF Central, ubicado en H\u00e9roe de Nacataz 2244, fraccionamiento Ojo Caliente, de lunes a viernes en un horario de 8:00 a.m. a 3:00 p.m.<\/p>\n","protected":false},"excerpt":{"rendered":"<p>NUEVO LAREDO.- La pr\u00f3xima semana se pronostica la llegada de una intensa ola g\u00e9lida, con temperaturas por debajo<\/p>\n","protected":false},"author":1,"featured_media":5867,"comment_status":"closed","ping_status":"closed","sticky":false,"template":"","format":"standard","meta":{"_crdt_document":"","_jetpack_memberships_contains_paid_content":false,"footnotes":"","jetpack_publicize_message":"","jetpack_publicize_feature_enabled":true,"jetpack_social_post_already_shared":true,"jetpack_social_options":{"image_generator_settings":{"template":"highway","default_image_id":0,"font":"","enabled":false},"version":2},"_wpas_customize_per_network":false},"categories":[4],"tags":[],"class_list":["post-5866","post","type-post","status-publish","format-standard","has-post-thumbnail","hentry","category-los-dos-laredos"],"magazineBlocksPostFeaturedMedia":{"thumbnail":"https:\/\/pornuestrolaredo.com\/wp-content\/uploads\/2025\/01\/PNL-20250116-1-150x150.jpg","medium":"https:\/\/pornuestrolaredo.com\/wp-content\/uploads\/2025\/01\/PNL-20250116-1-300x200.jpg","medium_large":"https:\/\/pornuestrolaredo.com\/wp-content\/uploads\/2025\/01\/PNL-20250116-1-768x512.jpg","large":"https:\/\/pornuestrolaredo.com\/wp-content\/uploads\/2025\/01\/PNL-20250116-1.jpg","1536x1536":"https:\/\/pornuestrolaredo.com\/wp-content\/uploads\/2025\/01\/PNL-20250116-1.jpg","2048x2048":"https:\/\/pornuestrolaredo.com\/wp-content\/uploads\/2025\/01\/PNL-20250116-1.jpg","morenews-large":"https:\/\/pornuestrolaredo.com\/wp-content\/uploads\/2025\/01\/PNL-20250116-1.jpg","morenews-medium":"https:\/\/pornuestrolaredo.com\/wp-content\/uploads\/2025\/01\/PNL-20250116-1.jpg"},"magazineBlocksPostAuthor":{"name":"Redactor","avatar":"https:\/\/pornuestrolaredo.com\/wp-content\/litespeed\/avatar\/dca1d7ec750c399f025f23b0b314f4cf.jpg?ver=1777612120"},"magazineBlocksPostCommentsNumber":false,"magazineBlocksPostExcerpt":"NUEVO LAREDO.- La pr\u00f3xima semana se pronostica la llegada de una intensa ola g\u00e9lida, con temperaturas por debajo","magazineBlocksPostCategories":["Los dos Laredos"],"magazineBlocksPostViewCount":159,"magazineBlocksPostReadTime":3,"magazine_blocks_featured_image_url":{"full":["https:\/\/pornuestrolaredo.com\/wp-content\/uploads\/2025\/01\/PNL-20250116-1.jpg",850,567,false],"medium":["https:\/\/pornuestrolaredo.com\/wp-content\/uploads\/2025\/01\/PNL-20250116-1-300x200.jpg",300,200,true],"thumbnail":["https:\/\/pornuestrolaredo.com\/wp-content\/uploads\/2025\/01\/PNL-20250116-1-150x150.jpg",150,150,true]},"magazine_blocks_author":{"display_name":"Redactor","author_link":"https:\/\/pornuestrolaredo.com\/?author=1"},"magazine_blocks_comment":0,"magazine_blocks_author_image":"https:\/\/pornuestrolaredo.com\/wp-content\/litespeed\/avatar\/dca1d7ec750c399f025f23b0b314f4cf.jpg?ver=1777612120","magazine_blocks_category":"<a href=\"#\" class=\"category-link category-link-4\">Los dos Laredos<\/a>","jetpack_publicize_connections":[],"featured_image_urls":{"full":["https:\/\/pornuestrolaredo.com\/wp-content\/uploads\/2025\/01\/PNL-20250116-1.jpg",850,567,false],"thumbnail":["https:\/\/pornuestrolaredo.com\/wp-content\/uploads\/2025\/01\/PNL-20250116-1-150x150.jpg",150,150,true],"medium":["https:\/\/pornuestrolaredo.com\/wp-content\/uploads\/2025\/01\/PNL-20250116-1-300x200.jpg",300,200,true],"medium_large":["https:\/\/pornuestrolaredo.com\/wp-content\/uploads\/2025\/01\/PNL-20250116-1-768x512.jpg",640,427,true],"large":["https:\/\/pornuestrolaredo.com\/wp-content\/uploads\/2025\/01\/PNL-20250116-1.jpg",640,427,false],"1536x1536":["https:\/\/pornuestrolaredo.com\/wp-content\/uploads\/2025\/01\/PNL-20250116-1.jpg",850,567,false],"2048x2048":["https:\/\/pornuestrolaredo.com\/wp-content\/uploads\/2025\/01\/PNL-20250116-1.jpg",850,567,false],"morenews-large":["https:\/\/pornuestrolaredo.com\/wp-content\/uploads\/2025\/01\/PNL-20250116-1.jpg",825,550,false],"morenews-medium":["https:\/\/pornuestrolaredo.com\/wp-content\/uploads\/2025\/01\/PNL-20250116-1.jpg",590,394,false]},"author_info":{"info":["Redactor"]},"category_info":"<a href=\"https:\/\/pornuestrolaredo.com\/?cat=4\" rel=\"category\">Los dos Laredos<\/a>","tag_info":"Los dos Laredos","comment_count":"0","jetpack_featured_media_url":"https:\/\/pornuestrolaredo.com\/wp-content\/uploads\/2025\/01\/PNL-20250116-1.jpg","jetpack_sharing_enabled":true,"_links":{"self":[{"href":"https:\/\/pornuestrolaredo.com\/index.php?rest_route=\/wp\/v2\/posts\/5866","targetHints":{"allow":["GET"]}}],"collection":[{"href":"https:\/\/pornuestrolaredo.com\/index.php?rest_route=\/wp\/v2\/posts"}],"about":[{"href":"https:\/\/pornuestrolaredo.com\/index.php?rest_route=\/wp\/v2\/types\/post"}],"author":[{"embeddable":true,"href":"https:\/\/pornuestrolaredo.com\/index.php?rest_route=\/wp\/v2\/users\/1"}],"replies":[{"embeddable":true,"href":"https:\/\/pornuestrolaredo.com\/index.php?rest_route=%2Fwp%2Fv2%2Fcomments&post=5866"}],"version-history":[{"count":1,"href":"https:\/\/pornuestrolaredo.com\/index.php?rest_route=\/wp\/v2\/posts\/5866\/revisions"}],"predecessor-version":[{"id":5868,"href":"https:\/\/pornuestrolaredo.com\/index.php?rest_route=\/wp\/v2\/posts\/5866\/revisions\/5868"}],"wp:featuredmedia":[{"embeddable":true,"href":"https:\/\/pornuestrolaredo.com\/index.php?rest_route=\/wp\/v2\/media\/5867"}],"wp:attachment":[{"href":"https:\/\/pornuestrolaredo.com\/index.php?rest_route=%2Fwp%2Fv2%2Fmedia&parent=5866"}],"wp:term":[{"taxonomy":"category","embeddable":true,"href":"https:\/\/pornuestrolaredo.com\/index.php?rest_route=%2Fwp%2Fv2%2Fcategories&post=5866"},{"taxonomy":"post_tag","embeddable":true,"href":"https:\/\/pornuestrolaredo.com\/index.php?rest_route=%2Fwp%2Fv2%2Ftags&post=5866"}],"curies":[{"name":"wp","href":"https:\/\/api.w.org\/{rel}","templated":true}]}}