{"id":5869,"date":"2025-01-16T19:11:59","date_gmt":"2025-01-16T19:11:59","guid":{"rendered":"https:\/\/pornuestrolaredo.com\/?p=5869"},"modified":"2025-01-16T19:11:59","modified_gmt":"2025-01-16T19:11:59","slug":"aprovecha-ciudadania-campana-de-vacunacion","status":"publish","type":"post","link":"https:\/\/pornuestrolaredo.com\/?p=5869","title":{"rendered":"Aprovecha ciudadan\u00eda campa\u00f1a de vacunaci\u00f3n"},"content":{"rendered":"<p><strong>NUEVO LAREDO.-<\/strong> El fr\u00edo intenso que viene la pr\u00f3xima semana es un riesgo para la salud, por lo que personas de todas las edades aprovecharon la campa\u00f1a de vacunaci\u00f3n Drive Thru contra la influenza, covid 19 y neumon\u00eda realizada por el Gobierno de Nuevo Laredo a trav\u00e9s de la Direcci\u00f3n de Salud.<\/p>\n<p>En esta jornada tambi\u00e9n se aplicaron dosis contra el virus del papiloma humano para ni\u00f1os y ni\u00f1as de quinto grado de primaria.<\/p>\n<p>Esta campa\u00f1a inici\u00f3 este jueves 16 de enero y continuar\u00e1 ma\u00f1ana viernes 17 de enero de 10:00 de la ma\u00f1ana a 2:00 de la tarde, en la Avenida Guerrero frente al Monumento a Fundadores. <\/p>\n<p>La jornada de vacunaci\u00f3n est\u00e1 abierta a toda la poblaci\u00f3n desde los 6 meses de edad, ni\u00f1os, adolescentes y adultos y adultos mayores con la intenci\u00f3n de completar esquemas de vacunaci\u00f3n y prevenir cualquier complicaci\u00f3n de enfermedades sobre todo respiratorias en esta temporada invernal.<\/p>\n<blockquote><p>Estamos invitando a la poblaci\u00f3n  a unirse a  esta campa\u00f1a emprendida por nuestra presidenta Carmen Lilia Canturosas Villarreal, siempre comprometida con  el tema de la salud, sobre todo, la prevenci\u00f3n; estamos tratando de cubrir este  periodo que se acerca con temperaturas muy fr\u00edas\u201d, se\u00f1al\u00f3 Rebeca Soriano Gonz\u00e1lez, directora de Salud Municipal.<\/p><\/blockquote>\n<p>Soriano Gonz\u00e1lez reiter\u00f3 la invitaci\u00f3n a la poblaci\u00f3n a acudir a esta campa\u00f1a, con la confianza de que existen suficientes dosis para vacunar  a quien lo necesite, sin requisitos y sin tiempo de espera, pues se aplica la vacuna en el autom\u00f3vil.<\/p>\n","protected":false},"excerpt":{"rendered":"<p>Acuden a protegerse contra influenza, covid 19 y neumon\u00eda al m\u00f3dulo frente al Monumento a Fundadores; este viernes tambi\u00e9n estar\u00e1 disponible<\/p>\n","protected":false},"author":1,"featured_media":5870,"comment_status":"closed","ping_status":"closed","sticky":false,"template":"","format":"standard","meta":{"_crdt_document":"","_jetpack_memberships_contains_paid_content":false,"footnotes":"","jetpack_publicize_message":"","jetpack_publicize_feature_enabled":true,"jetpack_social_post_already_shared":true,"jetpack_social_options":{"image_generator_settings":{"template":"highway","default_image_id":0,"font":"","enabled":false},"version":2},"_wpas_customize_per_network":false},"categories":[4],"tags":[],"class_list":["post-5869","post","type-post","status-publish","format-standard","has-post-thumbnail","hentry","category-los-dos-laredos"],"magazineBlocksPostFeaturedMedia":{"thumbnail":"https:\/\/pornuestrolaredo.com\/wp-content\/uploads\/2025\/01\/PNL-20250116-2-150x150.jpg","medium":"https:\/\/pornuestrolaredo.com\/wp-content\/uploads\/2025\/01\/PNL-20250116-2-300x200.jpg","medium_large":"https:\/\/pornuestrolaredo.com\/wp-content\/uploads\/2025\/01\/PNL-20250116-2-768x513.jpg","large":"https:\/\/pornuestrolaredo.com\/wp-content\/uploads\/2025\/01\/PNL-20250116-2.jpg","1536x1536":"https:\/\/pornuestrolaredo.com\/wp-content\/uploads\/2025\/01\/PNL-20250116-2.jpg","2048x2048":"https:\/\/pornuestrolaredo.com\/wp-content\/uploads\/2025\/01\/PNL-20250116-2.jpg","morenews-large":"https:\/\/pornuestrolaredo.com\/wp-content\/uploads\/2025\/01\/PNL-20250116-2.jpg","morenews-medium":"https:\/\/pornuestrolaredo.com\/wp-content\/uploads\/2025\/01\/PNL-20250116-2.jpg"},"magazineBlocksPostAuthor":{"name":"Redactor","avatar":"https:\/\/pornuestrolaredo.com\/wp-content\/litespeed\/avatar\/dca1d7ec750c399f025f23b0b314f4cf.jpg?ver=1777612120"},"magazineBlocksPostCommentsNumber":false,"magazineBlocksPostExcerpt":"Acuden a protegerse contra influenza, covid 19 y neumon\u00eda al m\u00f3dulo frente al Monumento a Fundadores; este viernes tambi\u00e9n estar\u00e1 disponible","magazineBlocksPostCategories":["Los dos Laredos"],"magazineBlocksPostViewCount":163,"magazineBlocksPostReadTime":2,"magazine_blocks_featured_image_url":{"full":["https:\/\/pornuestrolaredo.com\/wp-content\/uploads\/2025\/01\/PNL-20250116-2.jpg",850,568,false],"medium":["https:\/\/pornuestrolaredo.com\/wp-content\/uploads\/2025\/01\/PNL-20250116-2-300x200.jpg",300,200,true],"thumbnail":["https:\/\/pornuestrolaredo.com\/wp-content\/uploads\/2025\/01\/PNL-20250116-2-150x150.jpg",150,150,true]},"magazine_blocks_author":{"display_name":"Redactor","author_link":"https:\/\/pornuestrolaredo.com\/?author=1"},"magazine_blocks_comment":0,"magazine_blocks_author_image":"https:\/\/pornuestrolaredo.com\/wp-content\/litespeed\/avatar\/dca1d7ec750c399f025f23b0b314f4cf.jpg?ver=1777612120","magazine_blocks_category":"<a href=\"#\" class=\"category-link category-link-4\">Los dos Laredos<\/a>","jetpack_publicize_connections":[],"featured_image_urls":{"full":["https:\/\/pornuestrolaredo.com\/wp-content\/uploads\/2025\/01\/PNL-20250116-2.jpg",850,568,false],"thumbnail":["https:\/\/pornuestrolaredo.com\/wp-content\/uploads\/2025\/01\/PNL-20250116-2-150x150.jpg",150,150,true],"medium":["https:\/\/pornuestrolaredo.com\/wp-content\/uploads\/2025\/01\/PNL-20250116-2-300x200.jpg",300,200,true],"medium_large":["https:\/\/pornuestrolaredo.com\/wp-content\/uploads\/2025\/01\/PNL-20250116-2-768x513.jpg",640,428,true],"large":["https:\/\/pornuestrolaredo.com\/wp-content\/uploads\/2025\/01\/PNL-20250116-2.jpg",640,428,false],"1536x1536":["https:\/\/pornuestrolaredo.com\/wp-content\/uploads\/2025\/01\/PNL-20250116-2.jpg",850,568,false],"2048x2048":["https:\/\/pornuestrolaredo.com\/wp-content\/uploads\/2025\/01\/PNL-20250116-2.jpg",850,568,false],"morenews-large":["https:\/\/pornuestrolaredo.com\/wp-content\/uploads\/2025\/01\/PNL-20250116-2.jpg",825,551,false],"morenews-medium":["https:\/\/pornuestrolaredo.com\/wp-content\/uploads\/2025\/01\/PNL-20250116-2.jpg",590,394,false]},"author_info":{"info":["Redactor"]},"category_info":"<a href=\"https:\/\/pornuestrolaredo.com\/?cat=4\" rel=\"category\">Los dos Laredos<\/a>","tag_info":"Los dos Laredos","comment_count":"0","jetpack_featured_media_url":"https:\/\/pornuestrolaredo.com\/wp-content\/uploads\/2025\/01\/PNL-20250116-2.jpg","jetpack_sharing_enabled":true,"_links":{"self":[{"href":"https:\/\/pornuestrolaredo.com\/index.php?rest_route=\/wp\/v2\/posts\/5869","targetHints":{"allow":["GET"]}}],"collection":[{"href":"https:\/\/pornuestrolaredo.com\/index.php?rest_route=\/wp\/v2\/posts"}],"about":[{"href":"https:\/\/pornuestrolaredo.com\/index.php?rest_route=\/wp\/v2\/types\/post"}],"author":[{"embeddable":true,"href":"https:\/\/pornuestrolaredo.com\/index.php?rest_route=\/wp\/v2\/users\/1"}],"replies":[{"embeddable":true,"href":"https:\/\/pornuestrolaredo.com\/index.php?rest_route=%2Fwp%2Fv2%2Fcomments&post=5869"}],"version-history":[{"count":1,"href":"https:\/\/pornuestrolaredo.com\/index.php?rest_route=\/wp\/v2\/posts\/5869\/revisions"}],"predecessor-version":[{"id":5871,"href":"https:\/\/pornuestrolaredo.com\/index.php?rest_route=\/wp\/v2\/posts\/5869\/revisions\/5871"}],"wp:featuredmedia":[{"embeddable":true,"href":"https:\/\/pornuestrolaredo.com\/index.php?rest_route=\/wp\/v2\/media\/5870"}],"wp:attachment":[{"href":"https:\/\/pornuestrolaredo.com\/index.php?rest_route=%2Fwp%2Fv2%2Fmedia&parent=5869"}],"wp:term":[{"taxonomy":"category","embeddable":true,"href":"https:\/\/pornuestrolaredo.com\/index.php?rest_route=%2Fwp%2Fv2%2Fcategories&post=5869"},{"taxonomy":"post_tag","embeddable":true,"href":"https:\/\/pornuestrolaredo.com\/index.php?rest_route=%2Fwp%2Fv2%2Ftags&post=5869"}],"curies":[{"name":"wp","href":"https:\/\/api.w.org\/{rel}","templated":true}]}}