{"id":5876,"date":"2025-01-21T04:10:47","date_gmt":"2025-01-21T04:10:47","guid":{"rendered":"https:\/\/pornuestrolaredo.com\/?p=5876"},"modified":"2025-01-21T04:10:47","modified_gmt":"2025-01-21T04:10:47","slug":"asume-trump-presidencia-se-deshace-de-legado-de-biden","status":"publish","type":"post","link":"https:\/\/pornuestrolaredo.com\/?p=5876","title":{"rendered":"Asume Trump presidencia; se deshace de legado de Biden"},"content":{"rendered":"<p><strong><em>WASHINGTON.-<\/em><\/strong> Donald Trump, envalentonado por su regreso pol\u00edtico, comenz\u00f3 a trabajar el lunes deshaciendo el legado de Joe Biden tan pronto como fue juramentado como el 47mo presidente de Estados Unidos.<\/p>\n<p>Comenz\u00f3 a firmar decretos en el escenario de un estadio mientras miles de seguidores vitoreaban, fusionando la teatralidad de sus m\u00edtines de campa\u00f1a con los poderes formales de la presidencia. Congel\u00f3 la emisi\u00f3n de nuevas regulaciones, ratific\u00f3 su control sobre la fuerza laboral federal y se retir\u00f3 del acuerdo clim\u00e1tico de Par\u00eds.<\/p>\n<blockquote><p>Ganamos, ganamos, pero ahora comienza el trabajo\u201d, dijo Trump ante una multitud con gorras que dec\u00edan \u201cHagamos grande a Estados Unidos otra vez\u201d.<\/p><\/blockquote>\n<p>Prometi\u00f3 firmar indultos para \u201cmuchas personas\u201d que tomaron por asalto el Capitolio federal el 6 de enero de 2021, cuando Trump intentaba anular la victoria electoral de Biden. A pesar de la indignaci\u00f3n generalizada por el mot\u00edn, Trump ha intentado retratar a los participantes en el tumulto como patriotas.<\/p>\n<p>En los cuatro a\u00f1os que han pasado desde entonces, Trump super\u00f3 juicios pol\u00edticos, acusaciones penales y un par de intentos de asesinato para ganar otro mandato en la Casa Blanca, y su ascenso fue fervientemente bienvenido por sus seguidores.<\/p>\n<p>Horas antes, Trump declar\u00f3 en su discurso inaugural que el gobierno enfrenta una \u201ccrisis de confianza\u201d. En su gobierno, asever\u00f3, \u201creclamaremos nuestra soberan\u00eda. Nuestra seguridad ser\u00e1 restaurada. La balanza de la justicia ser\u00e1 reequilibrada\u201d.<\/p>\n<p>Trump afirm\u00f3 tener \u201cun mandato para revertir completa y totalmente una horrible traici\u00f3n\u201d, prometiendo \u201cdevolver al pueblo su fe, su riqueza, su democracia y, de hecho, su libertad\u201d.<\/p>\n<blockquote><p>A partir de este momento\u201d, agreg\u00f3 mientras Biden observaba desde la primera fila, \u201cel declive de Estados Unidos ha terminado\u201d.<\/p><\/blockquote>\n<p>Los decretos son el primer paso en lo que Trump llama \u201cla restauraci\u00f3n completa de Estados Unidos y la revoluci\u00f3n del sentido com\u00fan\u201d.<\/p>\n<p>Otros objetivos ser\u00e1n m\u00e1s dif\u00edciles, y quiz\u00e1 pongan a prueba la paciencia de los seguidores que esperaban un \u00e9xito r\u00e1pido. Trump ha hablado de bajar los precios despu\u00e9s de a\u00f1os de inflaci\u00f3n, pero sus planes de aplicar aranceles a las importaciones podr\u00edan tener el efecto contrario<\/p>\n","protected":false},"excerpt":{"rendered":"<p>Congela la emisi\u00f3n de nuevas regulaciones, ratifica su control sobre la fuerza laboral federal y se retira del acuerdo clim\u00e1tico de Par\u00eds<\/p>\n","protected":false},"author":1,"featured_media":5877,"comment_status":"closed","ping_status":"closed","sticky":false,"template":"","format":"standard","meta":{"_crdt_document":"","_jetpack_memberships_contains_paid_content":false,"footnotes":"","jetpack_publicize_message":"","jetpack_publicize_feature_enabled":true,"jetpack_social_post_already_shared":true,"jetpack_social_options":{"image_generator_settings":{"template":"highway","default_image_id":0,"font":"","enabled":false},"version":2},"_wpas_customize_per_network":false},"categories":[9],"tags":[],"class_list":["post-5876","post","type-post","status-publish","format-standard","has-post-thumbnail","hentry","category-el-mundo"],"magazineBlocksPostFeaturedMedia":{"thumbnail":"https:\/\/pornuestrolaredo.com\/wp-content\/uploads\/2025\/01\/PNL-20240120-4-150x150.jpg","medium":"https:\/\/pornuestrolaredo.com\/wp-content\/uploads\/2025\/01\/PNL-20240120-4-300x200.jpg","medium_large":"https:\/\/pornuestrolaredo.com\/wp-content\/uploads\/2025\/01\/PNL-20240120-4-768x512.jpg","large":"https:\/\/pornuestrolaredo.com\/wp-content\/uploads\/2025\/01\/PNL-20240120-4.jpg","1536x1536":"https:\/\/pornuestrolaredo.com\/wp-content\/uploads\/2025\/01\/PNL-20240120-4.jpg","2048x2048":"https:\/\/pornuestrolaredo.com\/wp-content\/uploads\/2025\/01\/PNL-20240120-4.jpg","morenews-large":"https:\/\/pornuestrolaredo.com\/wp-content\/uploads\/2025\/01\/PNL-20240120-4.jpg","morenews-medium":"https:\/\/pornuestrolaredo.com\/wp-content\/uploads\/2025\/01\/PNL-20240120-4.jpg"},"magazineBlocksPostAuthor":{"name":"Redactor","avatar":"https:\/\/pornuestrolaredo.com\/wp-content\/litespeed\/avatar\/dca1d7ec750c399f025f23b0b314f4cf.jpg?ver=1777612120"},"magazineBlocksPostCommentsNumber":false,"magazineBlocksPostExcerpt":"Congela la emisi\u00f3n de nuevas regulaciones, ratifica su control sobre la fuerza laboral federal y se retira del acuerdo clim\u00e1tico de Par\u00eds","magazineBlocksPostCategories":["El Mundo"],"magazineBlocksPostViewCount":148,"magazineBlocksPostReadTime":2,"magazine_blocks_featured_image_url":{"full":["https:\/\/pornuestrolaredo.com\/wp-content\/uploads\/2025\/01\/PNL-20240120-4.jpg",980,653,false],"medium":["https:\/\/pornuestrolaredo.com\/wp-content\/uploads\/2025\/01\/PNL-20240120-4-300x200.jpg",300,200,true],"thumbnail":["https:\/\/pornuestrolaredo.com\/wp-content\/uploads\/2025\/01\/PNL-20240120-4-150x150.jpg",150,150,true]},"magazine_blocks_author":{"display_name":"Redactor","author_link":"https:\/\/pornuestrolaredo.com\/?author=1"},"magazine_blocks_comment":0,"magazine_blocks_author_image":"https:\/\/pornuestrolaredo.com\/wp-content\/litespeed\/avatar\/dca1d7ec750c399f025f23b0b314f4cf.jpg?ver=1777612120","magazine_blocks_category":"<a href=\"#\" class=\"category-link category-link-9\">El Mundo<\/a>","jetpack_publicize_connections":[],"featured_image_urls":{"full":["https:\/\/pornuestrolaredo.com\/wp-content\/uploads\/2025\/01\/PNL-20240120-4.jpg",980,653,false],"thumbnail":["https:\/\/pornuestrolaredo.com\/wp-content\/uploads\/2025\/01\/PNL-20240120-4-150x150.jpg",150,150,true],"medium":["https:\/\/pornuestrolaredo.com\/wp-content\/uploads\/2025\/01\/PNL-20240120-4-300x200.jpg",300,200,true],"medium_large":["https:\/\/pornuestrolaredo.com\/wp-content\/uploads\/2025\/01\/PNL-20240120-4-768x512.jpg",640,427,true],"large":["https:\/\/pornuestrolaredo.com\/wp-content\/uploads\/2025\/01\/PNL-20240120-4.jpg",640,426,false],"1536x1536":["https:\/\/pornuestrolaredo.com\/wp-content\/uploads\/2025\/01\/PNL-20240120-4.jpg",980,653,false],"2048x2048":["https:\/\/pornuestrolaredo.com\/wp-content\/uploads\/2025\/01\/PNL-20240120-4.jpg",980,653,false],"morenews-large":["https:\/\/pornuestrolaredo.com\/wp-content\/uploads\/2025\/01\/PNL-20240120-4.jpg",825,550,false],"morenews-medium":["https:\/\/pornuestrolaredo.com\/wp-content\/uploads\/2025\/01\/PNL-20240120-4.jpg",590,393,false]},"author_info":{"info":["Redactor"]},"category_info":"<a href=\"https:\/\/pornuestrolaredo.com\/?cat=9\" rel=\"category\">El Mundo<\/a>","tag_info":"El Mundo","comment_count":"0","jetpack_featured_media_url":"https:\/\/pornuestrolaredo.com\/wp-content\/uploads\/2025\/01\/PNL-20240120-4.jpg","jetpack_sharing_enabled":true,"_links":{"self":[{"href":"https:\/\/pornuestrolaredo.com\/index.php?rest_route=\/wp\/v2\/posts\/5876","targetHints":{"allow":["GET"]}}],"collection":[{"href":"https:\/\/pornuestrolaredo.com\/index.php?rest_route=\/wp\/v2\/posts"}],"about":[{"href":"https:\/\/pornuestrolaredo.com\/index.php?rest_route=\/wp\/v2\/types\/post"}],"author":[{"embeddable":true,"href":"https:\/\/pornuestrolaredo.com\/index.php?rest_route=\/wp\/v2\/users\/1"}],"replies":[{"embeddable":true,"href":"https:\/\/pornuestrolaredo.com\/index.php?rest_route=%2Fwp%2Fv2%2Fcomments&post=5876"}],"version-history":[{"count":1,"href":"https:\/\/pornuestrolaredo.com\/index.php?rest_route=\/wp\/v2\/posts\/5876\/revisions"}],"predecessor-version":[{"id":5878,"href":"https:\/\/pornuestrolaredo.com\/index.php?rest_route=\/wp\/v2\/posts\/5876\/revisions\/5878"}],"wp:featuredmedia":[{"embeddable":true,"href":"https:\/\/pornuestrolaredo.com\/index.php?rest_route=\/wp\/v2\/media\/5877"}],"wp:attachment":[{"href":"https:\/\/pornuestrolaredo.com\/index.php?rest_route=%2Fwp%2Fv2%2Fmedia&parent=5876"}],"wp:term":[{"taxonomy":"category","embeddable":true,"href":"https:\/\/pornuestrolaredo.com\/index.php?rest_route=%2Fwp%2Fv2%2Fcategories&post=5876"},{"taxonomy":"post_tag","embeddable":true,"href":"https:\/\/pornuestrolaredo.com\/index.php?rest_route=%2Fwp%2Fv2%2Ftags&post=5876"}],"curies":[{"name":"wp","href":"https:\/\/api.w.org\/{rel}","templated":true}]}}