{"id":5880,"date":"2025-01-23T20:35:31","date_gmt":"2025-01-23T20:35:31","guid":{"rendered":"https:\/\/pornuestrolaredo.com\/?p=5880"},"modified":"2025-01-23T20:35:31","modified_gmt":"2025-01-23T20:35:31","slug":"ofreceran-mil-500-plazas-de-trabajo-en-la-primera-feria-2025","status":"publish","type":"post","link":"https:\/\/pornuestrolaredo.com\/?p=5880","title":{"rendered":"Ofrecer\u00e1n mil 500 plazas de trabajo en la Primera Feria 2025"},"content":{"rendered":"<p><strong><em>NUEVO LAREDO.-<\/em><\/strong> Si lo que necesita es trabajo, \u00e9chese una vueltecita este mi\u00e9rcoles 29 de enero al Centro C\u00edvico \u201cCarlos Canturosas\u201d, donde se realizar\u00e1 la Primera Feria del Empleo 2025.<\/p>\n<p>El evento es organizado por el Gobierno de Nuevo Laredo, a trav\u00e9s de la Secretar\u00eda de Desarrollo Econ\u00f3mico,  y se invita a toda la ciudadan\u00eda para aprovechar y conseguir trabajo. Son unas 100 empresas que ofrecer\u00e1n m\u00e1s de mil 500 vacantes para distintos perfiles laborales.<\/p>\n<p>El evento se realizar\u00e1 en el Centro C\u00edvico \u201cCarlos Canturosas\u201d, ubicado en H\u00e9roe de Nacataz entre Ocampo y Reynosa, en un horario de 9:00 de la ma\u00f1ana a 2:00 de la tarde.<\/p>\n<p>Se recomienda a los interesados acudir con  curr\u00edculum y solicitudes de empleo listas.<\/p>\n","protected":false},"excerpt":{"rendered":"<p>El evento se realizar\u00e1 el 29 de enero al Centro C\u00edvico \u2018Carlos Canturosas\u2019, de 9:00 de la ma\u00f1ana a 2:00 de la tarde<\/p>\n","protected":false},"author":1,"featured_media":5881,"comment_status":"closed","ping_status":"closed","sticky":false,"template":"","format":"standard","meta":{"_crdt_document":"","_jetpack_memberships_contains_paid_content":false,"footnotes":"","jetpack_publicize_message":"","jetpack_publicize_feature_enabled":true,"jetpack_social_post_already_shared":true,"jetpack_social_options":{"image_generator_settings":{"template":"highway","default_image_id":0,"font":"","enabled":false},"version":2},"_wpas_customize_per_network":false},"categories":[4],"tags":[],"class_list":["post-5880","post","type-post","status-publish","format-standard","has-post-thumbnail","hentry","category-los-dos-laredos"],"magazineBlocksPostFeaturedMedia":{"thumbnail":"https:\/\/pornuestrolaredo.com\/wp-content\/uploads\/2025\/01\/PNL-20250123-2-150x150.jpg","medium":"https:\/\/pornuestrolaredo.com\/wp-content\/uploads\/2025\/01\/PNL-20250123-2-300x200.jpg","medium_large":"https:\/\/pornuestrolaredo.com\/wp-content\/uploads\/2025\/01\/PNL-20250123-2-768x513.jpg","large":"https:\/\/pornuestrolaredo.com\/wp-content\/uploads\/2025\/01\/PNL-20250123-2.jpg","1536x1536":"https:\/\/pornuestrolaredo.com\/wp-content\/uploads\/2025\/01\/PNL-20250123-2.jpg","2048x2048":"https:\/\/pornuestrolaredo.com\/wp-content\/uploads\/2025\/01\/PNL-20250123-2.jpg","morenews-large":"https:\/\/pornuestrolaredo.com\/wp-content\/uploads\/2025\/01\/PNL-20250123-2.jpg","morenews-medium":"https:\/\/pornuestrolaredo.com\/wp-content\/uploads\/2025\/01\/PNL-20250123-2.jpg"},"magazineBlocksPostAuthor":{"name":"Redactor","avatar":"https:\/\/pornuestrolaredo.com\/wp-content\/litespeed\/avatar\/dca1d7ec750c399f025f23b0b314f4cf.jpg?ver=1777612120"},"magazineBlocksPostCommentsNumber":false,"magazineBlocksPostExcerpt":"El evento se realizar\u00e1 el 29 de enero al Centro C\u00edvico \u2018Carlos Canturosas\u2019, de 9:00 de la ma\u00f1ana a 2:00 de la tarde","magazineBlocksPostCategories":["Los dos Laredos"],"magazineBlocksPostViewCount":147,"magazineBlocksPostReadTime":1,"magazine_blocks_featured_image_url":{"full":["https:\/\/pornuestrolaredo.com\/wp-content\/uploads\/2025\/01\/PNL-20250123-2.jpg",850,568,false],"medium":["https:\/\/pornuestrolaredo.com\/wp-content\/uploads\/2025\/01\/PNL-20250123-2-300x200.jpg",300,200,true],"thumbnail":["https:\/\/pornuestrolaredo.com\/wp-content\/uploads\/2025\/01\/PNL-20250123-2-150x150.jpg",150,150,true]},"magazine_blocks_author":{"display_name":"Redactor","author_link":"https:\/\/pornuestrolaredo.com\/?author=1"},"magazine_blocks_comment":0,"magazine_blocks_author_image":"https:\/\/pornuestrolaredo.com\/wp-content\/litespeed\/avatar\/dca1d7ec750c399f025f23b0b314f4cf.jpg?ver=1777612120","magazine_blocks_category":"<a href=\"#\" class=\"category-link category-link-4\">Los dos Laredos<\/a>","jetpack_publicize_connections":[],"featured_image_urls":{"full":["https:\/\/pornuestrolaredo.com\/wp-content\/uploads\/2025\/01\/PNL-20250123-2.jpg",850,568,false],"thumbnail":["https:\/\/pornuestrolaredo.com\/wp-content\/uploads\/2025\/01\/PNL-20250123-2-150x150.jpg",150,150,true],"medium":["https:\/\/pornuestrolaredo.com\/wp-content\/uploads\/2025\/01\/PNL-20250123-2-300x200.jpg",300,200,true],"medium_large":["https:\/\/pornuestrolaredo.com\/wp-content\/uploads\/2025\/01\/PNL-20250123-2-768x513.jpg",640,428,true],"large":["https:\/\/pornuestrolaredo.com\/wp-content\/uploads\/2025\/01\/PNL-20250123-2.jpg",640,428,false],"1536x1536":["https:\/\/pornuestrolaredo.com\/wp-content\/uploads\/2025\/01\/PNL-20250123-2.jpg",850,568,false],"2048x2048":["https:\/\/pornuestrolaredo.com\/wp-content\/uploads\/2025\/01\/PNL-20250123-2.jpg",850,568,false],"morenews-large":["https:\/\/pornuestrolaredo.com\/wp-content\/uploads\/2025\/01\/PNL-20250123-2.jpg",825,551,false],"morenews-medium":["https:\/\/pornuestrolaredo.com\/wp-content\/uploads\/2025\/01\/PNL-20250123-2.jpg",590,394,false]},"author_info":{"info":["Redactor"]},"category_info":"<a href=\"https:\/\/pornuestrolaredo.com\/?cat=4\" rel=\"category\">Los dos Laredos<\/a>","tag_info":"Los dos Laredos","comment_count":"0","jetpack_featured_media_url":"https:\/\/pornuestrolaredo.com\/wp-content\/uploads\/2025\/01\/PNL-20250123-2.jpg","jetpack_sharing_enabled":true,"_links":{"self":[{"href":"https:\/\/pornuestrolaredo.com\/index.php?rest_route=\/wp\/v2\/posts\/5880","targetHints":{"allow":["GET"]}}],"collection":[{"href":"https:\/\/pornuestrolaredo.com\/index.php?rest_route=\/wp\/v2\/posts"}],"about":[{"href":"https:\/\/pornuestrolaredo.com\/index.php?rest_route=\/wp\/v2\/types\/post"}],"author":[{"embeddable":true,"href":"https:\/\/pornuestrolaredo.com\/index.php?rest_route=\/wp\/v2\/users\/1"}],"replies":[{"embeddable":true,"href":"https:\/\/pornuestrolaredo.com\/index.php?rest_route=%2Fwp%2Fv2%2Fcomments&post=5880"}],"version-history":[{"count":1,"href":"https:\/\/pornuestrolaredo.com\/index.php?rest_route=\/wp\/v2\/posts\/5880\/revisions"}],"predecessor-version":[{"id":5882,"href":"https:\/\/pornuestrolaredo.com\/index.php?rest_route=\/wp\/v2\/posts\/5880\/revisions\/5882"}],"wp:featuredmedia":[{"embeddable":true,"href":"https:\/\/pornuestrolaredo.com\/index.php?rest_route=\/wp\/v2\/media\/5881"}],"wp:attachment":[{"href":"https:\/\/pornuestrolaredo.com\/index.php?rest_route=%2Fwp%2Fv2%2Fmedia&parent=5880"}],"wp:term":[{"taxonomy":"category","embeddable":true,"href":"https:\/\/pornuestrolaredo.com\/index.php?rest_route=%2Fwp%2Fv2%2Fcategories&post=5880"},{"taxonomy":"post_tag","embeddable":true,"href":"https:\/\/pornuestrolaredo.com\/index.php?rest_route=%2Fwp%2Fv2%2Ftags&post=5880"}],"curies":[{"name":"wp","href":"https:\/\/api.w.org\/{rel}","templated":true}]}}