{"id":5884,"date":"2025-01-25T02:32:25","date_gmt":"2025-01-25T02:32:25","guid":{"rendered":"https:\/\/pornuestrolaredo.com\/?p=5884"},"modified":"2025-01-25T02:32:25","modified_gmt":"2025-01-25T02:32:25","slug":"rumoran-divorcio-de-los-obama","status":"publish","type":"post","link":"https:\/\/pornuestrolaredo.com\/?p=5884","title":{"rendered":"Rumoran divorcio de los Obama"},"content":{"rendered":"<p><strong><em>WASHINGTON.-<\/em> <\/strong>Barack y Michelle Obama podr\u00edan estar atravesando por un mal momento en su relaci\u00f3n, pues abundan rumores sobre un divorcio, despu\u00e9s de 30 a\u00f1os juntos y un supuesto romance del expresidente con la actriz Jennifer Aniston.<\/p>\n<p>Las alarmas se encendieron cuando la ex primera dama se neg\u00f3 a aparecer en la toma de posesi\u00f3n de Donald Trump como Presidente de Estados Unidos, sin ofrecer una excusa, aunque algunas fuentes argumentaron que su ausencia se trataba de una declaraci\u00f3n pol\u00edtica.<\/p>\n<p>D\u00edas antes, la tambi\u00e9n escritora, de 61 a\u00f1os, falt\u00f3 al funeral del ex mandatario Jimmy Carter, argumentando &#8220;conflictos de agenda&#8221;, lo que gener\u00f3 controversia.<\/p>\n<p>El estado civil de los Obama se ha vuelto foco de atenci\u00f3n, pues el divorcio ser\u00eda inminente, seg\u00fan Meghan McCain, periodista que ha trabajado para Fox News y ABC.<\/p>\n<blockquote><p>He estado escuchando rumores por parte de personas respetables de que los Obama se est\u00e1n divorciando. No me refiero a TMZ. No me refiero a Perez Hilton. Me refiero a periodistas muy serios que me han dicho que est\u00e1n escuchando que los rumores de divorcio de los Obama son ciertos&#8221;, dijo McCain en un podcast de la reportera Tara Palmieri.<\/p><\/blockquote>\n<p>La misma Palmieri aliment\u00f3 la informaci\u00f3n revelando que durante mucho tiempo es un secreto a voces que los Obama viven separados.<\/p>\n<p>En octubre pasado, Aniston desminti\u00f3 las afirmaciones de una revista de chismes estadounidense de que ella y Barack estaban en una relaci\u00f3n.<\/p>\n<p>De acuerdo con la estrella de Friends, s\u00f3lo coincidi\u00f3 con el ex mandatario en una ocasi\u00f3n y dijo que era m\u00e1s cercana a Michelle.<\/p>\n<blockquote><p>Esto es completamente falso. No hay absolutamente nada entre nosotros, y siento un gran respeto por la familia Obama&#8221;, dijo la actriz de The Morning Show.<\/p><\/blockquote>\n<p>Barack intent\u00f3 frenar los rumores con un mensaje en redes sociales, cuando comparti\u00f3 una publicaci\u00f3n dedicada a su esposa por su cumplea\u00f1os el pasado 17 de enero.<\/p>\n<p>En la instant\u00e1nea, la pareja, que se conoci\u00f3 en 1989 cuando ambos trabajaban en un bufete de abogados en Chicago, para luego casarse en 1992, disfrutaban lo que parec\u00eda ser una cena rom\u00e1ntica con las manos entrelazadas.<\/p>\n<blockquote><p>Feliz cumplea\u00f1os al amor de mi vida, Michelle Obama&#8221;, escribi\u00f3 Barack.<\/p><\/blockquote>\n","protected":false},"excerpt":{"rendered":"<p>Crece la versi\u00f3n de que Barack tuvo un supuesto romance con Jennifer Aniston, aunque la actriz ya lo neg\u00f3<\/p>\n","protected":false},"author":1,"featured_media":5885,"comment_status":"closed","ping_status":"closed","sticky":false,"template":"","format":"standard","meta":{"_crdt_document":"","_jetpack_memberships_contains_paid_content":false,"footnotes":"","jetpack_publicize_message":"","jetpack_publicize_feature_enabled":true,"jetpack_social_post_already_shared":true,"jetpack_social_options":{"image_generator_settings":{"template":"highway","default_image_id":0,"font":"","enabled":false},"version":2},"_wpas_customize_per_network":false},"categories":[9],"tags":[],"class_list":["post-5884","post","type-post","status-publish","format-standard","has-post-thumbnail","hentry","category-el-mundo"],"magazineBlocksPostFeaturedMedia":{"thumbnail":"https:\/\/pornuestrolaredo.com\/wp-content\/uploads\/2025\/01\/107FM-20250124-1-150x150.jpg","medium":"https:\/\/pornuestrolaredo.com\/wp-content\/uploads\/2025\/01\/107FM-20250124-1-300x171.jpg","medium_large":"https:\/\/pornuestrolaredo.com\/wp-content\/uploads\/2025\/01\/107FM-20250124-1-768x437.jpg","large":"https:\/\/pornuestrolaredo.com\/wp-content\/uploads\/2025\/01\/107FM-20250124-1.jpg","1536x1536":"https:\/\/pornuestrolaredo.com\/wp-content\/uploads\/2025\/01\/107FM-20250124-1.jpg","2048x2048":"https:\/\/pornuestrolaredo.com\/wp-content\/uploads\/2025\/01\/107FM-20250124-1.jpg","morenews-large":"https:\/\/pornuestrolaredo.com\/wp-content\/uploads\/2025\/01\/107FM-20250124-1.jpg","morenews-medium":"https:\/\/pornuestrolaredo.com\/wp-content\/uploads\/2025\/01\/107FM-20250124-1.jpg"},"magazineBlocksPostAuthor":{"name":"Redactor","avatar":"https:\/\/pornuestrolaredo.com\/wp-content\/litespeed\/avatar\/dca1d7ec750c399f025f23b0b314f4cf.jpg?ver=1777612120"},"magazineBlocksPostCommentsNumber":false,"magazineBlocksPostExcerpt":"Crece la versi\u00f3n de que Barack tuvo un supuesto romance con Jennifer Aniston, aunque la actriz ya lo neg\u00f3","magazineBlocksPostCategories":["El Mundo"],"magazineBlocksPostViewCount":130,"magazineBlocksPostReadTime":2,"magazine_blocks_featured_image_url":{"full":["https:\/\/pornuestrolaredo.com\/wp-content\/uploads\/2025\/01\/107FM-20250124-1.jpg",960,546,false],"medium":["https:\/\/pornuestrolaredo.com\/wp-content\/uploads\/2025\/01\/107FM-20250124-1-300x171.jpg",300,171,true],"thumbnail":["https:\/\/pornuestrolaredo.com\/wp-content\/uploads\/2025\/01\/107FM-20250124-1-150x150.jpg",150,150,true]},"magazine_blocks_author":{"display_name":"Redactor","author_link":"https:\/\/pornuestrolaredo.com\/?author=1"},"magazine_blocks_comment":0,"magazine_blocks_author_image":"https:\/\/pornuestrolaredo.com\/wp-content\/litespeed\/avatar\/dca1d7ec750c399f025f23b0b314f4cf.jpg?ver=1777612120","magazine_blocks_category":"<a href=\"#\" class=\"category-link category-link-9\">El Mundo<\/a>","jetpack_publicize_connections":[],"featured_image_urls":{"full":["https:\/\/pornuestrolaredo.com\/wp-content\/uploads\/2025\/01\/107FM-20250124-1.jpg",960,546,false],"thumbnail":["https:\/\/pornuestrolaredo.com\/wp-content\/uploads\/2025\/01\/107FM-20250124-1-150x150.jpg",150,150,true],"medium":["https:\/\/pornuestrolaredo.com\/wp-content\/uploads\/2025\/01\/107FM-20250124-1-300x171.jpg",300,171,true],"medium_large":["https:\/\/pornuestrolaredo.com\/wp-content\/uploads\/2025\/01\/107FM-20250124-1-768x437.jpg",640,364,true],"large":["https:\/\/pornuestrolaredo.com\/wp-content\/uploads\/2025\/01\/107FM-20250124-1.jpg",640,364,false],"1536x1536":["https:\/\/pornuestrolaredo.com\/wp-content\/uploads\/2025\/01\/107FM-20250124-1.jpg",960,546,false],"2048x2048":["https:\/\/pornuestrolaredo.com\/wp-content\/uploads\/2025\/01\/107FM-20250124-1.jpg",960,546,false],"morenews-large":["https:\/\/pornuestrolaredo.com\/wp-content\/uploads\/2025\/01\/107FM-20250124-1.jpg",825,469,false],"morenews-medium":["https:\/\/pornuestrolaredo.com\/wp-content\/uploads\/2025\/01\/107FM-20250124-1.jpg",590,336,false]},"author_info":{"info":["Redactor"]},"category_info":"<a href=\"https:\/\/pornuestrolaredo.com\/?cat=9\" rel=\"category\">El Mundo<\/a>","tag_info":"El Mundo","comment_count":"0","jetpack_featured_media_url":"https:\/\/pornuestrolaredo.com\/wp-content\/uploads\/2025\/01\/107FM-20250124-1.jpg","jetpack_sharing_enabled":true,"_links":{"self":[{"href":"https:\/\/pornuestrolaredo.com\/index.php?rest_route=\/wp\/v2\/posts\/5884","targetHints":{"allow":["GET"]}}],"collection":[{"href":"https:\/\/pornuestrolaredo.com\/index.php?rest_route=\/wp\/v2\/posts"}],"about":[{"href":"https:\/\/pornuestrolaredo.com\/index.php?rest_route=\/wp\/v2\/types\/post"}],"author":[{"embeddable":true,"href":"https:\/\/pornuestrolaredo.com\/index.php?rest_route=\/wp\/v2\/users\/1"}],"replies":[{"embeddable":true,"href":"https:\/\/pornuestrolaredo.com\/index.php?rest_route=%2Fwp%2Fv2%2Fcomments&post=5884"}],"version-history":[{"count":1,"href":"https:\/\/pornuestrolaredo.com\/index.php?rest_route=\/wp\/v2\/posts\/5884\/revisions"}],"predecessor-version":[{"id":5886,"href":"https:\/\/pornuestrolaredo.com\/index.php?rest_route=\/wp\/v2\/posts\/5884\/revisions\/5886"}],"wp:featuredmedia":[{"embeddable":true,"href":"https:\/\/pornuestrolaredo.com\/index.php?rest_route=\/wp\/v2\/media\/5885"}],"wp:attachment":[{"href":"https:\/\/pornuestrolaredo.com\/index.php?rest_route=%2Fwp%2Fv2%2Fmedia&parent=5884"}],"wp:term":[{"taxonomy":"category","embeddable":true,"href":"https:\/\/pornuestrolaredo.com\/index.php?rest_route=%2Fwp%2Fv2%2Fcategories&post=5884"},{"taxonomy":"post_tag","embeddable":true,"href":"https:\/\/pornuestrolaredo.com\/index.php?rest_route=%2Fwp%2Fv2%2Ftags&post=5884"}],"curies":[{"name":"wp","href":"https:\/\/api.w.org\/{rel}","templated":true}]}}