{"id":5887,"date":"2025-01-25T02:43:24","date_gmt":"2025-01-25T02:43:24","guid":{"rendered":"https:\/\/pornuestrolaredo.com\/?p=5887"},"modified":"2025-01-25T02:43:24","modified_gmt":"2025-01-25T02:43:24","slug":"destaca-nld-como-unico-municipio-en-mexico-con-campana-de-vacunacion-contra-el-vph-para-ninos","status":"publish","type":"post","link":"https:\/\/pornuestrolaredo.com\/?p=5887","title":{"rendered":"Destaca NLD como \u00fanico municipio en M\u00e9xico con campa\u00f1a de vacunaci\u00f3n contra el VPH para ni\u00f1os"},"content":{"rendered":"<p>NUEVO LAREDO.- Para fortalecer las acciones de bienestar, el Gobierno Municipal, en conjunto con organizaciones civiles e iniciativa privada, realizar\u00e1 la Jornada de Vacunaci\u00f3n contra el Virus del Papiloma Humano (VPH) 2025, dirigida a ni\u00f1os y adolescentes de 9 a 12 a\u00f1os. La jornada iniciar\u00e1 en febrero y aplicar\u00e1n m\u00e1s de 6 mil vacunas.<\/p>\n<p>En conferencia de prensa, la alcaldesa Carmen Lilia Canturosas Villarreal, junto al diputado local Sergio Ojeda Castillo, presidente del Club Rotario Nuevo Laredo; Mario Palos Garza, presidente de Fundaci\u00f3n PG Maratones; y la Dra. Liliana Arjona Barocio, secretaria de Bienestar Social, dio a conocer los detalles de la campa\u00f1a y reiter\u00f3 el compromiso de la administraci\u00f3n de atender y prevenir enfermedades en las familias de Nuevo Laredo.<\/p>\n<p>\u201cEsta ma\u00f1ana junto al Club Rotario Nuevo Laredo y PG Maratones seguimos marcando un precedente en nuestro pa\u00eds, pues con mucho orgullo puedo decir que somos el \u00fanico municipio, en el que gracias a la suma de esfuerzos entre sociedad civil organizada y gobierno aplicaremos m\u00e1s de 6 mil vacunas a ni\u00f1os y adolescentes de entre 9 a 12 a\u00f1os para protegerlos contra el Virus del Papiloma Humano\u201d, dijo la alcaldesa. <\/p>\n<p>Durante la conferencia, de manera simb\u00f3lica la presidenta municipal entreg\u00f3 un cheque de 3 millones 140 mil 619 pesos, aportaci\u00f3n del Gobierno Municipal para la jornada de vacunaci\u00f3n que proteger\u00e1 a 6 mil 140 ni\u00f1os y adolescentes de manera gratuita.<\/p>\n<p>A partir de febrero, brigadas del municipio visitar\u00e1n 162 escuelas para aplicar la vacuna a ni\u00f1os de 9 a 12 a\u00f1os; con esto las familias de Nuevo Laredo se ahorrar\u00e1n m\u00e1s de 10 mil pesos por los dos dosis, motivo por el cual es importante atender esta jornada para el bienestar de los menores.<\/p>\n<p>El diputado local Sergio Ojeda Castillo, presidente del Club Rotario Nuevo Laredo, destac\u00f3 el respaldo que se tuvo por parte del gobierno municipal para que se hiciera posible la aplicaci\u00f3n de la vacuna contra el VPH.<\/p>\n<p>\u201cHemos hecho posible siete campa\u00f1as aqu\u00ed en Nuevo Laredo lo que ha dado un total de aproximadamente 23 mil ni\u00f1os vacunados, a cada ni\u00f1o se le aplican dos dosis. Esto es algo que si no fuera por esta unidad de la Iniciativa Privada y Gobierno les costar\u00eda hasta 10 mil pesos a los padres de familia\u201d, dijo Ojeda Castillo. <\/p>\n<p>El agente aduanal, Mario Palos Garza, presidente de la Fundaci\u00f3n PG Maratones, mencion\u00f3 que esta alianza es con la finalidad de tener ciudadanos sanos, por ello la integraci\u00f3n entre el gobierno, iniciativa privada y organismos es un ejemplo.<\/p>\n<p>\u201cMuchas gracias por siempre motivar, incentivar este proyecto, este a\u00f1o quiero darte las gracias, nuestro evento PG Maratones fue un \u00e9xito, gracias por el apoyo de la presidenta, es un evento trascendente y ayuda para la adquisici\u00f3n de las vacunas\u201d, destac\u00f3 Mario Palos. <\/p>\n<p>Liliana Arjona Barocio, secretaria de Bienestar Social del Gobierno Municipal dio a conocer los detalles de la jornada de vacunaci\u00f3n. Indic\u00f3 que el arranque se dar\u00e1 la primera semana febrero con la participaci\u00f3n de los alumnos de la Facultad de Enfermer\u00eda de Nuevo Laredo quienes formar\u00e1n brigadas para acudir a las escuelas a vacunar a los peque\u00f1os. <\/p>\n<p>En esta jornada se aplicar\u00e1 la vacuna Gardasil 9 que es una inyecci\u00f3n que protege contra el los tipos de virus del papiloma humano 6, 11, 16, 18, 31, 33, 45, 52 y 58 y ayuda a prevenir: c\u00e1ncer cervicouterino, c\u00e1ncer de vagina y vulva, c\u00e1ncer anal, verrugas genitales y lesiones precancerosas del cuello uterino, vagina, vulva y ano.<\/p>\n","protected":false},"excerpt":{"rendered":"<p>Aplicar\u00e1n m\u00e1s de 6 mil vacunas a ni\u00f1os y adolescentes de entre 9 a 12 a\u00f1os<\/p>\n","protected":false},"author":1,"featured_media":5888,"comment_status":"closed","ping_status":"closed","sticky":false,"template":"","format":"standard","meta":{"_crdt_document":"","_jetpack_memberships_contains_paid_content":false,"footnotes":"","jetpack_publicize_message":"","jetpack_publicize_feature_enabled":true,"jetpack_social_post_already_shared":true,"jetpack_social_options":{"image_generator_settings":{"template":"highway","default_image_id":0,"font":"","enabled":false},"version":2},"_wpas_customize_per_network":false},"categories":[4],"tags":[],"class_list":["post-5887","post","type-post","status-publish","format-standard","has-post-thumbnail","hentry","category-los-dos-laredos"],"magazineBlocksPostFeaturedMedia":{"thumbnail":"https:\/\/pornuestrolaredo.com\/wp-content\/uploads\/2025\/01\/PNL-20250124-2-150x150.jpg","medium":"https:\/\/pornuestrolaredo.com\/wp-content\/uploads\/2025\/01\/PNL-20250124-2-300x200.jpg","medium_large":"https:\/\/pornuestrolaredo.com\/wp-content\/uploads\/2025\/01\/PNL-20250124-2-768x513.jpg","large":"https:\/\/pornuestrolaredo.com\/wp-content\/uploads\/2025\/01\/PNL-20250124-2.jpg","1536x1536":"https:\/\/pornuestrolaredo.com\/wp-content\/uploads\/2025\/01\/PNL-20250124-2.jpg","2048x2048":"https:\/\/pornuestrolaredo.com\/wp-content\/uploads\/2025\/01\/PNL-20250124-2.jpg","morenews-large":"https:\/\/pornuestrolaredo.com\/wp-content\/uploads\/2025\/01\/PNL-20250124-2.jpg","morenews-medium":"https:\/\/pornuestrolaredo.com\/wp-content\/uploads\/2025\/01\/PNL-20250124-2.jpg"},"magazineBlocksPostAuthor":{"name":"Redactor","avatar":"https:\/\/pornuestrolaredo.com\/wp-content\/litespeed\/avatar\/dca1d7ec750c399f025f23b0b314f4cf.jpg?ver=1777612120"},"magazineBlocksPostCommentsNumber":false,"magazineBlocksPostExcerpt":"Aplicar\u00e1n m\u00e1s de 6 mil vacunas a ni\u00f1os y adolescentes de entre 9 a 12 a\u00f1os","magazineBlocksPostCategories":["Los dos Laredos"],"magazineBlocksPostViewCount":155,"magazineBlocksPostReadTime":3,"magazine_blocks_featured_image_url":{"full":["https:\/\/pornuestrolaredo.com\/wp-content\/uploads\/2025\/01\/PNL-20250124-2.jpg",850,568,false],"medium":["https:\/\/pornuestrolaredo.com\/wp-content\/uploads\/2025\/01\/PNL-20250124-2-300x200.jpg",300,200,true],"thumbnail":["https:\/\/pornuestrolaredo.com\/wp-content\/uploads\/2025\/01\/PNL-20250124-2-150x150.jpg",150,150,true]},"magazine_blocks_author":{"display_name":"Redactor","author_link":"https:\/\/pornuestrolaredo.com\/?author=1"},"magazine_blocks_comment":0,"magazine_blocks_author_image":"https:\/\/pornuestrolaredo.com\/wp-content\/litespeed\/avatar\/dca1d7ec750c399f025f23b0b314f4cf.jpg?ver=1777612120","magazine_blocks_category":"<a href=\"#\" class=\"category-link category-link-4\">Los dos Laredos<\/a>","jetpack_publicize_connections":[],"featured_image_urls":{"full":["https:\/\/pornuestrolaredo.com\/wp-content\/uploads\/2025\/01\/PNL-20250124-2.jpg",850,568,false],"thumbnail":["https:\/\/pornuestrolaredo.com\/wp-content\/uploads\/2025\/01\/PNL-20250124-2-150x150.jpg",150,150,true],"medium":["https:\/\/pornuestrolaredo.com\/wp-content\/uploads\/2025\/01\/PNL-20250124-2-300x200.jpg",300,200,true],"medium_large":["https:\/\/pornuestrolaredo.com\/wp-content\/uploads\/2025\/01\/PNL-20250124-2-768x513.jpg",640,428,true],"large":["https:\/\/pornuestrolaredo.com\/wp-content\/uploads\/2025\/01\/PNL-20250124-2.jpg",640,428,false],"1536x1536":["https:\/\/pornuestrolaredo.com\/wp-content\/uploads\/2025\/01\/PNL-20250124-2.jpg",850,568,false],"2048x2048":["https:\/\/pornuestrolaredo.com\/wp-content\/uploads\/2025\/01\/PNL-20250124-2.jpg",850,568,false],"morenews-large":["https:\/\/pornuestrolaredo.com\/wp-content\/uploads\/2025\/01\/PNL-20250124-2.jpg",825,551,false],"morenews-medium":["https:\/\/pornuestrolaredo.com\/wp-content\/uploads\/2025\/01\/PNL-20250124-2.jpg",590,394,false]},"author_info":{"info":["Redactor"]},"category_info":"<a href=\"https:\/\/pornuestrolaredo.com\/?cat=4\" rel=\"category\">Los dos Laredos<\/a>","tag_info":"Los dos Laredos","comment_count":"0","jetpack_featured_media_url":"https:\/\/pornuestrolaredo.com\/wp-content\/uploads\/2025\/01\/PNL-20250124-2.jpg","jetpack_sharing_enabled":true,"_links":{"self":[{"href":"https:\/\/pornuestrolaredo.com\/index.php?rest_route=\/wp\/v2\/posts\/5887","targetHints":{"allow":["GET"]}}],"collection":[{"href":"https:\/\/pornuestrolaredo.com\/index.php?rest_route=\/wp\/v2\/posts"}],"about":[{"href":"https:\/\/pornuestrolaredo.com\/index.php?rest_route=\/wp\/v2\/types\/post"}],"author":[{"embeddable":true,"href":"https:\/\/pornuestrolaredo.com\/index.php?rest_route=\/wp\/v2\/users\/1"}],"replies":[{"embeddable":true,"href":"https:\/\/pornuestrolaredo.com\/index.php?rest_route=%2Fwp%2Fv2%2Fcomments&post=5887"}],"version-history":[{"count":1,"href":"https:\/\/pornuestrolaredo.com\/index.php?rest_route=\/wp\/v2\/posts\/5887\/revisions"}],"predecessor-version":[{"id":5889,"href":"https:\/\/pornuestrolaredo.com\/index.php?rest_route=\/wp\/v2\/posts\/5887\/revisions\/5889"}],"wp:featuredmedia":[{"embeddable":true,"href":"https:\/\/pornuestrolaredo.com\/index.php?rest_route=\/wp\/v2\/media\/5888"}],"wp:attachment":[{"href":"https:\/\/pornuestrolaredo.com\/index.php?rest_route=%2Fwp%2Fv2%2Fmedia&parent=5887"}],"wp:term":[{"taxonomy":"category","embeddable":true,"href":"https:\/\/pornuestrolaredo.com\/index.php?rest_route=%2Fwp%2Fv2%2Fcategories&post=5887"},{"taxonomy":"post_tag","embeddable":true,"href":"https:\/\/pornuestrolaredo.com\/index.php?rest_route=%2Fwp%2Fv2%2Ftags&post=5887"}],"curies":[{"name":"wp","href":"https:\/\/api.w.org\/{rel}","templated":true}]}}