{"id":589,"date":"2022-10-14T16:19:54","date_gmt":"2022-10-14T16:19:54","guid":{"rendered":"https:\/\/pornuestrolaredo.com\/?p=589"},"modified":"2022-10-14T16:19:54","modified_gmt":"2022-10-14T16:19:54","slug":"avanza-tormenta-tropical-hacia-las-costas-de-mexico","status":"publish","type":"post","link":"https:\/\/pornuestrolaredo.com\/?p=589","title":{"rendered":"Avanza tormenta tropical hacia las costas de M\u00e9xico"},"content":{"rendered":"\n<p class=\"wp-block-paragraph\"><strong><em>CIUDAD DE M\u00c9XICO.- <\/em><\/strong>La tormenta tropical Karl avanzaba lentamente el viernes hacia la costa sur del Golfo de M\u00e9xico y, aunque no se espera que se convierta en hurac\u00e1n, los meteor\u00f3logos advirtieron del peligro de inundaciones repentinas causadas por las intensas precipitaciones previstas en la regi\u00f3n.<\/p>\n\n\n\n<p class=\"wp-block-paragraph\">Se pronostica que el meteoro pierda fuerza antes de que su ojo toque tierra en los estados de Veracruz o Tabasco el viernes por la noche o a primera hora del s\u00e1bado.<\/p>\n\n\n\n<p class=\"wp-block-paragraph\">El viernes por la ma\u00f1ana, Karl ten\u00eda vientos m\u00e1ximos sostenidos de <strong>75<\/strong> kil\u00f3metros por hora (<strong>45<\/strong> mph), inform\u00f3 el Centro Nacional de Huracanes de Estados Unidos (NHC, por sus siglas en ingl\u00e9s). El v\u00f3rtice de la tormenta estaba a unos <strong>130<\/strong> kil\u00f3metros (<strong>80<\/strong> millas) al nor-noreste de Ciudad del Carmen y avanzaba en direcci\u00f3n sureste a 11 km\/h (7 mph).<\/p>\n\n\n\n<p class=\"wp-block-paragraph\">La alerta por tormenta tropical que estaba vigente desde la ciudad de Alvarado hasta Ciudad del Carmen se ampli\u00f3 hasta Sabancuy el jueves por la noche.<\/p>\n\n\n\n<p class=\"wp-block-paragraph\">Los vientos con fuerza de tormenta tropical, de al menos <strong>73 km\/h<\/strong> (<strong>44<\/strong> mph), se extend\u00edan hasta <strong>95<\/strong> kil\u00f3metros (<strong>60<\/strong> millas) desde el centro del meteoro.<\/p>\n\n\n\n<p class=\"wp-block-paragraph\">Karl podr\u00eda arrojar de <strong>5<\/strong> a <strong>13<\/strong> cent\u00edmetros (<strong>2<\/strong> a <strong>5<\/strong> pulgadas) de lluvia en algunas partes de Veracruz y Tabasco, adem\u00e1s de en los estados de Chiapas y Oaxaca hasta el domingo por la ma\u00f1ana, apunt\u00f3 el NHC, que agreg\u00f3 que en algunos puntos aislados podr\u00edan registrarse hasta <strong>25<\/strong> cent\u00edmetros (<strong>10<\/strong> pulgadas). <\/p>\n\n\n\n<blockquote class=\"wp-block-quote is-layout-flow wp-block-quote-is-layout-flow\"><p>Estas lluvias pueden producir inundaciones repentinas, adem\u00e1s de deslaves en tierras altas\u201d, dijo el NHC en su aviso.<\/p><\/blockquote>\n","protected":false},"excerpt":{"rendered":"<p>CIUDAD DE M\u00c9XICO.- La tormenta tropical Karl avanzaba lentamente el viernes hacia la costa sur del Golfo de<\/p>\n","protected":false},"author":1,"featured_media":590,"comment_status":"open","ping_status":"open","sticky":false,"template":"","format":"standard","meta":{"_crdt_document":"","_jetpack_memberships_contains_paid_content":false,"footnotes":"","jetpack_publicize_message":"Karl podr\u00eda golpear en alg\u00fan punto de Veracruz o Tabasco y llevar hasta 25 cent\u00edmetros de lluvia","jetpack_publicize_feature_enabled":true,"jetpack_social_post_already_shared":true,"jetpack_social_options":{"image_generator_settings":{"template":"highway","default_image_id":0,"font":"","enabled":false},"version":2},"_wpas_customize_per_network":false},"categories":[9],"tags":[],"class_list":["post-589","post","type-post","status-publish","format-standard","has-post-thumbnail","hentry","category-el-mundo"],"magazineBlocksPostFeaturedMedia":{"thumbnail":"https:\/\/pornuestrolaredo.com\/wp-content\/uploads\/2022\/10\/Stereo91-20221014-1-150x150.jpeg","medium":"https:\/\/pornuestrolaredo.com\/wp-content\/uploads\/2022\/10\/Stereo91-20221014-1-300x200.jpeg","medium_large":"https:\/\/pornuestrolaredo.com\/wp-content\/uploads\/2022\/10\/Stereo91-20221014-1-768x512.jpeg","large":"https:\/\/pornuestrolaredo.com\/wp-content\/uploads\/2022\/10\/Stereo91-20221014-1.jpeg","1536x1536":"https:\/\/pornuestrolaredo.com\/wp-content\/uploads\/2022\/10\/Stereo91-20221014-1.jpeg","2048x2048":"https:\/\/pornuestrolaredo.com\/wp-content\/uploads\/2022\/10\/Stereo91-20221014-1.jpeg","morenews-large":"https:\/\/pornuestrolaredo.com\/wp-content\/uploads\/2022\/10\/Stereo91-20221014-1.jpeg","morenews-medium":"https:\/\/pornuestrolaredo.com\/wp-content\/uploads\/2022\/10\/Stereo91-20221014-1.jpeg"},"magazineBlocksPostAuthor":{"name":"Redactor","avatar":"https:\/\/pornuestrolaredo.com\/wp-content\/litespeed\/avatar\/dca1d7ec750c399f025f23b0b314f4cf.jpg?ver=1777612120"},"magazineBlocksPostCommentsNumber":false,"magazineBlocksPostExcerpt":"CIUDAD DE M\u00c9XICO.- La tormenta tropical Karl avanzaba lentamente el viernes hacia la costa sur del Golfo de","magazineBlocksPostCategories":["El Mundo"],"magazineBlocksPostViewCount":110,"magazineBlocksPostReadTime":2,"magazine_blocks_featured_image_url":{"full":["https:\/\/pornuestrolaredo.com\/wp-content\/uploads\/2022\/10\/Stereo91-20221014-1.jpeg",1000,667,false],"medium":["https:\/\/pornuestrolaredo.com\/wp-content\/uploads\/2022\/10\/Stereo91-20221014-1-300x200.jpeg",300,200,true],"thumbnail":["https:\/\/pornuestrolaredo.com\/wp-content\/uploads\/2022\/10\/Stereo91-20221014-1-150x150.jpeg",150,150,true]},"magazine_blocks_author":{"display_name":"Redactor","author_link":"https:\/\/pornuestrolaredo.com\/?author=1"},"magazine_blocks_comment":0,"magazine_blocks_author_image":"https:\/\/pornuestrolaredo.com\/wp-content\/litespeed\/avatar\/dca1d7ec750c399f025f23b0b314f4cf.jpg?ver=1777612120","magazine_blocks_category":"<a href=\"#\" class=\"category-link category-link-9\">El Mundo<\/a>","jetpack_publicize_connections":[],"featured_image_urls":{"full":["https:\/\/pornuestrolaredo.com\/wp-content\/uploads\/2022\/10\/Stereo91-20221014-1.jpeg",1000,667,false],"thumbnail":["https:\/\/pornuestrolaredo.com\/wp-content\/uploads\/2022\/10\/Stereo91-20221014-1-150x150.jpeg",150,150,true],"medium":["https:\/\/pornuestrolaredo.com\/wp-content\/uploads\/2022\/10\/Stereo91-20221014-1-300x200.jpeg",300,200,true],"medium_large":["https:\/\/pornuestrolaredo.com\/wp-content\/uploads\/2022\/10\/Stereo91-20221014-1-768x512.jpeg",640,427,true],"large":["https:\/\/pornuestrolaredo.com\/wp-content\/uploads\/2022\/10\/Stereo91-20221014-1.jpeg",640,427,false],"1536x1536":["https:\/\/pornuestrolaredo.com\/wp-content\/uploads\/2022\/10\/Stereo91-20221014-1.jpeg",1000,667,false],"2048x2048":["https:\/\/pornuestrolaredo.com\/wp-content\/uploads\/2022\/10\/Stereo91-20221014-1.jpeg",1000,667,false],"morenews-large":["https:\/\/pornuestrolaredo.com\/wp-content\/uploads\/2022\/10\/Stereo91-20221014-1.jpeg",825,550,false],"morenews-medium":["https:\/\/pornuestrolaredo.com\/wp-content\/uploads\/2022\/10\/Stereo91-20221014-1.jpeg",590,394,false]},"author_info":{"info":["Redactor"]},"category_info":"<a href=\"https:\/\/pornuestrolaredo.com\/?cat=9\" rel=\"category\">El Mundo<\/a>","tag_info":"El Mundo","comment_count":"0","jetpack_featured_media_url":"https:\/\/pornuestrolaredo.com\/wp-content\/uploads\/2022\/10\/Stereo91-20221014-1.jpeg","jetpack_sharing_enabled":true,"_links":{"self":[{"href":"https:\/\/pornuestrolaredo.com\/index.php?rest_route=\/wp\/v2\/posts\/589","targetHints":{"allow":["GET"]}}],"collection":[{"href":"https:\/\/pornuestrolaredo.com\/index.php?rest_route=\/wp\/v2\/posts"}],"about":[{"href":"https:\/\/pornuestrolaredo.com\/index.php?rest_route=\/wp\/v2\/types\/post"}],"author":[{"embeddable":true,"href":"https:\/\/pornuestrolaredo.com\/index.php?rest_route=\/wp\/v2\/users\/1"}],"replies":[{"embeddable":true,"href":"https:\/\/pornuestrolaredo.com\/index.php?rest_route=%2Fwp%2Fv2%2Fcomments&post=589"}],"version-history":[{"count":1,"href":"https:\/\/pornuestrolaredo.com\/index.php?rest_route=\/wp\/v2\/posts\/589\/revisions"}],"predecessor-version":[{"id":591,"href":"https:\/\/pornuestrolaredo.com\/index.php?rest_route=\/wp\/v2\/posts\/589\/revisions\/591"}],"wp:featuredmedia":[{"embeddable":true,"href":"https:\/\/pornuestrolaredo.com\/index.php?rest_route=\/wp\/v2\/media\/590"}],"wp:attachment":[{"href":"https:\/\/pornuestrolaredo.com\/index.php?rest_route=%2Fwp%2Fv2%2Fmedia&parent=589"}],"wp:term":[{"taxonomy":"category","embeddable":true,"href":"https:\/\/pornuestrolaredo.com\/index.php?rest_route=%2Fwp%2Fv2%2Fcategories&post=589"},{"taxonomy":"post_tag","embeddable":true,"href":"https:\/\/pornuestrolaredo.com\/index.php?rest_route=%2Fwp%2Fv2%2Ftags&post=589"}],"curies":[{"name":"wp","href":"https:\/\/api.w.org\/{rel}","templated":true}]}}