{"id":5890,"date":"2025-01-25T04:31:59","date_gmt":"2025-01-25T04:31:59","guid":{"rendered":"https:\/\/pornuestrolaredo.com\/?p=5890"},"modified":"2025-01-25T04:31:59","modified_gmt":"2025-01-25T04:31:59","slug":"renovara-imjuve-en-marzo-su-consejo-juvenil","status":"publish","type":"post","link":"https:\/\/pornuestrolaredo.com\/?p=5890","title":{"rendered":"Renovar\u00e1 IMJUVE en marzo su consejo juvenil"},"content":{"rendered":"<p><strong><em>NUEVO LAREDO.-<\/em><\/strong> El Instituto Municipal de la Juventud de Nuevo Laredo (IMJUVE) renovar\u00e1 en marzo su consejo por lo que invita a los j\u00f3venes participar en  proyectos en materia cultural deportiva, ambiental, ciencia y ser parte de la transformaci\u00f3n de Nuevo Laredo.<\/p>\n<blockquote><p>Nuestra presidenta municipal Carmen Lilia Canturosas promueve  que los j\u00f3venes participen  en todos los \u00e1mbitos de la vida p\u00fablica que inciden  en  nuestro plan  de trabajo\u201d, se\u00f1al\u00f3 Jes\u00fas Espinoza Hern\u00e1ndez, director IMJUVE.<\/p><\/blockquote>\n<p>En este consejo que se renueva en marzo, podr\u00e1n participar j\u00f3venes desde 12 a 29 a\u00f1os,  y ya pueden registrarse en las diversas redes sociales, siendo m\u00ednimos los requisitos, como vivir en  Nuevo Laredo y exponer los motivos de su participaci\u00f3n.<\/p>\n<blockquote><p>Invitamos a todos los j\u00f3venes  a participar de este gran trabajo y que influyan  en la toma de decisiones\u201d,  dijo Espinoza Hern\u00e1ndez.<\/p><\/blockquote>\n<p>A ra\u00edz de una ley expedida en el a\u00f1o 2023, en el que se solicita a todos los municipios de Tamaulipas a contar con  un consejo juvenil, Nuevo Laredo por indicaciones de la actual alcaldesa Carmen Lilia Canturosas, fue el primero en contar con este instituto.<\/p>\n<p>Los consejos juveniles han tomado su importancia en la vida p\u00fablica al participar activamente en eventos culturales, deportivos, debates, fomento  empresarial y emprender nuevas acciones.<\/p>\n","protected":false},"excerpt":{"rendered":"<p>La renovaci\u00f3n se realizar\u00e1 en marzo y podr\u00e1n participar j\u00f3venes desde 12 a 29 a\u00f1os  y ya pueden registrarse en las diversas redes sociales<\/p>\n","protected":false},"author":1,"featured_media":5891,"comment_status":"closed","ping_status":"closed","sticky":false,"template":"","format":"standard","meta":{"_crdt_document":"","_jetpack_memberships_contains_paid_content":false,"footnotes":"","jetpack_publicize_message":"","jetpack_publicize_feature_enabled":true,"jetpack_social_post_already_shared":true,"jetpack_social_options":{"image_generator_settings":{"template":"highway","default_image_id":0,"font":"","enabled":false},"version":2},"_wpas_customize_per_network":false},"categories":[4],"tags":[],"class_list":["post-5890","post","type-post","status-publish","format-standard","has-post-thumbnail","hentry","category-los-dos-laredos"],"magazineBlocksPostFeaturedMedia":{"thumbnail":"https:\/\/pornuestrolaredo.com\/wp-content\/uploads\/2025\/01\/PNL-20250124-4-150x150.jpg","medium":"https:\/\/pornuestrolaredo.com\/wp-content\/uploads\/2025\/01\/PNL-20250124-4-300x182.jpg","medium_large":"https:\/\/pornuestrolaredo.com\/wp-content\/uploads\/2025\/01\/PNL-20250124-4-768x467.jpg","large":"https:\/\/pornuestrolaredo.com\/wp-content\/uploads\/2025\/01\/PNL-20250124-4.jpg","1536x1536":"https:\/\/pornuestrolaredo.com\/wp-content\/uploads\/2025\/01\/PNL-20250124-4.jpg","2048x2048":"https:\/\/pornuestrolaredo.com\/wp-content\/uploads\/2025\/01\/PNL-20250124-4.jpg","morenews-large":"https:\/\/pornuestrolaredo.com\/wp-content\/uploads\/2025\/01\/PNL-20250124-4.jpg","morenews-medium":"https:\/\/pornuestrolaredo.com\/wp-content\/uploads\/2025\/01\/PNL-20250124-4.jpg"},"magazineBlocksPostAuthor":{"name":"Redactor","avatar":"https:\/\/pornuestrolaredo.com\/wp-content\/litespeed\/avatar\/dca1d7ec750c399f025f23b0b314f4cf.jpg?ver=1777612120"},"magazineBlocksPostCommentsNumber":false,"magazineBlocksPostExcerpt":"La renovaci\u00f3n se realizar\u00e1 en marzo y podr\u00e1n participar j\u00f3venes desde 12 a 29 a\u00f1os  y ya pueden registrarse en las diversas redes sociales","magazineBlocksPostCategories":["Los dos Laredos"],"magazineBlocksPostViewCount":147,"magazineBlocksPostReadTime":2,"magazine_blocks_featured_image_url":{"full":["https:\/\/pornuestrolaredo.com\/wp-content\/uploads\/2025\/01\/PNL-20250124-4.jpg",850,517,false],"medium":["https:\/\/pornuestrolaredo.com\/wp-content\/uploads\/2025\/01\/PNL-20250124-4-300x182.jpg",300,182,true],"thumbnail":["https:\/\/pornuestrolaredo.com\/wp-content\/uploads\/2025\/01\/PNL-20250124-4-150x150.jpg",150,150,true]},"magazine_blocks_author":{"display_name":"Redactor","author_link":"https:\/\/pornuestrolaredo.com\/?author=1"},"magazine_blocks_comment":0,"magazine_blocks_author_image":"https:\/\/pornuestrolaredo.com\/wp-content\/litespeed\/avatar\/dca1d7ec750c399f025f23b0b314f4cf.jpg?ver=1777612120","magazine_blocks_category":"<a href=\"#\" class=\"category-link category-link-4\">Los dos Laredos<\/a>","jetpack_publicize_connections":[],"featured_image_urls":{"full":["https:\/\/pornuestrolaredo.com\/wp-content\/uploads\/2025\/01\/PNL-20250124-4.jpg",850,517,false],"thumbnail":["https:\/\/pornuestrolaredo.com\/wp-content\/uploads\/2025\/01\/PNL-20250124-4-150x150.jpg",150,150,true],"medium":["https:\/\/pornuestrolaredo.com\/wp-content\/uploads\/2025\/01\/PNL-20250124-4-300x182.jpg",300,182,true],"medium_large":["https:\/\/pornuestrolaredo.com\/wp-content\/uploads\/2025\/01\/PNL-20250124-4-768x467.jpg",640,389,true],"large":["https:\/\/pornuestrolaredo.com\/wp-content\/uploads\/2025\/01\/PNL-20250124-4.jpg",640,389,false],"1536x1536":["https:\/\/pornuestrolaredo.com\/wp-content\/uploads\/2025\/01\/PNL-20250124-4.jpg",850,517,false],"2048x2048":["https:\/\/pornuestrolaredo.com\/wp-content\/uploads\/2025\/01\/PNL-20250124-4.jpg",850,517,false],"morenews-large":["https:\/\/pornuestrolaredo.com\/wp-content\/uploads\/2025\/01\/PNL-20250124-4.jpg",825,502,false],"morenews-medium":["https:\/\/pornuestrolaredo.com\/wp-content\/uploads\/2025\/01\/PNL-20250124-4.jpg",590,359,false]},"author_info":{"info":["Redactor"]},"category_info":"<a href=\"https:\/\/pornuestrolaredo.com\/?cat=4\" rel=\"category\">Los dos Laredos<\/a>","tag_info":"Los dos Laredos","comment_count":"0","jetpack_featured_media_url":"https:\/\/pornuestrolaredo.com\/wp-content\/uploads\/2025\/01\/PNL-20250124-4.jpg","jetpack_sharing_enabled":true,"_links":{"self":[{"href":"https:\/\/pornuestrolaredo.com\/index.php?rest_route=\/wp\/v2\/posts\/5890","targetHints":{"allow":["GET"]}}],"collection":[{"href":"https:\/\/pornuestrolaredo.com\/index.php?rest_route=\/wp\/v2\/posts"}],"about":[{"href":"https:\/\/pornuestrolaredo.com\/index.php?rest_route=\/wp\/v2\/types\/post"}],"author":[{"embeddable":true,"href":"https:\/\/pornuestrolaredo.com\/index.php?rest_route=\/wp\/v2\/users\/1"}],"replies":[{"embeddable":true,"href":"https:\/\/pornuestrolaredo.com\/index.php?rest_route=%2Fwp%2Fv2%2Fcomments&post=5890"}],"version-history":[{"count":1,"href":"https:\/\/pornuestrolaredo.com\/index.php?rest_route=\/wp\/v2\/posts\/5890\/revisions"}],"predecessor-version":[{"id":5892,"href":"https:\/\/pornuestrolaredo.com\/index.php?rest_route=\/wp\/v2\/posts\/5890\/revisions\/5892"}],"wp:featuredmedia":[{"embeddable":true,"href":"https:\/\/pornuestrolaredo.com\/index.php?rest_route=\/wp\/v2\/media\/5891"}],"wp:attachment":[{"href":"https:\/\/pornuestrolaredo.com\/index.php?rest_route=%2Fwp%2Fv2%2Fmedia&parent=5890"}],"wp:term":[{"taxonomy":"category","embeddable":true,"href":"https:\/\/pornuestrolaredo.com\/index.php?rest_route=%2Fwp%2Fv2%2Fcategories&post=5890"},{"taxonomy":"post_tag","embeddable":true,"href":"https:\/\/pornuestrolaredo.com\/index.php?rest_route=%2Fwp%2Fv2%2Ftags&post=5890"}],"curies":[{"name":"wp","href":"https:\/\/api.w.org\/{rel}","templated":true}]}}