{"id":5911,"date":"2025-01-30T19:00:41","date_gmt":"2025-01-30T19:00:41","guid":{"rendered":"https:\/\/pornuestrolaredo.com\/?p=5911"},"modified":"2025-01-30T19:03:10","modified_gmt":"2025-01-30T19:03:10","slug":"inicia-registro-para-tarjeta-de-descuentos-juntos-lo-hacemos-posible","status":"publish","type":"post","link":"https:\/\/pornuestrolaredo.com\/?p=5911","title":{"rendered":"Inicia registro para tarjeta de descuentos \u201cJuntos lo Hacemos Posible\u201d"},"content":{"rendered":"<p><strong>NUEVO LAREDO.-<\/strong> Para apoyar la econom\u00eda familiar de los neolaredenses, arranc\u00f3 el registro para obtener la tarjeta \u201cJuntos Lo Hacemos Posible\u201d con la que tendr\u00e1n descuentos que van desde el 5 hasta el 80 por ciento en alrededor de 300 negocios de diversos rubros.<\/p>\n<p>Miguel \u00c1ngel Carrillo, director de Bienestar Social de Nuevo Laredo se\u00f1al\u00f3 que  los negocios est\u00e1n debidamente identificados como parte de este programa y van desde peque\u00f1os emprendedores hasta reconocidos como del ramo restaurantero Costa Grill,  Cata Brava, Sportortas, franquicias, adem\u00e1s de est\u00e9ticas, papeler\u00edas, boutiques, son parte de los ya afiliados a esta campa\u00f1a listos para otorgar sus descuentos.<\/p>\n<blockquote><p>Iniciamos el programa por instrucciones de nuestra presidente Carmen Lilia Canturosas Villarreal que apoya la econom\u00eda familiar otorgando descuentos a los ciudadanos que se ven  beneficiados con  descuentos en diferentes  negocios en toda la ciudad\u201d, se\u00f1al\u00f3 el director de Bienestar Social.<\/p><\/blockquote>\n<p>El registro para los empresarios est\u00e1 constantemente abierto y pueden acudir a las Oficinas de la Secretar\u00eda de Bienestar ubicadas en  el Anexo de la Presidencia por la calle Maclovio Herrera.<\/p>\n<blockquote><p>Este  proyecto es de ganar-ganar  porque a los negocios tambi\u00e9n le damos publicidad a trav\u00e9s de las  redes sociales del municipio\u201d , se\u00f1al\u00f3 el funcionario.<\/p><\/blockquote>\n<p>De la misma manera, los ciudadanos que deseen obtener la tarjeta pueden acudir a las mismas oficinas o a diez centros comunitarios llevando consigo copias del INE y un  comprobante de domicilio.<\/p>\n<p>Se espera que este a\u00f1o se logre registrar a alrededor de 10 mil personas que puedan disfrutar de los descuentos en negocios adheridos.<\/p>\n","protected":false},"excerpt":{"rendered":"<p>Beneficiarios pagar\u00e1n desde el 5 hasta el 80 por ciento menos en alrededor de 300 negocios de diversos rubros<\/p>\n","protected":false},"author":1,"featured_media":5912,"comment_status":"closed","ping_status":"closed","sticky":false,"template":"","format":"standard","meta":{"_crdt_document":"","_jetpack_memberships_contains_paid_content":false,"footnotes":"","jetpack_publicize_message":"","jetpack_publicize_feature_enabled":true,"jetpack_social_post_already_shared":true,"jetpack_social_options":{"image_generator_settings":{"template":"highway","default_image_id":0,"font":"","enabled":false},"version":2},"_wpas_customize_per_network":false},"categories":[4],"tags":[],"class_list":["post-5911","post","type-post","status-publish","format-standard","has-post-thumbnail","hentry","category-los-dos-laredos"],"magazineBlocksPostFeaturedMedia":{"thumbnail":"https:\/\/pornuestrolaredo.com\/wp-content\/uploads\/2025\/01\/Stero91-20250130-3-150x150.jpg","medium":"https:\/\/pornuestrolaredo.com\/wp-content\/uploads\/2025\/01\/Stero91-20250130-3-300x200.jpg","medium_large":"https:\/\/pornuestrolaredo.com\/wp-content\/uploads\/2025\/01\/Stero91-20250130-3-768x513.jpg","large":"https:\/\/pornuestrolaredo.com\/wp-content\/uploads\/2025\/01\/Stero91-20250130-3-1000x668.jpg","1536x1536":"https:\/\/pornuestrolaredo.com\/wp-content\/uploads\/2025\/01\/Stero91-20250130-3-1536x1026.jpg","2048x2048":"https:\/\/pornuestrolaredo.com\/wp-content\/uploads\/2025\/01\/Stero91-20250130-3.jpg","morenews-large":"https:\/\/pornuestrolaredo.com\/wp-content\/uploads\/2025\/01\/Stero91-20250130-3.jpg","morenews-medium":"https:\/\/pornuestrolaredo.com\/wp-content\/uploads\/2025\/01\/Stero91-20250130-3.jpg"},"magazineBlocksPostAuthor":{"name":"Redactor","avatar":"https:\/\/pornuestrolaredo.com\/wp-content\/litespeed\/avatar\/dca1d7ec750c399f025f23b0b314f4cf.jpg?ver=1777612120"},"magazineBlocksPostCommentsNumber":false,"magazineBlocksPostExcerpt":"Beneficiarios pagar\u00e1n desde el 5 hasta el 80 por ciento menos en alrededor de 300 negocios de diversos rubros","magazineBlocksPostCategories":["Los dos Laredos"],"magazineBlocksPostViewCount":158,"magazineBlocksPostReadTime":2,"magazine_blocks_featured_image_url":{"full":["https:\/\/pornuestrolaredo.com\/wp-content\/uploads\/2025\/01\/Stero91-20250130-3.jpg",1600,1069,false],"medium":["https:\/\/pornuestrolaredo.com\/wp-content\/uploads\/2025\/01\/Stero91-20250130-3-300x200.jpg",300,200,true],"thumbnail":["https:\/\/pornuestrolaredo.com\/wp-content\/uploads\/2025\/01\/Stero91-20250130-3-150x150.jpg",150,150,true]},"magazine_blocks_author":{"display_name":"Redactor","author_link":"https:\/\/pornuestrolaredo.com\/?author=1"},"magazine_blocks_comment":0,"magazine_blocks_author_image":"https:\/\/pornuestrolaredo.com\/wp-content\/litespeed\/avatar\/dca1d7ec750c399f025f23b0b314f4cf.jpg?ver=1777612120","magazine_blocks_category":"<a href=\"#\" class=\"category-link category-link-4\">Los dos Laredos<\/a>","jetpack_publicize_connections":[],"featured_image_urls":{"full":["https:\/\/pornuestrolaredo.com\/wp-content\/uploads\/2025\/01\/Stero91-20250130-3.jpg",1600,1069,false],"thumbnail":["https:\/\/pornuestrolaredo.com\/wp-content\/uploads\/2025\/01\/Stero91-20250130-3-150x150.jpg",150,150,true],"medium":["https:\/\/pornuestrolaredo.com\/wp-content\/uploads\/2025\/01\/Stero91-20250130-3-300x200.jpg",300,200,true],"medium_large":["https:\/\/pornuestrolaredo.com\/wp-content\/uploads\/2025\/01\/Stero91-20250130-3-768x513.jpg",640,428,true],"large":["https:\/\/pornuestrolaredo.com\/wp-content\/uploads\/2025\/01\/Stero91-20250130-3-1000x668.jpg",640,428,true],"1536x1536":["https:\/\/pornuestrolaredo.com\/wp-content\/uploads\/2025\/01\/Stero91-20250130-3-1536x1026.jpg",1536,1026,true],"2048x2048":["https:\/\/pornuestrolaredo.com\/wp-content\/uploads\/2025\/01\/Stero91-20250130-3.jpg",1600,1069,false],"morenews-large":["https:\/\/pornuestrolaredo.com\/wp-content\/uploads\/2025\/01\/Stero91-20250130-3.jpg",825,551,false],"morenews-medium":["https:\/\/pornuestrolaredo.com\/wp-content\/uploads\/2025\/01\/Stero91-20250130-3.jpg",590,394,false]},"author_info":{"info":["Redactor"]},"category_info":"<a href=\"https:\/\/pornuestrolaredo.com\/?cat=4\" rel=\"category\">Los dos Laredos<\/a>","tag_info":"Los dos Laredos","comment_count":"0","jetpack_featured_media_url":"https:\/\/pornuestrolaredo.com\/wp-content\/uploads\/2025\/01\/Stero91-20250130-3.jpg","jetpack_sharing_enabled":true,"_links":{"self":[{"href":"https:\/\/pornuestrolaredo.com\/index.php?rest_route=\/wp\/v2\/posts\/5911","targetHints":{"allow":["GET"]}}],"collection":[{"href":"https:\/\/pornuestrolaredo.com\/index.php?rest_route=\/wp\/v2\/posts"}],"about":[{"href":"https:\/\/pornuestrolaredo.com\/index.php?rest_route=\/wp\/v2\/types\/post"}],"author":[{"embeddable":true,"href":"https:\/\/pornuestrolaredo.com\/index.php?rest_route=\/wp\/v2\/users\/1"}],"replies":[{"embeddable":true,"href":"https:\/\/pornuestrolaredo.com\/index.php?rest_route=%2Fwp%2Fv2%2Fcomments&post=5911"}],"version-history":[{"count":3,"href":"https:\/\/pornuestrolaredo.com\/index.php?rest_route=\/wp\/v2\/posts\/5911\/revisions"}],"predecessor-version":[{"id":5915,"href":"https:\/\/pornuestrolaredo.com\/index.php?rest_route=\/wp\/v2\/posts\/5911\/revisions\/5915"}],"wp:featuredmedia":[{"embeddable":true,"href":"https:\/\/pornuestrolaredo.com\/index.php?rest_route=\/wp\/v2\/media\/5912"}],"wp:attachment":[{"href":"https:\/\/pornuestrolaredo.com\/index.php?rest_route=%2Fwp%2Fv2%2Fmedia&parent=5911"}],"wp:term":[{"taxonomy":"category","embeddable":true,"href":"https:\/\/pornuestrolaredo.com\/index.php?rest_route=%2Fwp%2Fv2%2Fcategories&post=5911"},{"taxonomy":"post_tag","embeddable":true,"href":"https:\/\/pornuestrolaredo.com\/index.php?rest_route=%2Fwp%2Fv2%2Ftags&post=5911"}],"curies":[{"name":"wp","href":"https:\/\/api.w.org\/{rel}","templated":true}]}}