{"id":5916,"date":"2025-01-30T19:12:42","date_gmt":"2025-01-30T19:12:42","guid":{"rendered":"https:\/\/pornuestrolaredo.com\/?p=5916"},"modified":"2025-01-30T19:12:42","modified_gmt":"2025-01-30T19:12:42","slug":"descartan-sobrevivientes-del-choque-aereo","status":"publish","type":"post","link":"https:\/\/pornuestrolaredo.com\/?p=5916","title":{"rendered":"Descartan sobrevivientes del choque a\u00e9reo"},"content":{"rendered":"<p><strong><em>WASHINGTON, D.C.-<<\/em>\/strong> Al menos 28 cuerpos han sido recuperados del R\u00edo Potomac, cerca de Washington DC, donde est\u00e1n los restos de un avi\u00f3n de pasajeros y un helic\u00f3ptero militar que chocaron la noche de ayer, cuyo accidente no dej\u00f3 sobrevivientes, seg\u00fan reportes oficiales.<\/p>\n<p>John Donnelly, jefe de Bomberos y Servicios M\u00e9dicos de Emergencia del Distrito de Columbia, inform\u00f3 en conferencia que las autoridades consideran que no hubo sobrevivientes tras el percance ocurrido cerca del Aeropuerto Nacional Ronald Reagan.<\/p>\n<p>El operativo para rescatar a m\u00e1s v\u00edctimas contin\u00faa. El avi\u00f3n transportaba a 64 personas: cuatro de tripulaci\u00f3n y 60 pasajeros. Mientras que en el helic\u00f3ptero viajaban tres soldados.<\/p>\n<blockquote><p>No creemos que haya sobrevivientes de este accidente. Hemos recuperado a 27 personas del avi\u00f3n y una del helic\u00f3ptero (&#8230;) Seguiremos trabajando para encontrar todos los cuerpos y recogerlos y reunirlos con sus seres queridos&#8221;, dijo Donnelly esta ma\u00f1ana.<\/p><\/blockquote>\n<blockquote><p>En este momento estamos pasando de una operaci\u00f3n de rescate a una operaci\u00f3n de recuperaci\u00f3n (de los cuerpos)&#8221;, agreg\u00f3.<\/p><\/blockquote>\n<p>Previo a la rueda de prensa de autoridades, la cadena NBC News se\u00f1al\u00f3 que se hab\u00edan rescatado a m\u00e1s de 30 v\u00edctimas, citando dos fuentes oficiales. Un par de fuentes dijeron a Reuters que se hab\u00edan sacado varios cad\u00e1veres del agua.<\/p>\n<p>La colisi\u00f3n en pleno vuelo se produjo la noche de ayer, cuando el avi\u00f3n de pasajeros procedente de Wichita, Kansas, se aproximaba para aterrizar en el aeropuerto Reagan, antes de las 20:48 horas, tiempo local (19:38 horas, centro de M\u00e9xico).<\/p>\n<p>Las comunicaciones por radio entre la torre de control del tr\u00e1fico a\u00e9reo y el Black Hawk muestran que la tripulaci\u00f3n del helic\u00f3ptero sab\u00eda que el avi\u00f3n se encontraba cerca.<\/p>\n<p>Marco Rubio, secretario de Estado de Estados Unidos, lament\u00f3 la colisi\u00f3n que calific\u00f3 como una noticia devastadora y dijo que se encontraba orando por las v\u00edctimas. <\/p>\n","protected":false},"excerpt":{"rendered":"<p>Se estrella avi\u00f3n de pasajeros con un helic\u00f3ptero militar, cerca del Aeropuerto Nacional Ronald Reagan<\/p>\n","protected":false},"author":1,"featured_media":5917,"comment_status":"closed","ping_status":"closed","sticky":false,"template":"","format":"standard","meta":{"_crdt_document":"","_jetpack_memberships_contains_paid_content":false,"footnotes":"","jetpack_publicize_message":"","jetpack_publicize_feature_enabled":true,"jetpack_social_post_already_shared":true,"jetpack_social_options":{"image_generator_settings":{"template":"highway","default_image_id":0,"font":"","enabled":false},"version":2},"_wpas_customize_per_network":false},"categories":[9],"tags":[],"class_list":["post-5916","post","type-post","status-publish","format-standard","has-post-thumbnail","hentry","category-el-mundo"],"magazineBlocksPostFeaturedMedia":{"thumbnail":"https:\/\/pornuestrolaredo.com\/wp-content\/uploads\/2025\/01\/Stero91-20250130-2-150x150.jpg","medium":"https:\/\/pornuestrolaredo.com\/wp-content\/uploads\/2025\/01\/Stero91-20250130-2-300x200.jpg","medium_large":"https:\/\/pornuestrolaredo.com\/wp-content\/uploads\/2025\/01\/Stero91-20250130-2-768x512.jpg","large":"https:\/\/pornuestrolaredo.com\/wp-content\/uploads\/2025\/01\/Stero91-20250130-2.jpg","1536x1536":"https:\/\/pornuestrolaredo.com\/wp-content\/uploads\/2025\/01\/Stero91-20250130-2.jpg","2048x2048":"https:\/\/pornuestrolaredo.com\/wp-content\/uploads\/2025\/01\/Stero91-20250130-2.jpg","morenews-large":"https:\/\/pornuestrolaredo.com\/wp-content\/uploads\/2025\/01\/Stero91-20250130-2.jpg","morenews-medium":"https:\/\/pornuestrolaredo.com\/wp-content\/uploads\/2025\/01\/Stero91-20250130-2.jpg"},"magazineBlocksPostAuthor":{"name":"Redactor","avatar":"https:\/\/pornuestrolaredo.com\/wp-content\/litespeed\/avatar\/dca1d7ec750c399f025f23b0b314f4cf.jpg?ver=1777612120"},"magazineBlocksPostCommentsNumber":false,"magazineBlocksPostExcerpt":"Se estrella avi\u00f3n de pasajeros con un helic\u00f3ptero militar, cerca del Aeropuerto Nacional Ronald Reagan","magazineBlocksPostCategories":["El Mundo"],"magazineBlocksPostViewCount":178,"magazineBlocksPostReadTime":2,"magazine_blocks_featured_image_url":{"full":["https:\/\/pornuestrolaredo.com\/wp-content\/uploads\/2025\/01\/Stero91-20250130-2.jpg",960,640,false],"medium":["https:\/\/pornuestrolaredo.com\/wp-content\/uploads\/2025\/01\/Stero91-20250130-2-300x200.jpg",300,200,true],"thumbnail":["https:\/\/pornuestrolaredo.com\/wp-content\/uploads\/2025\/01\/Stero91-20250130-2-150x150.jpg",150,150,true]},"magazine_blocks_author":{"display_name":"Redactor","author_link":"https:\/\/pornuestrolaredo.com\/?author=1"},"magazine_blocks_comment":0,"magazine_blocks_author_image":"https:\/\/pornuestrolaredo.com\/wp-content\/litespeed\/avatar\/dca1d7ec750c399f025f23b0b314f4cf.jpg?ver=1777612120","magazine_blocks_category":"<a href=\"#\" class=\"category-link category-link-9\">El Mundo<\/a>","jetpack_publicize_connections":[],"featured_image_urls":{"full":["https:\/\/pornuestrolaredo.com\/wp-content\/uploads\/2025\/01\/Stero91-20250130-2.jpg",960,640,false],"thumbnail":["https:\/\/pornuestrolaredo.com\/wp-content\/uploads\/2025\/01\/Stero91-20250130-2-150x150.jpg",150,150,true],"medium":["https:\/\/pornuestrolaredo.com\/wp-content\/uploads\/2025\/01\/Stero91-20250130-2-300x200.jpg",300,200,true],"medium_large":["https:\/\/pornuestrolaredo.com\/wp-content\/uploads\/2025\/01\/Stero91-20250130-2-768x512.jpg",640,427,true],"large":["https:\/\/pornuestrolaredo.com\/wp-content\/uploads\/2025\/01\/Stero91-20250130-2.jpg",640,427,false],"1536x1536":["https:\/\/pornuestrolaredo.com\/wp-content\/uploads\/2025\/01\/Stero91-20250130-2.jpg",960,640,false],"2048x2048":["https:\/\/pornuestrolaredo.com\/wp-content\/uploads\/2025\/01\/Stero91-20250130-2.jpg",960,640,false],"morenews-large":["https:\/\/pornuestrolaredo.com\/wp-content\/uploads\/2025\/01\/Stero91-20250130-2.jpg",825,550,false],"morenews-medium":["https:\/\/pornuestrolaredo.com\/wp-content\/uploads\/2025\/01\/Stero91-20250130-2.jpg",590,393,false]},"author_info":{"info":["Redactor"]},"category_info":"<a href=\"https:\/\/pornuestrolaredo.com\/?cat=9\" rel=\"category\">El Mundo<\/a>","tag_info":"El Mundo","comment_count":"0","jetpack_featured_media_url":"https:\/\/pornuestrolaredo.com\/wp-content\/uploads\/2025\/01\/Stero91-20250130-2.jpg","jetpack_sharing_enabled":true,"_links":{"self":[{"href":"https:\/\/pornuestrolaredo.com\/index.php?rest_route=\/wp\/v2\/posts\/5916","targetHints":{"allow":["GET"]}}],"collection":[{"href":"https:\/\/pornuestrolaredo.com\/index.php?rest_route=\/wp\/v2\/posts"}],"about":[{"href":"https:\/\/pornuestrolaredo.com\/index.php?rest_route=\/wp\/v2\/types\/post"}],"author":[{"embeddable":true,"href":"https:\/\/pornuestrolaredo.com\/index.php?rest_route=\/wp\/v2\/users\/1"}],"replies":[{"embeddable":true,"href":"https:\/\/pornuestrolaredo.com\/index.php?rest_route=%2Fwp%2Fv2%2Fcomments&post=5916"}],"version-history":[{"count":1,"href":"https:\/\/pornuestrolaredo.com\/index.php?rest_route=\/wp\/v2\/posts\/5916\/revisions"}],"predecessor-version":[{"id":5918,"href":"https:\/\/pornuestrolaredo.com\/index.php?rest_route=\/wp\/v2\/posts\/5916\/revisions\/5918"}],"wp:featuredmedia":[{"embeddable":true,"href":"https:\/\/pornuestrolaredo.com\/index.php?rest_route=\/wp\/v2\/media\/5917"}],"wp:attachment":[{"href":"https:\/\/pornuestrolaredo.com\/index.php?rest_route=%2Fwp%2Fv2%2Fmedia&parent=5916"}],"wp:term":[{"taxonomy":"category","embeddable":true,"href":"https:\/\/pornuestrolaredo.com\/index.php?rest_route=%2Fwp%2Fv2%2Fcategories&post=5916"},{"taxonomy":"post_tag","embeddable":true,"href":"https:\/\/pornuestrolaredo.com\/index.php?rest_route=%2Fwp%2Fv2%2Ftags&post=5916"}],"curies":[{"name":"wp","href":"https:\/\/api.w.org\/{rel}","templated":true}]}}