{"id":5919,"date":"2025-01-30T19:27:41","date_gmt":"2025-01-30T19:27:41","guid":{"rendered":"https:\/\/pornuestrolaredo.com\/?p=5919"},"modified":"2025-01-30T19:27:41","modified_gmt":"2025-01-30T19:27:41","slug":"este-viernes-ultimo-dia-de-inscripcion-en-la-escuela-de-musica-dif","status":"publish","type":"post","link":"https:\/\/pornuestrolaredo.com\/?p=5919","title":{"rendered":"Este viernes \u00faltimo d\u00eda de inscripci\u00f3n en la Escuela de M\u00fasica DIF"},"content":{"rendered":"<p><strong>NUEVO LAREDO.- <\/strong>El Sistema DIF Nuevo Laredo hace una llamado  a la comunidad para que aprovechen el \u00faltimo d\u00eda para  inscribirse en la Escuela de M\u00fasica DIF, para el ciclo enero-junio 2025 que ser\u00e1 este viernes 31 de enero. <\/p>\n<p>Las clases iniciaron el 20 de enero, por lo que esta es la \u00faltima oportunidad para integrarse a los grupos y aprender a tocar diversos instrumentos, como viol\u00edn, teclado, guitarra, ukelele, bater\u00eda, flauta, clarinete, saxof\u00f3n, trompeta, bugle, corno, bar\u00edtono, tromb\u00f3n y tuba. Adem\u00e1s, se imparten clases de canto y coro.<\/p>\n<p>Este curso es completamente gratuito y que la Escuela de M\u00fasica DIF es una instituci\u00f3n \u00fanica en Tamaulipas, consolid\u00e1ndose como un espacio de formaci\u00f3n art\u00edstica y cultural. Asimismo, ofrece oportunidades de aprendizaje para personas con discapacidad que deseen tocar alg\u00fan instrumento musical.<\/p>\n<p>Las personas interesadas deben acudir a las instalaciones de la Escuela de M\u00fasica DIF, ubicada en Eva S\u00e1mano 1511, colonia La Fe, en horario de lunes a viernes de 9:30 a.m. a 2:00 p.m. y de 3:00 p.m. a 6:00 p.m.<\/p>\n<p>Para el proceso de inscripci\u00f3n, es necesario presentar los siguientes documentos: copia del acta de nacimiento, CURP, comprobante de domicilio, credencial de elector del padre, madre o tutor en caso de menores de edad, dos fotograf\u00edas tama\u00f1o infantil y contar con instrumento propio.<\/p>\n<p>La edad m\u00ednima para participar var\u00eda seg\u00fan la materia, siendo de 7 a\u00f1os el requisito general en la mayor\u00eda de los cursos.<\/p>\n<p>Para m\u00e1s informaci\u00f3n, los interesados pueden acudir directamente a la Escuela de M\u00fasica DIF o comunicarse a las oficinas del Sistema DIF Nuevo Laredo.<\/p>\n","protected":false},"excerpt":{"rendered":"<p>Casi se va la oportunidad de aprender a tocar diversos instrumentos, como viol\u00edn, teclado, guitarra, ukelele, bater\u00eda, flauta, clarinete, saxof\u00f3n, entre otros<\/p>\n","protected":false},"author":1,"featured_media":5920,"comment_status":"closed","ping_status":"closed","sticky":false,"template":"","format":"standard","meta":{"_crdt_document":"","_jetpack_memberships_contains_paid_content":false,"footnotes":"","jetpack_publicize_message":"","jetpack_publicize_feature_enabled":true,"jetpack_social_post_already_shared":true,"jetpack_social_options":{"image_generator_settings":{"template":"highway","default_image_id":0,"font":"","enabled":false},"version":2},"_wpas_customize_per_network":false},"categories":[4],"tags":[],"class_list":["post-5919","post","type-post","status-publish","format-standard","has-post-thumbnail","hentry","category-los-dos-laredos"],"magazineBlocksPostFeaturedMedia":{"thumbnail":"https:\/\/pornuestrolaredo.com\/wp-content\/uploads\/2025\/01\/Stero91-20250130-4-150x150.jpg","medium":"https:\/\/pornuestrolaredo.com\/wp-content\/uploads\/2025\/01\/Stero91-20250130-4-300x200.jpg","medium_large":"https:\/\/pornuestrolaredo.com\/wp-content\/uploads\/2025\/01\/Stero91-20250130-4-768x512.jpg","large":"https:\/\/pornuestrolaredo.com\/wp-content\/uploads\/2025\/01\/Stero91-20250130-4-1000x666.jpg","1536x1536":"https:\/\/pornuestrolaredo.com\/wp-content\/uploads\/2025\/01\/Stero91-20250130-4.jpg","2048x2048":"https:\/\/pornuestrolaredo.com\/wp-content\/uploads\/2025\/01\/Stero91-20250130-4.jpg","morenews-large":"https:\/\/pornuestrolaredo.com\/wp-content\/uploads\/2025\/01\/Stero91-20250130-4.jpg","morenews-medium":"https:\/\/pornuestrolaredo.com\/wp-content\/uploads\/2025\/01\/Stero91-20250130-4.jpg"},"magazineBlocksPostAuthor":{"name":"Redactor","avatar":"https:\/\/pornuestrolaredo.com\/wp-content\/litespeed\/avatar\/dca1d7ec750c399f025f23b0b314f4cf.jpg?ver=1777612120"},"magazineBlocksPostCommentsNumber":false,"magazineBlocksPostExcerpt":"Casi se va la oportunidad de aprender a tocar diversos instrumentos, como viol\u00edn, teclado, guitarra, ukelele, bater\u00eda, flauta, clarinete, saxof\u00f3n, entre otros","magazineBlocksPostCategories":["Los dos Laredos"],"magazineBlocksPostViewCount":160,"magazineBlocksPostReadTime":2,"magazine_blocks_featured_image_url":{"full":["https:\/\/pornuestrolaredo.com\/wp-content\/uploads\/2025\/01\/Stero91-20250130-4.jpg",1280,853,false],"medium":["https:\/\/pornuestrolaredo.com\/wp-content\/uploads\/2025\/01\/Stero91-20250130-4-300x200.jpg",300,200,true],"thumbnail":["https:\/\/pornuestrolaredo.com\/wp-content\/uploads\/2025\/01\/Stero91-20250130-4-150x150.jpg",150,150,true]},"magazine_blocks_author":{"display_name":"Redactor","author_link":"https:\/\/pornuestrolaredo.com\/?author=1"},"magazine_blocks_comment":0,"magazine_blocks_author_image":"https:\/\/pornuestrolaredo.com\/wp-content\/litespeed\/avatar\/dca1d7ec750c399f025f23b0b314f4cf.jpg?ver=1777612120","magazine_blocks_category":"<a href=\"#\" class=\"category-link category-link-4\">Los dos Laredos<\/a>","jetpack_publicize_connections":[],"featured_image_urls":{"full":["https:\/\/pornuestrolaredo.com\/wp-content\/uploads\/2025\/01\/Stero91-20250130-4.jpg",1280,853,false],"thumbnail":["https:\/\/pornuestrolaredo.com\/wp-content\/uploads\/2025\/01\/Stero91-20250130-4-150x150.jpg",150,150,true],"medium":["https:\/\/pornuestrolaredo.com\/wp-content\/uploads\/2025\/01\/Stero91-20250130-4-300x200.jpg",300,200,true],"medium_large":["https:\/\/pornuestrolaredo.com\/wp-content\/uploads\/2025\/01\/Stero91-20250130-4-768x512.jpg",640,427,true],"large":["https:\/\/pornuestrolaredo.com\/wp-content\/uploads\/2025\/01\/Stero91-20250130-4-1000x666.jpg",640,426,true],"1536x1536":["https:\/\/pornuestrolaredo.com\/wp-content\/uploads\/2025\/01\/Stero91-20250130-4.jpg",1280,853,false],"2048x2048":["https:\/\/pornuestrolaredo.com\/wp-content\/uploads\/2025\/01\/Stero91-20250130-4.jpg",1280,853,false],"morenews-large":["https:\/\/pornuestrolaredo.com\/wp-content\/uploads\/2025\/01\/Stero91-20250130-4.jpg",825,550,false],"morenews-medium":["https:\/\/pornuestrolaredo.com\/wp-content\/uploads\/2025\/01\/Stero91-20250130-4.jpg",590,393,false]},"author_info":{"info":["Redactor"]},"category_info":"<a href=\"https:\/\/pornuestrolaredo.com\/?cat=4\" rel=\"category\">Los dos Laredos<\/a>","tag_info":"Los dos Laredos","comment_count":"0","jetpack_featured_media_url":"https:\/\/pornuestrolaredo.com\/wp-content\/uploads\/2025\/01\/Stero91-20250130-4.jpg","jetpack_sharing_enabled":true,"_links":{"self":[{"href":"https:\/\/pornuestrolaredo.com\/index.php?rest_route=\/wp\/v2\/posts\/5919","targetHints":{"allow":["GET"]}}],"collection":[{"href":"https:\/\/pornuestrolaredo.com\/index.php?rest_route=\/wp\/v2\/posts"}],"about":[{"href":"https:\/\/pornuestrolaredo.com\/index.php?rest_route=\/wp\/v2\/types\/post"}],"author":[{"embeddable":true,"href":"https:\/\/pornuestrolaredo.com\/index.php?rest_route=\/wp\/v2\/users\/1"}],"replies":[{"embeddable":true,"href":"https:\/\/pornuestrolaredo.com\/index.php?rest_route=%2Fwp%2Fv2%2Fcomments&post=5919"}],"version-history":[{"count":1,"href":"https:\/\/pornuestrolaredo.com\/index.php?rest_route=\/wp\/v2\/posts\/5919\/revisions"}],"predecessor-version":[{"id":5921,"href":"https:\/\/pornuestrolaredo.com\/index.php?rest_route=\/wp\/v2\/posts\/5919\/revisions\/5921"}],"wp:featuredmedia":[{"embeddable":true,"href":"https:\/\/pornuestrolaredo.com\/index.php?rest_route=\/wp\/v2\/media\/5920"}],"wp:attachment":[{"href":"https:\/\/pornuestrolaredo.com\/index.php?rest_route=%2Fwp%2Fv2%2Fmedia&parent=5919"}],"wp:term":[{"taxonomy":"category","embeddable":true,"href":"https:\/\/pornuestrolaredo.com\/index.php?rest_route=%2Fwp%2Fv2%2Fcategories&post=5919"},{"taxonomy":"post_tag","embeddable":true,"href":"https:\/\/pornuestrolaredo.com\/index.php?rest_route=%2Fwp%2Fv2%2Ftags&post=5919"}],"curies":[{"name":"wp","href":"https:\/\/api.w.org\/{rel}","templated":true}]}}