{"id":592,"date":"2022-10-14T16:32:37","date_gmt":"2022-10-14T16:32:37","guid":{"rendered":"https:\/\/pornuestrolaredo.com\/?p=592"},"modified":"2022-10-14T16:32:37","modified_gmt":"2022-10-14T16:32:37","slug":"tirador-asesina-a-cinco-en-carolina-del-norte","status":"publish","type":"post","link":"https:\/\/pornuestrolaredo.com\/?p=592","title":{"rendered":"Tirador asesina a cinco en Carolina del Norte"},"content":{"rendered":"\n<p class=\"wp-block-paragraph\"><strong><em>RALEIGH, Carolina del Norte.-<\/em><\/strong> Un hombre armado asesin\u00f3 el jueves a cinco personas en un sendero en Raleigh, la capital de Carolina del Norte, y esquiv\u00f3 a las autoridades durante horas antes de ser acorralado en una casa y arrestado, dijo la polic\u00eda.<\/p>\n\n\n\n<p class=\"wp-block-paragraph\">Un agente fuera servicio figuraba entre las v\u00edctimas del sospechoso, a quien la polic\u00eda describi\u00f3 \u00fanicamente como un var\u00f3n blanco menor de edad. Fue arrestado alrededor de las 9:37 de la noche, agregaron las autoridades. No se revelaron ni su identidad ni su edad.<\/p>\n\n\n\n<p class=\"wp-block-paragraph\">El tiroteo comenz\u00f3 alrededor de las 5:00 de la tarde en el sendero del r\u00edo Neuse, en una zona residencial al noreste del centro de la ciudad, explic\u00f3 la alcaldesa de Raleigh, Mary-Ann Baldwin. Efectivos de varias agencias de seguridad acudieron a la zona, donde cortaron carreteras y advirtieron a los residentes que se mantuvieran a cubierto mientras buscaban al tirador.<\/p>\n\n\n\n<p class=\"wp-block-paragraph\">Otras dos personas, entre las que hab\u00eda otro polic\u00eda, fueron trasladadas a hospitales. El agente recibi\u00f3 el alta m\u00e1s tarde, pero el segundo sobreviviente segu\u00eda en estado cr\u00edtico.<\/p>\n\n\n\n<blockquote class=\"wp-block-quote is-layout-flow wp-block-quote-is-layout-flow\"><p>Esta noche, el terror ha llegado a nuestra puerta. La pesadilla de toda comunidad ha llegado a Raleigh. Lo que se ha cometido es un acto de violencia sin sentido, horrible y frustrante\u201d, declar\u00f3 el gobernador, Roy Cooper, a reporteros.<\/p><\/blockquote>\n\n\n\n<p class=\"wp-block-paragraph\">Las autoridades no ofrecieron detalles sobre el motivo de la balacera, pero Baldwin se uni\u00f3 a Cooper en la condena a la violencia.<\/p>\n\n\n\n<blockquote class=\"wp-block-quote is-layout-flow wp-block-quote-is-layout-flow\"><p>Debemos poner fin a esta absurda violencia en Estados Unidos, y debemos atender la violencia con armas de fuego\u201d, apunt\u00f3 la regidora. \u201cTenemos mucho por hacer, y esta noche tenemos mucho que lamentar\u201d.<\/p><\/blockquote>\n\n\n\n<p class=\"wp-block-paragraph\">El incidente de Raleigh fue el \u00faltimo en una semana de violencia en todo el pa\u00eds. Cinco personas fallecieron el domingo en un tiroteo en una casa en Inman, Carolina del Sur. El mi\u00e9rcoles por la noche, dos polic\u00edas murieron por disparos en Connecticut tras caer en una aparente emboscada al responder a una llamada por un posible caso de violencia dom\u00e9stica. <\/p>\n\n\n\n<p class=\"wp-block-paragraph\">Adem\u00e1s, esta semana hubo balaceras contra agentes de polic\u00eda en Greenville, Mississippi; Decatur, Illinois; Filadelfia, Las Vegas y el centro de Florida. Dos de ellos \u2014 uno en Greenville y otro en Las Vegas \u2014 murieron. El del jueves fue el 25to tiroteo masivo del a\u00f1o en Estados Unidos con v\u00edctimas por disparos, de acuerdo con la base de datos conjunta de The Associated Press\/USA TODAY\/Universidad de Northeastern. Una balacera masiva es aquella en la que hay cuatro o m\u00e1s fallecidos, sin contar al autor.<\/p>\n","protected":false},"excerpt":{"rendered":"<p>RALEIGH, Carolina del Norte.- Un hombre armado asesin\u00f3 el jueves a cinco personas en un sendero en Raleigh,<\/p>\n","protected":false},"author":1,"featured_media":593,"comment_status":"open","ping_status":"open","sticky":false,"template":"","format":"standard","meta":{"_crdt_document":"","_jetpack_memberships_contains_paid_content":false,"footnotes":"","jetpack_publicize_message":"El hombre dispar\u00f3 contra las personas en un sendero de una zona residencial; ya fue arrestado y al parecer es un menor de edad","jetpack_publicize_feature_enabled":true,"jetpack_social_post_already_shared":true,"jetpack_social_options":{"image_generator_settings":{"template":"highway","default_image_id":0,"font":"","enabled":false},"version":2},"_wpas_customize_per_network":false},"categories":[9],"tags":[],"class_list":["post-592","post","type-post","status-publish","format-standard","has-post-thumbnail","hentry","category-el-mundo"],"magazineBlocksPostFeaturedMedia":{"thumbnail":"https:\/\/pornuestrolaredo.com\/wp-content\/uploads\/2022\/10\/Stereo91-20221014-2-150x150.jpeg","medium":"https:\/\/pornuestrolaredo.com\/wp-content\/uploads\/2022\/10\/Stereo91-20221014-2-300x175.jpeg","medium_large":"https:\/\/pornuestrolaredo.com\/wp-content\/uploads\/2022\/10\/Stereo91-20221014-2-768x448.jpeg","large":"https:\/\/pornuestrolaredo.com\/wp-content\/uploads\/2022\/10\/Stereo91-20221014-2.jpeg","1536x1536":"https:\/\/pornuestrolaredo.com\/wp-content\/uploads\/2022\/10\/Stereo91-20221014-2.jpeg","2048x2048":"https:\/\/pornuestrolaredo.com\/wp-content\/uploads\/2022\/10\/Stereo91-20221014-2.jpeg","morenews-large":"https:\/\/pornuestrolaredo.com\/wp-content\/uploads\/2022\/10\/Stereo91-20221014-2.jpeg","morenews-medium":"https:\/\/pornuestrolaredo.com\/wp-content\/uploads\/2022\/10\/Stereo91-20221014-2.jpeg"},"magazineBlocksPostAuthor":{"name":"Redactor","avatar":"https:\/\/pornuestrolaredo.com\/wp-content\/litespeed\/avatar\/dca1d7ec750c399f025f23b0b314f4cf.jpg?ver=1777612120"},"magazineBlocksPostCommentsNumber":false,"magazineBlocksPostExcerpt":"RALEIGH, Carolina del Norte.- Un hombre armado asesin\u00f3 el jueves a cinco personas en un sendero en Raleigh,","magazineBlocksPostCategories":["El Mundo"],"magazineBlocksPostViewCount":108,"magazineBlocksPostReadTime":3,"magazine_blocks_featured_image_url":{"full":["https:\/\/pornuestrolaredo.com\/wp-content\/uploads\/2022\/10\/Stereo91-20221014-2.jpeg",1000,583,false],"medium":["https:\/\/pornuestrolaredo.com\/wp-content\/uploads\/2022\/10\/Stereo91-20221014-2-300x175.jpeg",300,175,true],"thumbnail":["https:\/\/pornuestrolaredo.com\/wp-content\/uploads\/2022\/10\/Stereo91-20221014-2-150x150.jpeg",150,150,true]},"magazine_blocks_author":{"display_name":"Redactor","author_link":"https:\/\/pornuestrolaredo.com\/?author=1"},"magazine_blocks_comment":0,"magazine_blocks_author_image":"https:\/\/pornuestrolaredo.com\/wp-content\/litespeed\/avatar\/dca1d7ec750c399f025f23b0b314f4cf.jpg?ver=1777612120","magazine_blocks_category":"<a href=\"#\" class=\"category-link category-link-9\">El Mundo<\/a>","jetpack_publicize_connections":[],"featured_image_urls":{"full":["https:\/\/pornuestrolaredo.com\/wp-content\/uploads\/2022\/10\/Stereo91-20221014-2.jpeg",1000,583,false],"thumbnail":["https:\/\/pornuestrolaredo.com\/wp-content\/uploads\/2022\/10\/Stereo91-20221014-2-150x150.jpeg",150,150,true],"medium":["https:\/\/pornuestrolaredo.com\/wp-content\/uploads\/2022\/10\/Stereo91-20221014-2-300x175.jpeg",300,175,true],"medium_large":["https:\/\/pornuestrolaredo.com\/wp-content\/uploads\/2022\/10\/Stereo91-20221014-2-768x448.jpeg",640,373,true],"large":["https:\/\/pornuestrolaredo.com\/wp-content\/uploads\/2022\/10\/Stereo91-20221014-2.jpeg",640,373,false],"1536x1536":["https:\/\/pornuestrolaredo.com\/wp-content\/uploads\/2022\/10\/Stereo91-20221014-2.jpeg",1000,583,false],"2048x2048":["https:\/\/pornuestrolaredo.com\/wp-content\/uploads\/2022\/10\/Stereo91-20221014-2.jpeg",1000,583,false],"morenews-large":["https:\/\/pornuestrolaredo.com\/wp-content\/uploads\/2022\/10\/Stereo91-20221014-2.jpeg",825,481,false],"morenews-medium":["https:\/\/pornuestrolaredo.com\/wp-content\/uploads\/2022\/10\/Stereo91-20221014-2.jpeg",590,344,false]},"author_info":{"info":["Redactor"]},"category_info":"<a href=\"https:\/\/pornuestrolaredo.com\/?cat=9\" rel=\"category\">El Mundo<\/a>","tag_info":"El Mundo","comment_count":"0","jetpack_featured_media_url":"https:\/\/pornuestrolaredo.com\/wp-content\/uploads\/2022\/10\/Stereo91-20221014-2.jpeg","jetpack_sharing_enabled":true,"_links":{"self":[{"href":"https:\/\/pornuestrolaredo.com\/index.php?rest_route=\/wp\/v2\/posts\/592","targetHints":{"allow":["GET"]}}],"collection":[{"href":"https:\/\/pornuestrolaredo.com\/index.php?rest_route=\/wp\/v2\/posts"}],"about":[{"href":"https:\/\/pornuestrolaredo.com\/index.php?rest_route=\/wp\/v2\/types\/post"}],"author":[{"embeddable":true,"href":"https:\/\/pornuestrolaredo.com\/index.php?rest_route=\/wp\/v2\/users\/1"}],"replies":[{"embeddable":true,"href":"https:\/\/pornuestrolaredo.com\/index.php?rest_route=%2Fwp%2Fv2%2Fcomments&post=592"}],"version-history":[{"count":1,"href":"https:\/\/pornuestrolaredo.com\/index.php?rest_route=\/wp\/v2\/posts\/592\/revisions"}],"predecessor-version":[{"id":594,"href":"https:\/\/pornuestrolaredo.com\/index.php?rest_route=\/wp\/v2\/posts\/592\/revisions\/594"}],"wp:featuredmedia":[{"embeddable":true,"href":"https:\/\/pornuestrolaredo.com\/index.php?rest_route=\/wp\/v2\/media\/593"}],"wp:attachment":[{"href":"https:\/\/pornuestrolaredo.com\/index.php?rest_route=%2Fwp%2Fv2%2Fmedia&parent=592"}],"wp:term":[{"taxonomy":"category","embeddable":true,"href":"https:\/\/pornuestrolaredo.com\/index.php?rest_route=%2Fwp%2Fv2%2Fcategories&post=592"},{"taxonomy":"post_tag","embeddable":true,"href":"https:\/\/pornuestrolaredo.com\/index.php?rest_route=%2Fwp%2Fv2%2Ftags&post=592"}],"curies":[{"name":"wp","href":"https:\/\/api.w.org\/{rel}","templated":true}]}}