{"id":5925,"date":"2025-02-01T04:07:36","date_gmt":"2025-02-01T04:07:36","guid":{"rendered":"https:\/\/pornuestrolaredo.com\/?p=5925"},"modified":"2025-02-01T04:07:36","modified_gmt":"2025-02-01T04:07:36","slug":"condena-zoe-saldana-comentarios-despectivos-de-karla-sofia","status":"publish","type":"post","link":"https:\/\/pornuestrolaredo.com\/?p=5925","title":{"rendered":"Condena Zoe Salda\u00f1a comentarios despectivos de Karla Sof\u00eda"},"content":{"rendered":"<p><strong>LONDRES.-<\/strong> La actriz Zoe Salda\u00f1a conden\u00f3 los comentarios pol\u00e9micos de su coprotagonista en Emilia P\u00e9rez, Karla Sof\u00eda Gasc\u00f3n, por denigrar al Islam y a George Floyd.<\/p>\n<p>La pol\u00e9mica comenz\u00f3 cuando se revelaron tuits antiguos de Karla Sof\u00eda, algunos de 2016, en los que se hac\u00edan comentarios despectivos sobre la cultura musulmana y sobre George Floyd, el hombre negro cuya muerte a manos de un polic\u00eda blanco desat\u00f3 protestas contra la brutalidad policial.<\/p>\n<p>Durante una sesi\u00f3n de preguntas y respuestas en Londres, Salda\u00f1a afirm\u00f3 que no apoyaba las declaraciones intolerantes de Gasc\u00f3n, quien recientemente se vio envuelta en una controversia debido a tuits antiguos.<\/p>\n<blockquote><p>Todav\u00eda estoy procesando todo lo que ha sucedido en los \u00faltimos d\u00edas y estoy triste&#8221;, declar\u00f3.<\/p><\/blockquote>\n<p>La actriz, que estaba acompa\u00f1ada en el evento por el director Jacques Audiard y los compositores Camille y Cl\u00e9ment Ducol, subray\u00f3 su posici\u00f3n ante las opiniones vertidas por Gasc\u00f3n, quien no pudo asistir al evento debido a la controversia.<\/p>\n<blockquote><p>Me pone muy triste porque no lo apoyo y no tolero ninguna ret\u00f3rica negativa hacia personas de ning\u00fan grupo&#8221;, dijo Salda\u00f1a, quien enfatiz\u00f3 que su experiencia con todos los miembros del equipo de la pel\u00edcula fue de inclusi\u00f3n, respeto y colaboraci\u00f3n.<\/p><\/blockquote>\n<blockquote><p>Mi experiencia y mis interacciones con todos los que fueron parte de esta pel\u00edcula fueron sobre equidad racial, cultural y de g\u00e9nero&#8221;, agreg\u00f3 la actriz, destacando que la pel\u00edcula fue un esfuerzo conjunto enfocado en el amor y el respeto mutuo.<\/p><\/blockquote>\n<p>La actriz de Avatar cerr\u00f3 su intervenci\u00f3n lamentando el rev\u00e9s que representaba esta situaci\u00f3n, pero reiter\u00f3 la importancia del mensaje de Emilia P\u00e9rez, un filme que, seg\u00fan ella, tiene el potencial de generar un cambio en las comunidades marginadas.<\/p>\n<blockquote><p>Lo que puedo dar fe es que todos los que nos unimos para contar esta historia, lo hicimos por amor, respeto y curiosidad. Y continuaremos difundiendo ese mensaje&#8221;, concluy\u00f3.<\/p><\/blockquote>\n<p>Karla Sof\u00eda, nominada al \u00d3scar por su papel en Emilia P\u00e9rez, pidi\u00f3 disculpas por sus publicaciones, indicando que lamentaba profundamente el dolor causado.<\/p>\n<blockquote><p>Toda mi vida he luchado por un mundo mejor&#8221;, expres\u00f3, a\u00f1adiendo que, como miembro de una comunidad marginada, comprend\u00eda el sufrimiento de los dem\u00e1s.<\/p><\/blockquote>\n<p>A pesar de la controversia, Netflix conf\u00eda en que este incidente no afectar\u00e1 las perspectivas de Emilia P\u00e9rez en los pr\u00f3ximos premios \u00d3scar, donde la pel\u00edcula se ha posicionado como una de las m\u00e1s nominadas.<\/p>\n","protected":false},"excerpt":{"rendered":"<p>Salen a la luz p\u00fablica viejos tuits en los que la nominada al \u00d3scar critica al Islam y a George Floyd, v\u00edctima de la brutalidad policiaca<\/p>\n","protected":false},"author":1,"featured_media":5926,"comment_status":"closed","ping_status":"closed","sticky":false,"template":"","format":"standard","meta":{"_crdt_document":"","_jetpack_memberships_contains_paid_content":false,"footnotes":"","jetpack_publicize_message":"","jetpack_publicize_feature_enabled":true,"jetpack_social_post_already_shared":true,"jetpack_social_options":{"image_generator_settings":{"template":"highway","default_image_id":0,"font":"","enabled":false},"version":2},"_wpas_customize_per_network":false},"categories":[34],"tags":[],"class_list":["post-5925","post","type-post","status-publish","format-standard","has-post-thumbnail","hentry","category-farandula"],"magazineBlocksPostFeaturedMedia":{"thumbnail":"https:\/\/pornuestrolaredo.com\/wp-content\/uploads\/2025\/02\/Stereo91-20250131-6-150x150.jpg","medium":"https:\/\/pornuestrolaredo.com\/wp-content\/uploads\/2025\/02\/Stereo91-20250131-6-300x200.jpg","medium_large":"https:\/\/pornuestrolaredo.com\/wp-content\/uploads\/2025\/02\/Stereo91-20250131-6-768x512.jpg","large":"https:\/\/pornuestrolaredo.com\/wp-content\/uploads\/2025\/02\/Stereo91-20250131-6.jpg","1536x1536":"https:\/\/pornuestrolaredo.com\/wp-content\/uploads\/2025\/02\/Stereo91-20250131-6.jpg","2048x2048":"https:\/\/pornuestrolaredo.com\/wp-content\/uploads\/2025\/02\/Stereo91-20250131-6.jpg","morenews-large":"https:\/\/pornuestrolaredo.com\/wp-content\/uploads\/2025\/02\/Stereo91-20250131-6.jpg","morenews-medium":"https:\/\/pornuestrolaredo.com\/wp-content\/uploads\/2025\/02\/Stereo91-20250131-6.jpg"},"magazineBlocksPostAuthor":{"name":"Redactor","avatar":"https:\/\/pornuestrolaredo.com\/wp-content\/litespeed\/avatar\/dca1d7ec750c399f025f23b0b314f4cf.jpg?ver=1777612120"},"magazineBlocksPostCommentsNumber":false,"magazineBlocksPostExcerpt":"Salen a la luz p\u00fablica viejos tuits en los que la nominada al \u00d3scar critica al Islam y a George Floyd, v\u00edctima de la brutalidad policiaca","magazineBlocksPostCategories":["Far\u00e1ndula"],"magazineBlocksPostViewCount":193,"magazineBlocksPostReadTime":3,"magazine_blocks_featured_image_url":{"full":["https:\/\/pornuestrolaredo.com\/wp-content\/uploads\/2025\/02\/Stereo91-20250131-6.jpg",960,640,false],"medium":["https:\/\/pornuestrolaredo.com\/wp-content\/uploads\/2025\/02\/Stereo91-20250131-6-300x200.jpg",300,200,true],"thumbnail":["https:\/\/pornuestrolaredo.com\/wp-content\/uploads\/2025\/02\/Stereo91-20250131-6-150x150.jpg",150,150,true]},"magazine_blocks_author":{"display_name":"Redactor","author_link":"https:\/\/pornuestrolaredo.com\/?author=1"},"magazine_blocks_comment":0,"magazine_blocks_author_image":"https:\/\/pornuestrolaredo.com\/wp-content\/litespeed\/avatar\/dca1d7ec750c399f025f23b0b314f4cf.jpg?ver=1777612120","magazine_blocks_category":"<a href=\"#\" class=\"category-link category-link-34\">Far\u00e1ndula<\/a>","jetpack_publicize_connections":[],"featured_image_urls":{"full":["https:\/\/pornuestrolaredo.com\/wp-content\/uploads\/2025\/02\/Stereo91-20250131-6.jpg",960,640,false],"thumbnail":["https:\/\/pornuestrolaredo.com\/wp-content\/uploads\/2025\/02\/Stereo91-20250131-6-150x150.jpg",150,150,true],"medium":["https:\/\/pornuestrolaredo.com\/wp-content\/uploads\/2025\/02\/Stereo91-20250131-6-300x200.jpg",300,200,true],"medium_large":["https:\/\/pornuestrolaredo.com\/wp-content\/uploads\/2025\/02\/Stereo91-20250131-6-768x512.jpg",640,427,true],"large":["https:\/\/pornuestrolaredo.com\/wp-content\/uploads\/2025\/02\/Stereo91-20250131-6.jpg",640,427,false],"1536x1536":["https:\/\/pornuestrolaredo.com\/wp-content\/uploads\/2025\/02\/Stereo91-20250131-6.jpg",960,640,false],"2048x2048":["https:\/\/pornuestrolaredo.com\/wp-content\/uploads\/2025\/02\/Stereo91-20250131-6.jpg",960,640,false],"morenews-large":["https:\/\/pornuestrolaredo.com\/wp-content\/uploads\/2025\/02\/Stereo91-20250131-6.jpg",825,550,false],"morenews-medium":["https:\/\/pornuestrolaredo.com\/wp-content\/uploads\/2025\/02\/Stereo91-20250131-6.jpg",590,393,false]},"author_info":{"info":["Redactor"]},"category_info":"<a href=\"https:\/\/pornuestrolaredo.com\/?cat=34\" rel=\"category\">Far\u00e1ndula<\/a>","tag_info":"Far\u00e1ndula","comment_count":"0","jetpack_featured_media_url":"https:\/\/pornuestrolaredo.com\/wp-content\/uploads\/2025\/02\/Stereo91-20250131-6.jpg","jetpack_sharing_enabled":true,"_links":{"self":[{"href":"https:\/\/pornuestrolaredo.com\/index.php?rest_route=\/wp\/v2\/posts\/5925","targetHints":{"allow":["GET"]}}],"collection":[{"href":"https:\/\/pornuestrolaredo.com\/index.php?rest_route=\/wp\/v2\/posts"}],"about":[{"href":"https:\/\/pornuestrolaredo.com\/index.php?rest_route=\/wp\/v2\/types\/post"}],"author":[{"embeddable":true,"href":"https:\/\/pornuestrolaredo.com\/index.php?rest_route=\/wp\/v2\/users\/1"}],"replies":[{"embeddable":true,"href":"https:\/\/pornuestrolaredo.com\/index.php?rest_route=%2Fwp%2Fv2%2Fcomments&post=5925"}],"version-history":[{"count":1,"href":"https:\/\/pornuestrolaredo.com\/index.php?rest_route=\/wp\/v2\/posts\/5925\/revisions"}],"predecessor-version":[{"id":5927,"href":"https:\/\/pornuestrolaredo.com\/index.php?rest_route=\/wp\/v2\/posts\/5925\/revisions\/5927"}],"wp:featuredmedia":[{"embeddable":true,"href":"https:\/\/pornuestrolaredo.com\/index.php?rest_route=\/wp\/v2\/media\/5926"}],"wp:attachment":[{"href":"https:\/\/pornuestrolaredo.com\/index.php?rest_route=%2Fwp%2Fv2%2Fmedia&parent=5925"}],"wp:term":[{"taxonomy":"category","embeddable":true,"href":"https:\/\/pornuestrolaredo.com\/index.php?rest_route=%2Fwp%2Fv2%2Fcategories&post=5925"},{"taxonomy":"post_tag","embeddable":true,"href":"https:\/\/pornuestrolaredo.com\/index.php?rest_route=%2Fwp%2Fv2%2Ftags&post=5925"}],"curies":[{"name":"wp","href":"https:\/\/api.w.org\/{rel}","templated":true}]}}