{"id":5938,"date":"2025-02-05T19:10:42","date_gmt":"2025-02-05T19:10:42","guid":{"rendered":"https:\/\/pornuestrolaredo.com\/?p=5938"},"modified":"2025-02-05T19:10:42","modified_gmt":"2025-02-05T19:10:42","slug":"habra-jornada-de-esterilizacion-de-perros-y-gatos-callejeros","status":"publish","type":"post","link":"https:\/\/pornuestrolaredo.com\/?p=5938","title":{"rendered":"Habr\u00e1 jornada de esterilizaci\u00f3n de perros y gatos callejeros"},"content":{"rendered":"<p><strong><em>NUEVO LAREDO.-<\/em><\/strong> Como parte de las acciones preventivas y de protecci\u00f3n a perros y gatos en situaci\u00f3n de calle en Nuevo Laredo, el Gobierno Municipal a trav\u00e9s de la Direcci\u00f3n de Bienestar Animal realizar\u00e1 una jornada de esterilizaci\u00f3n a caninos en situaci\u00f3n de calle.<\/p>\n<p>Mariza Z\u00e1rate Flores, titular de la dependencia se\u00f1al\u00f3 que esta campa\u00f1a ser\u00e1 exclusiva para perros y gatos que hayan sido  rescatados o se encuentren vagando en las calles. <\/p>\n<blockquote><p>Hemos tenido muy buena respuesta de la ciudadan\u00eda, hab\u00eda mucha necesidad que hubiera una direcci\u00f3n \u00fanicamente para atender los casos de maltrato animal, y la protecci\u00f3n animal, hemos tenido mucho trabajo a diario con rescates, seguimos dando el medicamento para los casos de sarna, y ahora viene la campa\u00f1a de esterilizaci\u00f3n gratuita, ya tenemos anotados aproximadamente 205 perritos en situaci\u00f3n de calle y rescatados\u201d, se\u00f1al\u00f3 Z\u00e1rate Flores. <\/p><\/blockquote>\n<p>Agreg\u00f3 que se abrir\u00e1n folios de registros para esterilizaciones al p\u00fablico en general y el registro se har\u00e1 a trav\u00e9s del siguiente enlace: https:\/\/forms.gle\/Q8LCnYrKvzy8w59HA o en la p\u00e1gina de facebook de la dependencia. <\/p>\n<blockquote><p>Vamos a abrir el registro traemos algunos folios disponibles los vamos a abrir al p\u00fablico para todas aquellas personas que tienen alg\u00fan animalito rescatado o en su cuadra que ande por ah\u00ed y que no ha sido esterilizado, va a ser del 19 al 24 de febrero\u201d, asegur\u00f3.<\/p><\/blockquote>\n<p>Indic\u00f3 que en total van a esterilizar a 350 animalitos mediante un procedimiento que realiza una m\u00e9dico veterinaria proveniente de Monterrey, Nuevo Le\u00f3n con un sistema poco invasivo y el animalito se logra recuperar en dos d\u00edas.<\/p>\n","protected":false},"excerpt":{"rendered":"<p>En total van a esterilizar a 350 animalitos mediante un procedimiento que realiza una m\u00e9dico veterinaria proveniente de Monterrey<\/p>\n","protected":false},"author":1,"featured_media":5939,"comment_status":"closed","ping_status":"closed","sticky":false,"template":"","format":"standard","meta":{"_crdt_document":"","_jetpack_memberships_contains_paid_content":false,"footnotes":"","jetpack_publicize_message":"","jetpack_publicize_feature_enabled":true,"jetpack_social_post_already_shared":true,"jetpack_social_options":{"image_generator_settings":{"template":"highway","default_image_id":0,"font":"","enabled":false},"version":2},"_wpas_customize_per_network":false},"categories":[4],"tags":[],"class_list":["post-5938","post","type-post","status-publish","format-standard","has-post-thumbnail","hentry","category-los-dos-laredos"],"magazineBlocksPostFeaturedMedia":{"thumbnail":"https:\/\/pornuestrolaredo.com\/wp-content\/uploads\/2025\/02\/PNL-20250205-1-150x150.jpg","medium":"https:\/\/pornuestrolaredo.com\/wp-content\/uploads\/2025\/02\/PNL-20250205-1-300x200.jpg","medium_large":"https:\/\/pornuestrolaredo.com\/wp-content\/uploads\/2025\/02\/PNL-20250205-1-768x512.jpg","large":"https:\/\/pornuestrolaredo.com\/wp-content\/uploads\/2025\/02\/PNL-20250205-1-1000x666.jpg","1536x1536":"https:\/\/pornuestrolaredo.com\/wp-content\/uploads\/2025\/02\/PNL-20250205-1.jpg","2048x2048":"https:\/\/pornuestrolaredo.com\/wp-content\/uploads\/2025\/02\/PNL-20250205-1.jpg","morenews-large":"https:\/\/pornuestrolaredo.com\/wp-content\/uploads\/2025\/02\/PNL-20250205-1.jpg","morenews-medium":"https:\/\/pornuestrolaredo.com\/wp-content\/uploads\/2025\/02\/PNL-20250205-1.jpg"},"magazineBlocksPostAuthor":{"name":"Redactor","avatar":"https:\/\/pornuestrolaredo.com\/wp-content\/litespeed\/avatar\/dca1d7ec750c399f025f23b0b314f4cf.jpg?ver=1777612120"},"magazineBlocksPostCommentsNumber":false,"magazineBlocksPostExcerpt":"En total van a esterilizar a 350 animalitos mediante un procedimiento que realiza una m\u00e9dico veterinaria proveniente de Monterrey","magazineBlocksPostCategories":["Los dos Laredos"],"magazineBlocksPostViewCount":177,"magazineBlocksPostReadTime":2,"magazine_blocks_featured_image_url":{"full":["https:\/\/pornuestrolaredo.com\/wp-content\/uploads\/2025\/02\/PNL-20250205-1.jpg",1280,853,false],"medium":["https:\/\/pornuestrolaredo.com\/wp-content\/uploads\/2025\/02\/PNL-20250205-1-300x200.jpg",300,200,true],"thumbnail":["https:\/\/pornuestrolaredo.com\/wp-content\/uploads\/2025\/02\/PNL-20250205-1-150x150.jpg",150,150,true]},"magazine_blocks_author":{"display_name":"Redactor","author_link":"https:\/\/pornuestrolaredo.com\/?author=1"},"magazine_blocks_comment":0,"magazine_blocks_author_image":"https:\/\/pornuestrolaredo.com\/wp-content\/litespeed\/avatar\/dca1d7ec750c399f025f23b0b314f4cf.jpg?ver=1777612120","magazine_blocks_category":"<a href=\"#\" class=\"category-link category-link-4\">Los dos Laredos<\/a>","jetpack_publicize_connections":[],"featured_image_urls":{"full":["https:\/\/pornuestrolaredo.com\/wp-content\/uploads\/2025\/02\/PNL-20250205-1.jpg",1280,853,false],"thumbnail":["https:\/\/pornuestrolaredo.com\/wp-content\/uploads\/2025\/02\/PNL-20250205-1-150x150.jpg",150,150,true],"medium":["https:\/\/pornuestrolaredo.com\/wp-content\/uploads\/2025\/02\/PNL-20250205-1-300x200.jpg",300,200,true],"medium_large":["https:\/\/pornuestrolaredo.com\/wp-content\/uploads\/2025\/02\/PNL-20250205-1-768x512.jpg",640,427,true],"large":["https:\/\/pornuestrolaredo.com\/wp-content\/uploads\/2025\/02\/PNL-20250205-1-1000x666.jpg",640,426,true],"1536x1536":["https:\/\/pornuestrolaredo.com\/wp-content\/uploads\/2025\/02\/PNL-20250205-1.jpg",1280,853,false],"2048x2048":["https:\/\/pornuestrolaredo.com\/wp-content\/uploads\/2025\/02\/PNL-20250205-1.jpg",1280,853,false],"morenews-large":["https:\/\/pornuestrolaredo.com\/wp-content\/uploads\/2025\/02\/PNL-20250205-1.jpg",825,550,false],"morenews-medium":["https:\/\/pornuestrolaredo.com\/wp-content\/uploads\/2025\/02\/PNL-20250205-1.jpg",590,393,false]},"author_info":{"info":["Redactor"]},"category_info":"<a href=\"https:\/\/pornuestrolaredo.com\/?cat=4\" rel=\"category\">Los dos Laredos<\/a>","tag_info":"Los dos Laredos","comment_count":"0","jetpack_featured_media_url":"https:\/\/pornuestrolaredo.com\/wp-content\/uploads\/2025\/02\/PNL-20250205-1.jpg","jetpack_sharing_enabled":true,"_links":{"self":[{"href":"https:\/\/pornuestrolaredo.com\/index.php?rest_route=\/wp\/v2\/posts\/5938","targetHints":{"allow":["GET"]}}],"collection":[{"href":"https:\/\/pornuestrolaredo.com\/index.php?rest_route=\/wp\/v2\/posts"}],"about":[{"href":"https:\/\/pornuestrolaredo.com\/index.php?rest_route=\/wp\/v2\/types\/post"}],"author":[{"embeddable":true,"href":"https:\/\/pornuestrolaredo.com\/index.php?rest_route=\/wp\/v2\/users\/1"}],"replies":[{"embeddable":true,"href":"https:\/\/pornuestrolaredo.com\/index.php?rest_route=%2Fwp%2Fv2%2Fcomments&post=5938"}],"version-history":[{"count":1,"href":"https:\/\/pornuestrolaredo.com\/index.php?rest_route=\/wp\/v2\/posts\/5938\/revisions"}],"predecessor-version":[{"id":5940,"href":"https:\/\/pornuestrolaredo.com\/index.php?rest_route=\/wp\/v2\/posts\/5938\/revisions\/5940"}],"wp:featuredmedia":[{"embeddable":true,"href":"https:\/\/pornuestrolaredo.com\/index.php?rest_route=\/wp\/v2\/media\/5939"}],"wp:attachment":[{"href":"https:\/\/pornuestrolaredo.com\/index.php?rest_route=%2Fwp%2Fv2%2Fmedia&parent=5938"}],"wp:term":[{"taxonomy":"category","embeddable":true,"href":"https:\/\/pornuestrolaredo.com\/index.php?rest_route=%2Fwp%2Fv2%2Fcategories&post=5938"},{"taxonomy":"post_tag","embeddable":true,"href":"https:\/\/pornuestrolaredo.com\/index.php?rest_route=%2Fwp%2Fv2%2Ftags&post=5938"}],"curies":[{"name":"wp","href":"https:\/\/api.w.org\/{rel}","templated":true}]}}