{"id":5944,"date":"2025-02-05T20:39:35","date_gmt":"2025-02-05T20:39:35","guid":{"rendered":"https:\/\/pornuestrolaredo.com\/?p=5944"},"modified":"2025-02-05T20:39:35","modified_gmt":"2025-02-05T20:39:35","slug":"arranca-registro-para-la-beca-benito-juarez","status":"publish","type":"post","link":"https:\/\/pornuestrolaredo.com\/?p=5944","title":{"rendered":"Arranca registro para la Beca Benito Ju\u00e1rez"},"content":{"rendered":"<p><strong>CIUDAD DE M\u00c9XICO.- <\/strong>Este 5 de febrero arranc\u00f3 el registro para la Beca Benito Ju\u00e1rez de educaci\u00f3n media superior.<\/p>\n<p>Este apoyo que entrega el Gobierno de M\u00e9xico es universal, es decir, para todas y todos los estudiantes de instituciones p\u00fablicas, inform\u00f3 la Coordinaci\u00f3n de Programas para el Bienestar.<\/p>\n<p>De acuerdo con la matr\u00edcula, 1.8 millones de estudiantes podr\u00e1n registrarse en la plataforma digital que estar\u00e1 habilitada del 5 al 28 de febrero.<\/p>\n<p>En total, la Beca Universal Benito Ju\u00e1rez de Educaci\u00f3n Media Superior prev\u00e9 beneficiar a 4 millones 224 mil 381 estudiantes este a\u00f1o.<\/p>\n<p><strong>DOCUMENTACI\u00d3N<br \/>\n<\/strong>Los documentos que se deber\u00e1n subir digitalmente son:<\/p>\n<p>Becario o becaria:<br \/>\nActa de nacimiento del becario o becaria<br \/>\nCURP del becario o becaria<br \/>\nComprobante de estudios<br \/>\nPadre madre o tutor(a)<\/p>\n<p>Identificaci\u00f3n oficial vigente<br \/>\nCURP<br \/>\nComprobante de domicilio<\/p>\n<p>La p\u00e1gina donde se deber\u00e1 hacer el registro es www.gob.mx\/becasbenitojuarez.<br \/>\nLa plataforma se abri\u00f3 desde las 2:00 de la tarde.<\/p>\n<p><strong>J\u00d3VENES ESCRIBIENDO EL FUTURO<br \/>\n<\/strong><br \/>\nEn el caso del nivel de educaci\u00f3n superior, 147 mil estudiantes que son de nuevo ingreso en el actual ciclo podr\u00e1n registrarse a la beca J\u00f3venes Escribiendo el Futuro.<\/p>\n<p>El registro deber\u00e1 hacerse del 10 al 28 de febrero en la plataforma habilitada en la p\u00e1gina http:\/\/subes.becasbenitojuarez.gob.mx.<\/p>\n<p>Esta beca est\u00e1 dirigida a estudiantes de escasos recursos, de escuelas situadas en localidades prioritarias y de escuelas prioritarias o de cobertura total.<\/p>\n<p>Para este a\u00f1o se prev\u00e9 beneficiar en total a 409 mil 419 estudiantes de nivel superior.<\/p>\n","protected":false},"excerpt":{"rendered":"<p>Se trata de un apoyo para 1.8 millones de estudiantes instituciones p\u00fablicas de Educaci\u00f3n Media Superior<\/p>\n","protected":false},"author":1,"featured_media":5945,"comment_status":"closed","ping_status":"closed","sticky":false,"template":"","format":"standard","meta":{"_crdt_document":"","_jetpack_memberships_contains_paid_content":false,"footnotes":"","jetpack_publicize_message":"","jetpack_publicize_feature_enabled":true,"jetpack_social_post_already_shared":true,"jetpack_social_options":{"image_generator_settings":{"template":"highway","default_image_id":0,"font":"","enabled":false},"version":2},"_wpas_customize_per_network":false},"categories":[33],"tags":[],"class_list":["post-5944","post","type-post","status-publish","format-standard","has-post-thumbnail","hentry","category-mexico"],"magazineBlocksPostFeaturedMedia":{"thumbnail":"https:\/\/pornuestrolaredo.com\/wp-content\/uploads\/2025\/02\/Stereo91-20250205-4-150x150.jpg","medium":"https:\/\/pornuestrolaredo.com\/wp-content\/uploads\/2025\/02\/Stereo91-20250205-4-300x148.jpg","medium_large":"https:\/\/pornuestrolaredo.com\/wp-content\/uploads\/2025\/02\/Stereo91-20250205-4-768x378.jpg","large":"https:\/\/pornuestrolaredo.com\/wp-content\/uploads\/2025\/02\/Stereo91-20250205-4-1000x492.jpg","1536x1536":"https:\/\/pornuestrolaredo.com\/wp-content\/uploads\/2025\/02\/Stereo91-20250205-4.jpg","2048x2048":"https:\/\/pornuestrolaredo.com\/wp-content\/uploads\/2025\/02\/Stereo91-20250205-4.jpg","morenews-large":"https:\/\/pornuestrolaredo.com\/wp-content\/uploads\/2025\/02\/Stereo91-20250205-4.jpg","morenews-medium":"https:\/\/pornuestrolaredo.com\/wp-content\/uploads\/2025\/02\/Stereo91-20250205-4.jpg"},"magazineBlocksPostAuthor":{"name":"Redactor","avatar":"https:\/\/pornuestrolaredo.com\/wp-content\/litespeed\/avatar\/dca1d7ec750c399f025f23b0b314f4cf.jpg?ver=1777612120"},"magazineBlocksPostCommentsNumber":false,"magazineBlocksPostExcerpt":"Se trata de un apoyo para 1.8 millones de estudiantes instituciones p\u00fablicas de Educaci\u00f3n Media Superior","magazineBlocksPostCategories":["Mexico"],"magazineBlocksPostViewCount":180,"magazineBlocksPostReadTime":2,"magazine_blocks_featured_image_url":{"full":["https:\/\/pornuestrolaredo.com\/wp-content\/uploads\/2025\/02\/Stereo91-20250205-4.jpg",1280,630,false],"medium":["https:\/\/pornuestrolaredo.com\/wp-content\/uploads\/2025\/02\/Stereo91-20250205-4-300x148.jpg",300,148,true],"thumbnail":["https:\/\/pornuestrolaredo.com\/wp-content\/uploads\/2025\/02\/Stereo91-20250205-4-150x150.jpg",150,150,true]},"magazine_blocks_author":{"display_name":"Redactor","author_link":"https:\/\/pornuestrolaredo.com\/?author=1"},"magazine_blocks_comment":0,"magazine_blocks_author_image":"https:\/\/pornuestrolaredo.com\/wp-content\/litespeed\/avatar\/dca1d7ec750c399f025f23b0b314f4cf.jpg?ver=1777612120","magazine_blocks_category":"<a href=\"#\" class=\"category-link category-link-33\">Mexico<\/a>","jetpack_publicize_connections":[],"featured_image_urls":{"full":["https:\/\/pornuestrolaredo.com\/wp-content\/uploads\/2025\/02\/Stereo91-20250205-4.jpg",1280,630,false],"thumbnail":["https:\/\/pornuestrolaredo.com\/wp-content\/uploads\/2025\/02\/Stereo91-20250205-4-150x150.jpg",150,150,true],"medium":["https:\/\/pornuestrolaredo.com\/wp-content\/uploads\/2025\/02\/Stereo91-20250205-4-300x148.jpg",300,148,true],"medium_large":["https:\/\/pornuestrolaredo.com\/wp-content\/uploads\/2025\/02\/Stereo91-20250205-4-768x378.jpg",640,315,true],"large":["https:\/\/pornuestrolaredo.com\/wp-content\/uploads\/2025\/02\/Stereo91-20250205-4-1000x492.jpg",640,315,true],"1536x1536":["https:\/\/pornuestrolaredo.com\/wp-content\/uploads\/2025\/02\/Stereo91-20250205-4.jpg",1280,630,false],"2048x2048":["https:\/\/pornuestrolaredo.com\/wp-content\/uploads\/2025\/02\/Stereo91-20250205-4.jpg",1280,630,false],"morenews-large":["https:\/\/pornuestrolaredo.com\/wp-content\/uploads\/2025\/02\/Stereo91-20250205-4.jpg",825,406,false],"morenews-medium":["https:\/\/pornuestrolaredo.com\/wp-content\/uploads\/2025\/02\/Stereo91-20250205-4.jpg",590,290,false]},"author_info":{"info":["Redactor"]},"category_info":"<a href=\"https:\/\/pornuestrolaredo.com\/?cat=33\" rel=\"category\">Mexico<\/a>","tag_info":"Mexico","comment_count":"0","jetpack_featured_media_url":"https:\/\/pornuestrolaredo.com\/wp-content\/uploads\/2025\/02\/Stereo91-20250205-4.jpg","jetpack_sharing_enabled":true,"_links":{"self":[{"href":"https:\/\/pornuestrolaredo.com\/index.php?rest_route=\/wp\/v2\/posts\/5944","targetHints":{"allow":["GET"]}}],"collection":[{"href":"https:\/\/pornuestrolaredo.com\/index.php?rest_route=\/wp\/v2\/posts"}],"about":[{"href":"https:\/\/pornuestrolaredo.com\/index.php?rest_route=\/wp\/v2\/types\/post"}],"author":[{"embeddable":true,"href":"https:\/\/pornuestrolaredo.com\/index.php?rest_route=\/wp\/v2\/users\/1"}],"replies":[{"embeddable":true,"href":"https:\/\/pornuestrolaredo.com\/index.php?rest_route=%2Fwp%2Fv2%2Fcomments&post=5944"}],"version-history":[{"count":1,"href":"https:\/\/pornuestrolaredo.com\/index.php?rest_route=\/wp\/v2\/posts\/5944\/revisions"}],"predecessor-version":[{"id":5946,"href":"https:\/\/pornuestrolaredo.com\/index.php?rest_route=\/wp\/v2\/posts\/5944\/revisions\/5946"}],"wp:featuredmedia":[{"embeddable":true,"href":"https:\/\/pornuestrolaredo.com\/index.php?rest_route=\/wp\/v2\/media\/5945"}],"wp:attachment":[{"href":"https:\/\/pornuestrolaredo.com\/index.php?rest_route=%2Fwp%2Fv2%2Fmedia&parent=5944"}],"wp:term":[{"taxonomy":"category","embeddable":true,"href":"https:\/\/pornuestrolaredo.com\/index.php?rest_route=%2Fwp%2Fv2%2Fcategories&post=5944"},{"taxonomy":"post_tag","embeddable":true,"href":"https:\/\/pornuestrolaredo.com\/index.php?rest_route=%2Fwp%2Fv2%2Ftags&post=5944"}],"curies":[{"name":"wp","href":"https:\/\/api.w.org\/{rel}","templated":true}]}}