{"id":5947,"date":"2025-02-06T17:26:22","date_gmt":"2025-02-06T17:26:22","guid":{"rendered":"https:\/\/pornuestrolaredo.com\/?p=5947"},"modified":"2025-02-06T18:21:41","modified_gmt":"2025-02-06T18:21:41","slug":"ofrecera-la-uat-dos-nuevas-carreras-en-nld","status":"publish","type":"post","link":"https:\/\/pornuestrolaredo.com\/?p=5947","title":{"rendered":"Ofrecer\u00e1 la UAT dos nuevas carreras en NLD"},"content":{"rendered":"<p><strong><em>CIUDAD VICTORIA.- <\/em><\/strong>La Universidad Aut\u00f3noma de Tamaulipas ampliar\u00e1 su oferta acad\u00e9mica con la incorporaci\u00f3n de trece programas educativos, con dos de esas carreras en la Facultad de Comercio, Administraci\u00f3n y Ciencias Sociales de Nuevo Laredo.<\/p>\n<p>El rector de la UAT, rector D\u00e1maso Anaya Alvarado, anunci\u00f3 que en Nuevo Laredo se impartir\u00e1n las carreras de Licenciatura en Psicolog\u00eda y la Licenciatura en Autotransporte de Carga.<\/p>\n<p>La idea, dijo Anaya Alvarado, es brindar m\u00e1s oportunidades a la juventud tamaulipeca.<\/p>\n<p>Se abrir\u00e1n ocho programas de reciente creaci\u00f3n, mientras que cinco de las carreras con las que ya cuenta la UAT ser\u00e1n una nueva opci\u00f3n en otras sedes universitarias del estado, lo que permitir\u00e1 ampliar la cobertura para el pr\u00f3ximo ciclo escolar que inicia en agosto de 2025.<\/p>\n<p>Fuera de Nuevo Laredo se ofrecen en la Unidad Acad\u00e9mica Multidisciplinaria R\u00edo Bravo la carrera de Ingeniero Agr\u00f3nomo y en la Unidad Acad\u00e9mica Multidisciplinaria Reynosa Rodhe se incorporar\u00e1 la carrera de Contador P\u00fablico y Finanzas.<\/p>\n<p>La Facultad de Ingenier\u00eda Tampico sumar\u00e1 a su oferta dos carreras: Ingenier\u00eda en Desarrollo Sostenible e Ingenier\u00eda en Ciencia de Datos e Inteligencia Artificial; mientras que la Facultad de Medicina de Tampico incluir\u00e1: Ingeniero Biom\u00e9dico, Licenciado en Atenci\u00f3n Profesional de la Salud y Licenciado en Ciencias Aplicadas al Deporte y Ejercicio.<\/p>\n<p>En la Unidad Acad\u00e9mica Multidisciplinaria Reynosa Aztl\u00e1n se ofrecer\u00e1n las licenciaturas en Psicolog\u00eda, Derecho y Enfermer\u00eda; y, finalmente, la Facultad de Ingenier\u00eda y Ciencias del Campus Victoria abrir\u00e1 la carrera de Ingeniero en Ciencia de Datos, en modalidad a distancia.<\/p>\n<p>Con esta iniciativa, la UAT refuerza su liderazgo en la educaci\u00f3n superior de Tamaulipas, y reafirma el compromiso del rector D\u00e1maso Anaya de sostener un permanente di\u00e1logo con estudiantes, egresados, empleadores, docentes e investigadores para identificar necesidades clave del sector social y productivo y dise\u00f1ar una oferta acad\u00e9mica alineada con las demandas y el potencial de las regiones del estado.<\/p>\n","protected":false},"excerpt":{"rendered":"<p>Se trata de la Licenciatura en Psicolog\u00eda y la Licenciatura en Autotransporte de Carga<\/p>\n","protected":false},"author":1,"featured_media":5953,"comment_status":"closed","ping_status":"closed","sticky":false,"template":"","format":"standard","meta":{"_crdt_document":"","_jetpack_memberships_contains_paid_content":false,"footnotes":"","jetpack_publicize_message":"","jetpack_publicize_feature_enabled":true,"jetpack_social_post_already_shared":true,"jetpack_social_options":{"image_generator_settings":{"template":"highway","default_image_id":0,"font":"","enabled":false},"version":2},"_wpas_customize_per_network":false},"categories":[4],"tags":[],"class_list":["post-5947","post","type-post","status-publish","format-standard","has-post-thumbnail","hentry","category-los-dos-laredos"],"magazineBlocksPostFeaturedMedia":{"thumbnail":"https:\/\/pornuestrolaredo.com\/wp-content\/uploads\/2025\/02\/Stereo91-20250206-1-150x150.jpg","medium":"https:\/\/pornuestrolaredo.com\/wp-content\/uploads\/2025\/02\/Stereo91-20250206-1-300x200.jpg","medium_large":"https:\/\/pornuestrolaredo.com\/wp-content\/uploads\/2025\/02\/Stereo91-20250206-1-768x512.jpg","large":"https:\/\/pornuestrolaredo.com\/wp-content\/uploads\/2025\/02\/Stereo91-20250206-1-1000x667.jpg","1536x1536":"https:\/\/pornuestrolaredo.com\/wp-content\/uploads\/2025\/02\/Stereo91-20250206-1-1536x1024.jpg","2048x2048":"https:\/\/pornuestrolaredo.com\/wp-content\/uploads\/2025\/02\/Stereo91-20250206-1-2048x1365.jpg","morenews-large":"https:\/\/pornuestrolaredo.com\/wp-content\/uploads\/2025\/02\/Stereo91-20250206-1-scaled.jpg","morenews-medium":"https:\/\/pornuestrolaredo.com\/wp-content\/uploads\/2025\/02\/Stereo91-20250206-1-scaled.jpg"},"magazineBlocksPostAuthor":{"name":"Redactor","avatar":"https:\/\/pornuestrolaredo.com\/wp-content\/litespeed\/avatar\/dca1d7ec750c399f025f23b0b314f4cf.jpg?ver=1777612120"},"magazineBlocksPostCommentsNumber":false,"magazineBlocksPostExcerpt":"Se trata de la Licenciatura en Psicolog\u00eda y la Licenciatura en Autotransporte de Carga","magazineBlocksPostCategories":["Los dos Laredos"],"magazineBlocksPostViewCount":182,"magazineBlocksPostReadTime":2,"magazine_blocks_featured_image_url":{"full":["https:\/\/pornuestrolaredo.com\/wp-content\/uploads\/2025\/02\/Stereo91-20250206-1-scaled.jpg",2560,1707,false],"medium":["https:\/\/pornuestrolaredo.com\/wp-content\/uploads\/2025\/02\/Stereo91-20250206-1-300x200.jpg",300,200,true],"thumbnail":["https:\/\/pornuestrolaredo.com\/wp-content\/uploads\/2025\/02\/Stereo91-20250206-1-150x150.jpg",150,150,true]},"magazine_blocks_author":{"display_name":"Redactor","author_link":"https:\/\/pornuestrolaredo.com\/?author=1"},"magazine_blocks_comment":0,"magazine_blocks_author_image":"https:\/\/pornuestrolaredo.com\/wp-content\/litespeed\/avatar\/dca1d7ec750c399f025f23b0b314f4cf.jpg?ver=1777612120","magazine_blocks_category":"<a href=\"#\" class=\"category-link category-link-4\">Los dos Laredos<\/a>","jetpack_publicize_connections":[],"featured_image_urls":{"full":["https:\/\/pornuestrolaredo.com\/wp-content\/uploads\/2025\/02\/Stereo91-20250206-1-scaled.jpg",2560,1707,false],"thumbnail":["https:\/\/pornuestrolaredo.com\/wp-content\/uploads\/2025\/02\/Stereo91-20250206-1-150x150.jpg",150,150,true],"medium":["https:\/\/pornuestrolaredo.com\/wp-content\/uploads\/2025\/02\/Stereo91-20250206-1-300x200.jpg",300,200,true],"medium_large":["https:\/\/pornuestrolaredo.com\/wp-content\/uploads\/2025\/02\/Stereo91-20250206-1-768x512.jpg",640,427,true],"large":["https:\/\/pornuestrolaredo.com\/wp-content\/uploads\/2025\/02\/Stereo91-20250206-1-1000x667.jpg",640,427,true],"1536x1536":["https:\/\/pornuestrolaredo.com\/wp-content\/uploads\/2025\/02\/Stereo91-20250206-1-1536x1024.jpg",1536,1024,true],"2048x2048":["https:\/\/pornuestrolaredo.com\/wp-content\/uploads\/2025\/02\/Stereo91-20250206-1-2048x1365.jpg",2048,1365,true],"morenews-large":["https:\/\/pornuestrolaredo.com\/wp-content\/uploads\/2025\/02\/Stereo91-20250206-1-scaled.jpg",825,550,false],"morenews-medium":["https:\/\/pornuestrolaredo.com\/wp-content\/uploads\/2025\/02\/Stereo91-20250206-1-scaled.jpg",590,393,false]},"author_info":{"info":["Redactor"]},"category_info":"<a href=\"https:\/\/pornuestrolaredo.com\/?cat=4\" rel=\"category\">Los dos Laredos<\/a>","tag_info":"Los dos Laredos","comment_count":"0","jetpack_featured_media_url":"https:\/\/pornuestrolaredo.com\/wp-content\/uploads\/2025\/02\/Stereo91-20250206-1-scaled.jpg","jetpack_sharing_enabled":true,"_links":{"self":[{"href":"https:\/\/pornuestrolaredo.com\/index.php?rest_route=\/wp\/v2\/posts\/5947","targetHints":{"allow":["GET"]}}],"collection":[{"href":"https:\/\/pornuestrolaredo.com\/index.php?rest_route=\/wp\/v2\/posts"}],"about":[{"href":"https:\/\/pornuestrolaredo.com\/index.php?rest_route=\/wp\/v2\/types\/post"}],"author":[{"embeddable":true,"href":"https:\/\/pornuestrolaredo.com\/index.php?rest_route=\/wp\/v2\/users\/1"}],"replies":[{"embeddable":true,"href":"https:\/\/pornuestrolaredo.com\/index.php?rest_route=%2Fwp%2Fv2%2Fcomments&post=5947"}],"version-history":[{"count":1,"href":"https:\/\/pornuestrolaredo.com\/index.php?rest_route=\/wp\/v2\/posts\/5947\/revisions"}],"predecessor-version":[{"id":5948,"href":"https:\/\/pornuestrolaredo.com\/index.php?rest_route=\/wp\/v2\/posts\/5947\/revisions\/5948"}],"wp:featuredmedia":[{"embeddable":true,"href":"https:\/\/pornuestrolaredo.com\/index.php?rest_route=\/wp\/v2\/media\/5953"}],"wp:attachment":[{"href":"https:\/\/pornuestrolaredo.com\/index.php?rest_route=%2Fwp%2Fv2%2Fmedia&parent=5947"}],"wp:term":[{"taxonomy":"category","embeddable":true,"href":"https:\/\/pornuestrolaredo.com\/index.php?rest_route=%2Fwp%2Fv2%2Fcategories&post=5947"},{"taxonomy":"post_tag","embeddable":true,"href":"https:\/\/pornuestrolaredo.com\/index.php?rest_route=%2Fwp%2Fv2%2Ftags&post=5947"}],"curies":[{"name":"wp","href":"https:\/\/api.w.org\/{rel}","templated":true}]}}