{"id":5949,"date":"2025-02-06T17:52:40","date_gmt":"2025-02-06T17:52:40","guid":{"rendered":"https:\/\/pornuestrolaredo.com\/?p=5949"},"modified":"2025-02-06T18:20:08","modified_gmt":"2025-02-06T18:20:08","slug":"llevara-gobierno-municipal-programa-empleo-en-tu-colonia-al-poniente-de-la-ciudad","status":"publish","type":"post","link":"https:\/\/pornuestrolaredo.com\/?p=5949","title":{"rendered":"Llevar\u00e1 Gobierno Municipal programa \u2018Empleo en tu Colonia&#8217; al poniente de la ciudad"},"content":{"rendered":"<p><strong>NUEVO LAREDO.- <\/strong>Con el firme compromiso de impulsar el empleo y la econom\u00eda local, el Gobierno de Nuevo Laredo, a trav\u00e9s de la Secretar\u00eda de Desarrollo Econ\u00f3mico, llevar\u00e1 a cabo una nueva edici\u00f3n del programa &#8220;Empleo en Tu Colonia&#8221; el pr\u00f3ximo lunes 10 de febrero.<\/p>\n<p>El evento se realizar\u00e1 en el estacionamiento de Soriana Carrizo, ubicado en Belden #7435, colonia Buena Vista, en un horario de 9:00 AM a 1:00 PM. En esta jornada laboral, los asistentes podr\u00e1n acceder a m\u00e1s de 400 vacantes en diversos sectores productivos, entre ellos:<\/p>\n<p>    Maquiladoras<br \/>\n    Empresas de transporte<br \/>\n    Agencias aduanales<br \/>\n    Empresas comerciales y de servicios<\/p>\n<p>Para agilizar su proceso, los interesados pueden registrarse previamente en el siguiente enlace: https:\/\/ee.kobotoolbox.org\/x\/ogVZQqy4<\/p>\n<p>Se recomienda a los solicitantes presentarse con su solicitud de empleo elaborada y\/o curr\u00edculum, a fin de aumentar sus posibilidades de ser contratados en alguna de las empresas participantes.<\/p>\n","protected":false},"excerpt":{"rendered":"<p>El evento se realizar\u00e1 en el estacionamiento de Soriana Carrizo, ubicado en Belden #7435, colonia Buena Vista<\/p>\n","protected":false},"author":1,"featured_media":5950,"comment_status":"closed","ping_status":"closed","sticky":false,"template":"","format":"standard","meta":{"_crdt_document":"","_jetpack_memberships_contains_paid_content":false,"footnotes":"","jetpack_publicize_message":"","jetpack_publicize_feature_enabled":true,"jetpack_social_post_already_shared":true,"jetpack_social_options":{"image_generator_settings":{"template":"highway","default_image_id":0,"font":"","enabled":false},"version":2},"_wpas_customize_per_network":false},"categories":[5,4],"tags":[],"class_list":["post-5949","post","type-post","status-publish","format-standard","has-post-thumbnail","hentry","category-dos-laredos","category-los-dos-laredos"],"magazineBlocksPostFeaturedMedia":{"thumbnail":"https:\/\/pornuestrolaredo.com\/wp-content\/uploads\/2025\/02\/PNL-20250206-4-150x150.jpg","medium":"https:\/\/pornuestrolaredo.com\/wp-content\/uploads\/2025\/02\/PNL-20250206-4-300x200.jpg","medium_large":"https:\/\/pornuestrolaredo.com\/wp-content\/uploads\/2025\/02\/PNL-20250206-4-768x513.jpg","large":"https:\/\/pornuestrolaredo.com\/wp-content\/uploads\/2025\/02\/PNL-20250206-4.jpg","1536x1536":"https:\/\/pornuestrolaredo.com\/wp-content\/uploads\/2025\/02\/PNL-20250206-4.jpg","2048x2048":"https:\/\/pornuestrolaredo.com\/wp-content\/uploads\/2025\/02\/PNL-20250206-4.jpg","morenews-large":"https:\/\/pornuestrolaredo.com\/wp-content\/uploads\/2025\/02\/PNL-20250206-4.jpg","morenews-medium":"https:\/\/pornuestrolaredo.com\/wp-content\/uploads\/2025\/02\/PNL-20250206-4.jpg"},"magazineBlocksPostAuthor":{"name":"Redactor","avatar":"https:\/\/pornuestrolaredo.com\/wp-content\/litespeed\/avatar\/dca1d7ec750c399f025f23b0b314f4cf.jpg?ver=1777612120"},"magazineBlocksPostCommentsNumber":false,"magazineBlocksPostExcerpt":"El evento se realizar\u00e1 en el estacionamiento de Soriana Carrizo, ubicado en Belden #7435, colonia Buena Vista","magazineBlocksPostCategories":["Dos Laredos","Los dos Laredos"],"magazineBlocksPostViewCount":141,"magazineBlocksPostReadTime":1,"magazine_blocks_featured_image_url":{"full":["https:\/\/pornuestrolaredo.com\/wp-content\/uploads\/2025\/02\/PNL-20250206-4.jpg",850,568,false],"medium":["https:\/\/pornuestrolaredo.com\/wp-content\/uploads\/2025\/02\/PNL-20250206-4-300x200.jpg",300,200,true],"thumbnail":["https:\/\/pornuestrolaredo.com\/wp-content\/uploads\/2025\/02\/PNL-20250206-4-150x150.jpg",150,150,true]},"magazine_blocks_author":{"display_name":"Redactor","author_link":"https:\/\/pornuestrolaredo.com\/?author=1"},"magazine_blocks_comment":0,"magazine_blocks_author_image":"https:\/\/pornuestrolaredo.com\/wp-content\/litespeed\/avatar\/dca1d7ec750c399f025f23b0b314f4cf.jpg?ver=1777612120","magazine_blocks_category":"<a href=\"#\" class=\"category-link category-link-5\">Dos Laredos<\/a> <a href=\"#\" class=\"category-link category-link-4\">Los dos Laredos<\/a>","jetpack_publicize_connections":[],"featured_image_urls":{"full":["https:\/\/pornuestrolaredo.com\/wp-content\/uploads\/2025\/02\/PNL-20250206-4.jpg",850,568,false],"thumbnail":["https:\/\/pornuestrolaredo.com\/wp-content\/uploads\/2025\/02\/PNL-20250206-4-150x150.jpg",150,150,true],"medium":["https:\/\/pornuestrolaredo.com\/wp-content\/uploads\/2025\/02\/PNL-20250206-4-300x200.jpg",300,200,true],"medium_large":["https:\/\/pornuestrolaredo.com\/wp-content\/uploads\/2025\/02\/PNL-20250206-4-768x513.jpg",640,428,true],"large":["https:\/\/pornuestrolaredo.com\/wp-content\/uploads\/2025\/02\/PNL-20250206-4.jpg",640,428,false],"1536x1536":["https:\/\/pornuestrolaredo.com\/wp-content\/uploads\/2025\/02\/PNL-20250206-4.jpg",850,568,false],"2048x2048":["https:\/\/pornuestrolaredo.com\/wp-content\/uploads\/2025\/02\/PNL-20250206-4.jpg",850,568,false],"morenews-large":["https:\/\/pornuestrolaredo.com\/wp-content\/uploads\/2025\/02\/PNL-20250206-4.jpg",825,551,false],"morenews-medium":["https:\/\/pornuestrolaredo.com\/wp-content\/uploads\/2025\/02\/PNL-20250206-4.jpg",590,394,false]},"author_info":{"info":["Redactor"]},"category_info":"<a href=\"https:\/\/pornuestrolaredo.com\/?cat=5\" rel=\"category\">Dos Laredos<\/a> <a href=\"https:\/\/pornuestrolaredo.com\/?cat=4\" rel=\"category\">Los dos Laredos<\/a>","tag_info":"Los dos Laredos","comment_count":"0","jetpack_featured_media_url":"https:\/\/pornuestrolaredo.com\/wp-content\/uploads\/2025\/02\/PNL-20250206-4.jpg","jetpack_sharing_enabled":true,"_links":{"self":[{"href":"https:\/\/pornuestrolaredo.com\/index.php?rest_route=\/wp\/v2\/posts\/5949","targetHints":{"allow":["GET"]}}],"collection":[{"href":"https:\/\/pornuestrolaredo.com\/index.php?rest_route=\/wp\/v2\/posts"}],"about":[{"href":"https:\/\/pornuestrolaredo.com\/index.php?rest_route=\/wp\/v2\/types\/post"}],"author":[{"embeddable":true,"href":"https:\/\/pornuestrolaredo.com\/index.php?rest_route=\/wp\/v2\/users\/1"}],"replies":[{"embeddable":true,"href":"https:\/\/pornuestrolaredo.com\/index.php?rest_route=%2Fwp%2Fv2%2Fcomments&post=5949"}],"version-history":[{"count":1,"href":"https:\/\/pornuestrolaredo.com\/index.php?rest_route=\/wp\/v2\/posts\/5949\/revisions"}],"predecessor-version":[{"id":5951,"href":"https:\/\/pornuestrolaredo.com\/index.php?rest_route=\/wp\/v2\/posts\/5949\/revisions\/5951"}],"wp:featuredmedia":[{"embeddable":true,"href":"https:\/\/pornuestrolaredo.com\/index.php?rest_route=\/wp\/v2\/media\/5950"}],"wp:attachment":[{"href":"https:\/\/pornuestrolaredo.com\/index.php?rest_route=%2Fwp%2Fv2%2Fmedia&parent=5949"}],"wp:term":[{"taxonomy":"category","embeddable":true,"href":"https:\/\/pornuestrolaredo.com\/index.php?rest_route=%2Fwp%2Fv2%2Fcategories&post=5949"},{"taxonomy":"post_tag","embeddable":true,"href":"https:\/\/pornuestrolaredo.com\/index.php?rest_route=%2Fwp%2Fv2%2Ftags&post=5949"}],"curies":[{"name":"wp","href":"https:\/\/api.w.org\/{rel}","templated":true}]}}