{"id":595,"date":"2022-10-14T17:29:48","date_gmt":"2022-10-14T17:29:48","guid":{"rendered":"https:\/\/pornuestrolaredo.com\/?p=595"},"modified":"2022-10-14T17:29:48","modified_gmt":"2022-10-14T17:29:48","slug":"%ef%bf%bcva-biden-por-tacos-e-invita-a-los-clientes","status":"publish","type":"post","link":"https:\/\/pornuestrolaredo.com\/?p=595","title":{"rendered":"\ufffcVa Biden por tacos e invita a los clientes"},"content":{"rendered":"\n<p class=\"wp-block-paragraph\"><strong><em>OS \u00c1NGELES.-<\/em><\/strong> Una vez m\u00e1s, el presidente Jose Biden mostr\u00f3 que gusta de la comida mexicana al hacer una parada en la taquer\u00eda Tacos 1986 en el vecindario de Westwood y hasta pag\u00f3 la cuenta de otros clientes.<\/p>\n\n\n\n<p class=\"wp-block-paragraph\">Biden iba acompa\u00f1ado de la representante dem\u00f3crata Karen Bass y de Hilda Sol\u00eds, miembro de la Junta de Supervisores del Condado de Los \u00c1ngeles, compr\u00f3 comida y pag\u00f3 la de futuros clientes.<\/p>\n\n\n\n<blockquote class=\"wp-block-quote is-layout-flow wp-block-quote-is-layout-flow\"><p>Orden para llevar de Bass\u201d, dijo Biden a un trabajador al llegar al establecimiento despu\u00e9s de saludarlo, mientras llevaba unos d\u00f3lares en las manos.<\/p><\/blockquote>\n\n\n\n<p class=\"wp-block-paragraph\">Sol\u00eds, por su parte, pregunt\u00f3 a los empleados si conoc\u00edan a Biden y uno de ellos contest\u00f3 en espa\u00f1ol: &#8220;S\u00ed, c\u00f3mo no. \u00bfC\u00f3mo est\u00e1 presidente?&#8221;.<\/p>\n\n\n\n<p class=\"wp-block-paragraph\">A Biden le fue aplicado el 50 por ciento de descuento en su orden, debido a que Tacos 1986 da esta promoci\u00f3n para los servidores p\u00fablicos. El total de la orden fueron 16 d\u00f3lares, pero el Mandatario pag\u00f3 al cajero 60 d\u00f3lares, pidi\u00e9ndole que el resto se usara para que los siguientes clientes tuvieran comida gratis.<\/p>\n\n\n\n<p class=\"wp-block-paragraph\">Esta no es la primera vez que el presidente es captado en lugares de comida mexicana. Cuando era aspirante a la nominaci\u00f3n dem\u00f3crata a la Presidencia, Biden fue por tacos a Las Vegas. Y el 5 de mayo, el mandatario y su esposa Jill Biden ofrecieron en Washington tacos en una ceremonia a la que asisti\u00f3 la esposa del presidente Andr\u00e9s Manuel L\u00f3pez Obrador.<\/p>\n","protected":false},"excerpt":{"rendered":"<p>OS \u00c1NGELES.- Una vez m\u00e1s, el presidente Jose Biden mostr\u00f3 que gusta de la comida mexicana al hacer<\/p>\n","protected":false},"author":1,"featured_media":596,"comment_status":"open","ping_status":"open","sticky":false,"template":"","format":"standard","meta":{"_crdt_document":"","_jetpack_memberships_contains_paid_content":false,"footnotes":"","jetpack_publicize_message":"Paga 16 d\u00f3lares, pero deja 60 para que los siguientes comensales tuvieran comida gratis","jetpack_publicize_feature_enabled":true,"jetpack_social_post_already_shared":true,"jetpack_social_options":{"image_generator_settings":{"template":"highway","default_image_id":0,"font":"","enabled":false},"version":2},"_wpas_customize_per_network":false},"categories":[9],"tags":[],"class_list":["post-595","post","type-post","status-publish","format-standard","has-post-thumbnail","hentry","category-el-mundo"],"magazineBlocksPostFeaturedMedia":{"thumbnail":"https:\/\/pornuestrolaredo.com\/wp-content\/uploads\/2022\/10\/Stereo91-20221014-3-150x150.jpeg","medium":"https:\/\/pornuestrolaredo.com\/wp-content\/uploads\/2022\/10\/Stereo91-20221014-3-300x200.jpeg","medium_large":"https:\/\/pornuestrolaredo.com\/wp-content\/uploads\/2022\/10\/Stereo91-20221014-3-768x512.jpeg","large":"https:\/\/pornuestrolaredo.com\/wp-content\/uploads\/2022\/10\/Stereo91-20221014-3-1024x682.jpeg","1536x1536":"https:\/\/pornuestrolaredo.com\/wp-content\/uploads\/2022\/10\/Stereo91-20221014-3-1536x1023.jpeg","2048x2048":"https:\/\/pornuestrolaredo.com\/wp-content\/uploads\/2022\/10\/Stereo91-20221014-3.jpeg","morenews-large":"https:\/\/pornuestrolaredo.com\/wp-content\/uploads\/2022\/10\/Stereo91-20221014-3.jpeg","morenews-medium":"https:\/\/pornuestrolaredo.com\/wp-content\/uploads\/2022\/10\/Stereo91-20221014-3.jpeg"},"magazineBlocksPostAuthor":{"name":"Redactor","avatar":"https:\/\/pornuestrolaredo.com\/wp-content\/litespeed\/avatar\/dca1d7ec750c399f025f23b0b314f4cf.jpg?ver=1777612120"},"magazineBlocksPostCommentsNumber":false,"magazineBlocksPostExcerpt":"OS \u00c1NGELES.- Una vez m\u00e1s, el presidente Jose Biden mostr\u00f3 que gusta de la comida mexicana al hacer","magazineBlocksPostCategories":["El Mundo"],"magazineBlocksPostViewCount":121,"magazineBlocksPostReadTime":2,"magazine_blocks_featured_image_url":{"full":["https:\/\/pornuestrolaredo.com\/wp-content\/uploads\/2022\/10\/Stereo91-20221014-3.jpeg",1600,1066,false],"medium":["https:\/\/pornuestrolaredo.com\/wp-content\/uploads\/2022\/10\/Stereo91-20221014-3-300x200.jpeg",300,200,true],"thumbnail":["https:\/\/pornuestrolaredo.com\/wp-content\/uploads\/2022\/10\/Stereo91-20221014-3-150x150.jpeg",150,150,true]},"magazine_blocks_author":{"display_name":"Redactor","author_link":"https:\/\/pornuestrolaredo.com\/?author=1"},"magazine_blocks_comment":0,"magazine_blocks_author_image":"https:\/\/pornuestrolaredo.com\/wp-content\/litespeed\/avatar\/dca1d7ec750c399f025f23b0b314f4cf.jpg?ver=1777612120","magazine_blocks_category":"<a href=\"#\" class=\"category-link category-link-9\">El Mundo<\/a>","jetpack_publicize_connections":[],"featured_image_urls":{"full":["https:\/\/pornuestrolaredo.com\/wp-content\/uploads\/2022\/10\/Stereo91-20221014-3.jpeg",1600,1066,false],"thumbnail":["https:\/\/pornuestrolaredo.com\/wp-content\/uploads\/2022\/10\/Stereo91-20221014-3-150x150.jpeg",150,150,true],"medium":["https:\/\/pornuestrolaredo.com\/wp-content\/uploads\/2022\/10\/Stereo91-20221014-3-300x200.jpeg",300,200,true],"medium_large":["https:\/\/pornuestrolaredo.com\/wp-content\/uploads\/2022\/10\/Stereo91-20221014-3-768x512.jpeg",640,427,true],"large":["https:\/\/pornuestrolaredo.com\/wp-content\/uploads\/2022\/10\/Stereo91-20221014-3-1024x682.jpeg",640,426,true],"1536x1536":["https:\/\/pornuestrolaredo.com\/wp-content\/uploads\/2022\/10\/Stereo91-20221014-3-1536x1023.jpeg",1536,1023,true],"2048x2048":["https:\/\/pornuestrolaredo.com\/wp-content\/uploads\/2022\/10\/Stereo91-20221014-3.jpeg",1600,1066,false],"morenews-large":["https:\/\/pornuestrolaredo.com\/wp-content\/uploads\/2022\/10\/Stereo91-20221014-3.jpeg",825,550,false],"morenews-medium":["https:\/\/pornuestrolaredo.com\/wp-content\/uploads\/2022\/10\/Stereo91-20221014-3.jpeg",590,393,false]},"author_info":{"info":["Redactor"]},"category_info":"<a href=\"https:\/\/pornuestrolaredo.com\/?cat=9\" rel=\"category\">El Mundo<\/a>","tag_info":"El Mundo","comment_count":"0","jetpack_featured_media_url":"https:\/\/pornuestrolaredo.com\/wp-content\/uploads\/2022\/10\/Stereo91-20221014-3.jpeg","jetpack_sharing_enabled":true,"_links":{"self":[{"href":"https:\/\/pornuestrolaredo.com\/index.php?rest_route=\/wp\/v2\/posts\/595","targetHints":{"allow":["GET"]}}],"collection":[{"href":"https:\/\/pornuestrolaredo.com\/index.php?rest_route=\/wp\/v2\/posts"}],"about":[{"href":"https:\/\/pornuestrolaredo.com\/index.php?rest_route=\/wp\/v2\/types\/post"}],"author":[{"embeddable":true,"href":"https:\/\/pornuestrolaredo.com\/index.php?rest_route=\/wp\/v2\/users\/1"}],"replies":[{"embeddable":true,"href":"https:\/\/pornuestrolaredo.com\/index.php?rest_route=%2Fwp%2Fv2%2Fcomments&post=595"}],"version-history":[{"count":1,"href":"https:\/\/pornuestrolaredo.com\/index.php?rest_route=\/wp\/v2\/posts\/595\/revisions"}],"predecessor-version":[{"id":597,"href":"https:\/\/pornuestrolaredo.com\/index.php?rest_route=\/wp\/v2\/posts\/595\/revisions\/597"}],"wp:featuredmedia":[{"embeddable":true,"href":"https:\/\/pornuestrolaredo.com\/index.php?rest_route=\/wp\/v2\/media\/596"}],"wp:attachment":[{"href":"https:\/\/pornuestrolaredo.com\/index.php?rest_route=%2Fwp%2Fv2%2Fmedia&parent=595"}],"wp:term":[{"taxonomy":"category","embeddable":true,"href":"https:\/\/pornuestrolaredo.com\/index.php?rest_route=%2Fwp%2Fv2%2Fcategories&post=595"},{"taxonomy":"post_tag","embeddable":true,"href":"https:\/\/pornuestrolaredo.com\/index.php?rest_route=%2Fwp%2Fv2%2Ftags&post=595"}],"curies":[{"name":"wp","href":"https:\/\/api.w.org\/{rel}","templated":true}]}}