{"id":5964,"date":"2025-02-07T22:19:56","date_gmt":"2025-02-07T22:19:56","guid":{"rendered":"https:\/\/pornuestrolaredo.com\/?p=5964"},"modified":"2025-02-07T22:19:56","modified_gmt":"2025-02-07T22:19:56","slug":"enviara-el-pentagono-mas-soldados-a-la-frontera","status":"publish","type":"post","link":"https:\/\/pornuestrolaredo.com\/?p=5964","title":{"rendered":"Enviar\u00e1 el Pent\u00e1gono m\u00e1s soldados a la frontera"},"content":{"rendered":"<p><strong>WASHINGTON.-<\/strong> El Pent\u00e1gono despachar\u00e1 alrededor de mil 500 soldados en servicio activo a la frontera con M\u00e9xico para apoyar las pol\u00edticas migratorias del presidente Donald Trump, inform\u00f3 el viernes un funcionario estadounidense.<\/p>\n<p>Con ello, ascender\u00eda a unos 3 mill 600 el n\u00famero de efectivos en la frontera.<\/p>\n<p>Ser\u00e1 enviada una brigada de log\u00edstica del Cuerpo Aerotransportado basado en Fort Liberty en Carolina del Norte, dijo el funcionario, que habl\u00f3 a condici\u00f3n de anonimato al no estar autorizado para hablar del tema en p\u00fablico.<\/p>\n<p>El Pent\u00e1gono ha estado trabajando a marchas forzadas para poner en marcha las \u00f3rdenes ejecutivas firmadas por Trump poco despu\u00e9s de asumir el cargo el 20 de enero.<\/p>\n<p>El primer grupo de 1 mil 600 soldados en activo ya ha sido desplegado en la frontera, y se espera que cerca de 500 soldados m\u00e1s de la 10\u00aa Divisi\u00f3n de Monta\u00f1a comiencen a moverse en los pr\u00f3ximos d\u00edas.<\/p>\n<p>Unos 500 marines han sido despachados a la Bah\u00eda de Guant\u00e1namo, Cuba, donde se mantendr\u00e1 a algunos de los migrantes detenidos. Cientos de marines ya han llegado all\u00ed.<\/p>\n<p>Se espera que las tropas que van a la frontera ayuden a instalar barreras de alambre de p\u00faas y proporcionen el transporte necesario, inteligencia y otro apoyo a la Patrulla Fronteriza. La brigada log\u00edstica ayudar\u00e1 a apoyar y sostener a las tropas.<\/p>\n<p>Las tropas que van a Guant\u00e1namo est\u00e1n ayudando a preparar la instalaci\u00f3n para la llegada de un flujo de migrantes y realizan otras tareas de apoyo.<\/p>\n","protected":false},"excerpt":{"rendered":"<p>Se espera el arribo de unos mil 500 efectivos para apoyar las pol\u00edticas migratorias del presidente Donald Trump<\/p>\n","protected":false},"author":1,"featured_media":5965,"comment_status":"closed","ping_status":"closed","sticky":false,"template":"","format":"standard","meta":{"_crdt_document":"","_jetpack_memberships_contains_paid_content":false,"footnotes":"","jetpack_publicize_message":"","jetpack_publicize_feature_enabled":true,"jetpack_social_post_already_shared":true,"jetpack_social_options":{"image_generator_settings":{"template":"highway","default_image_id":0,"font":"","enabled":false},"version":2},"_wpas_customize_per_network":false},"categories":[9],"tags":[],"class_list":["post-5964","post","type-post","status-publish","format-standard","has-post-thumbnail","hentry","category-el-mundo"],"magazineBlocksPostFeaturedMedia":{"thumbnail":"https:\/\/pornuestrolaredo.com\/wp-content\/uploads\/2025\/02\/PNL-20250207-5-150x150.jpg","medium":"https:\/\/pornuestrolaredo.com\/wp-content\/uploads\/2025\/02\/PNL-20250207-5-300x172.jpg","medium_large":"https:\/\/pornuestrolaredo.com\/wp-content\/uploads\/2025\/02\/PNL-20250207-5-768x440.jpg","large":"https:\/\/pornuestrolaredo.com\/wp-content\/uploads\/2025\/02\/PNL-20250207-5.jpg","1536x1536":"https:\/\/pornuestrolaredo.com\/wp-content\/uploads\/2025\/02\/PNL-20250207-5.jpg","2048x2048":"https:\/\/pornuestrolaredo.com\/wp-content\/uploads\/2025\/02\/PNL-20250207-5.jpg","morenews-large":"https:\/\/pornuestrolaredo.com\/wp-content\/uploads\/2025\/02\/PNL-20250207-5.jpg","morenews-medium":"https:\/\/pornuestrolaredo.com\/wp-content\/uploads\/2025\/02\/PNL-20250207-5.jpg"},"magazineBlocksPostAuthor":{"name":"Redactor","avatar":"https:\/\/pornuestrolaredo.com\/wp-content\/litespeed\/avatar\/dca1d7ec750c399f025f23b0b314f4cf.jpg?ver=1777612120"},"magazineBlocksPostCommentsNumber":false,"magazineBlocksPostExcerpt":"Se espera el arribo de unos mil 500 efectivos para apoyar las pol\u00edticas migratorias del presidente Donald Trump","magazineBlocksPostCategories":["El Mundo"],"magazineBlocksPostViewCount":152,"magazineBlocksPostReadTime":2,"magazine_blocks_featured_image_url":{"full":["https:\/\/pornuestrolaredo.com\/wp-content\/uploads\/2025\/02\/PNL-20250207-5.jpg",850,487,false],"medium":["https:\/\/pornuestrolaredo.com\/wp-content\/uploads\/2025\/02\/PNL-20250207-5-300x172.jpg",300,172,true],"thumbnail":["https:\/\/pornuestrolaredo.com\/wp-content\/uploads\/2025\/02\/PNL-20250207-5-150x150.jpg",150,150,true]},"magazine_blocks_author":{"display_name":"Redactor","author_link":"https:\/\/pornuestrolaredo.com\/?author=1"},"magazine_blocks_comment":0,"magazine_blocks_author_image":"https:\/\/pornuestrolaredo.com\/wp-content\/litespeed\/avatar\/dca1d7ec750c399f025f23b0b314f4cf.jpg?ver=1777612120","magazine_blocks_category":"<a href=\"#\" class=\"category-link category-link-9\">El Mundo<\/a>","jetpack_publicize_connections":[],"featured_image_urls":{"full":["https:\/\/pornuestrolaredo.com\/wp-content\/uploads\/2025\/02\/PNL-20250207-5.jpg",850,487,false],"thumbnail":["https:\/\/pornuestrolaredo.com\/wp-content\/uploads\/2025\/02\/PNL-20250207-5-150x150.jpg",150,150,true],"medium":["https:\/\/pornuestrolaredo.com\/wp-content\/uploads\/2025\/02\/PNL-20250207-5-300x172.jpg",300,172,true],"medium_large":["https:\/\/pornuestrolaredo.com\/wp-content\/uploads\/2025\/02\/PNL-20250207-5-768x440.jpg",640,367,true],"large":["https:\/\/pornuestrolaredo.com\/wp-content\/uploads\/2025\/02\/PNL-20250207-5.jpg",640,367,false],"1536x1536":["https:\/\/pornuestrolaredo.com\/wp-content\/uploads\/2025\/02\/PNL-20250207-5.jpg",850,487,false],"2048x2048":["https:\/\/pornuestrolaredo.com\/wp-content\/uploads\/2025\/02\/PNL-20250207-5.jpg",850,487,false],"morenews-large":["https:\/\/pornuestrolaredo.com\/wp-content\/uploads\/2025\/02\/PNL-20250207-5.jpg",825,473,false],"morenews-medium":["https:\/\/pornuestrolaredo.com\/wp-content\/uploads\/2025\/02\/PNL-20250207-5.jpg",590,338,false]},"author_info":{"info":["Redactor"]},"category_info":"<a href=\"https:\/\/pornuestrolaredo.com\/?cat=9\" rel=\"category\">El Mundo<\/a>","tag_info":"El Mundo","comment_count":"0","jetpack_featured_media_url":"https:\/\/pornuestrolaredo.com\/wp-content\/uploads\/2025\/02\/PNL-20250207-5.jpg","jetpack_sharing_enabled":true,"_links":{"self":[{"href":"https:\/\/pornuestrolaredo.com\/index.php?rest_route=\/wp\/v2\/posts\/5964","targetHints":{"allow":["GET"]}}],"collection":[{"href":"https:\/\/pornuestrolaredo.com\/index.php?rest_route=\/wp\/v2\/posts"}],"about":[{"href":"https:\/\/pornuestrolaredo.com\/index.php?rest_route=\/wp\/v2\/types\/post"}],"author":[{"embeddable":true,"href":"https:\/\/pornuestrolaredo.com\/index.php?rest_route=\/wp\/v2\/users\/1"}],"replies":[{"embeddable":true,"href":"https:\/\/pornuestrolaredo.com\/index.php?rest_route=%2Fwp%2Fv2%2Fcomments&post=5964"}],"version-history":[{"count":1,"href":"https:\/\/pornuestrolaredo.com\/index.php?rest_route=\/wp\/v2\/posts\/5964\/revisions"}],"predecessor-version":[{"id":5966,"href":"https:\/\/pornuestrolaredo.com\/index.php?rest_route=\/wp\/v2\/posts\/5964\/revisions\/5966"}],"wp:featuredmedia":[{"embeddable":true,"href":"https:\/\/pornuestrolaredo.com\/index.php?rest_route=\/wp\/v2\/media\/5965"}],"wp:attachment":[{"href":"https:\/\/pornuestrolaredo.com\/index.php?rest_route=%2Fwp%2Fv2%2Fmedia&parent=5964"}],"wp:term":[{"taxonomy":"category","embeddable":true,"href":"https:\/\/pornuestrolaredo.com\/index.php?rest_route=%2Fwp%2Fv2%2Fcategories&post=5964"},{"taxonomy":"post_tag","embeddable":true,"href":"https:\/\/pornuestrolaredo.com\/index.php?rest_route=%2Fwp%2Fv2%2Ftags&post=5964"}],"curies":[{"name":"wp","href":"https:\/\/api.w.org\/{rel}","templated":true}]}}