{"id":5967,"date":"2025-02-10T20:58:56","date_gmt":"2025-02-10T20:58:56","guid":{"rendered":"https:\/\/pornuestrolaredo.com\/?p=5967"},"modified":"2025-02-10T20:58:56","modified_gmt":"2025-02-10T20:58:56","slug":"tragedia-cae-autobus-a-rio-hay-50-victimas","status":"publish","type":"post","link":"https:\/\/pornuestrolaredo.com\/?p=5967","title":{"rendered":"Tragedia: cae autob\u00fas a r\u00edo; hay 50 v\u00edctimas"},"content":{"rendered":"<p><strong><em>CIUDAD DE GUATEMALA.-<\/em> <\/strong>La ca\u00edda de un autob\u00fas a un r\u00edo en la periferia de Ciudad de Guatemala dej\u00f3 al menos 50 fallecidos y media docena de heridos este lunes, dijo un portavoz de los bomberos.<\/p>\n<p>Im\u00e1genes de medios locales mostraban a socorristas, polic\u00edas y militares con equipo especial tratando de rescatar a las v\u00edctimas de entre los fierros retorcidos del autob\u00fas.<\/p>\n<blockquote><p>Realizamos un trabajo efectivo, sacando un total de 51 cuerpos, en hombres 36 y mujeres 15&#8243;, dijo Jos\u00e9 Santizo, portavoz de la unidad municipal de bomberos, a una televisi\u00f3n local. Personal de la instituci\u00f3n a\u00fan se encuentra buscando m\u00e1s cuerpos en la zona, agreg\u00f3.<\/p><\/blockquote>\n<p>Carlos Hern\u00e1ndez, otro vocero del cuerpo, dijo a una radio local minutos antes que el siniestro ocurri\u00f3 en una hondonada junto a la calzada La Paz, en la parte baja de puente Belice, al noreste la capital. Seg\u00fan los bomberos, fueron 20 metros de ca\u00edda.<\/p>\n<blockquote><p>Hoy es un d\u00eda dif\u00edcil para la familia guatemalteca, la tragedia del puente Belice es un dolor nacional que lamento (&#8230;) He decidido decretar luto nacional&#8221;, afirm\u00f3 el Presidente del pa\u00eds centroamericano, Bernardo Ar\u00e9valo, en una conferencia de prensa despu\u00e9s del siniestro.<\/p><\/blockquote>\n<p>El Alcalde de la capital guatemalteca, Ricardo Qui\u00f1\u00f3nez, lament\u00f3 tambi\u00e9n la tragedia en su cuenta X.<\/p>\n<blockquote><p>Hemos desplegado a todos los cuerpos de emergencia para agilizar las labores de rescate&#8221;, agreg\u00f3.<\/p><\/blockquote>\n","protected":false},"excerpt":{"rendered":"<p>El accidente ocurri\u00f3 en una zona de la periferia de Ciudad de Guatemala<\/p>\n","protected":false},"author":1,"featured_media":5968,"comment_status":"closed","ping_status":"closed","sticky":false,"template":"","format":"standard","meta":{"_crdt_document":"","_jetpack_memberships_contains_paid_content":false,"footnotes":"","jetpack_publicize_message":"","jetpack_publicize_feature_enabled":true,"jetpack_social_post_already_shared":true,"jetpack_social_options":{"image_generator_settings":{"template":"highway","default_image_id":0,"font":"","enabled":false},"version":2},"_wpas_customize_per_network":false},"categories":[9],"tags":[],"class_list":["post-5967","post","type-post","status-publish","format-standard","has-post-thumbnail","hentry","category-el-mundo"],"magazineBlocksPostFeaturedMedia":{"thumbnail":"https:\/\/pornuestrolaredo.com\/wp-content\/uploads\/2025\/02\/Stereo91-20250210-1-150x150.jpg","medium":"https:\/\/pornuestrolaredo.com\/wp-content\/uploads\/2025\/02\/Stereo91-20250210-1-300x191.jpg","medium_large":"https:\/\/pornuestrolaredo.com\/wp-content\/uploads\/2025\/02\/Stereo91-20250210-1-768x489.jpg","large":"https:\/\/pornuestrolaredo.com\/wp-content\/uploads\/2025\/02\/Stereo91-20250210-1.jpg","1536x1536":"https:\/\/pornuestrolaredo.com\/wp-content\/uploads\/2025\/02\/Stereo91-20250210-1.jpg","2048x2048":"https:\/\/pornuestrolaredo.com\/wp-content\/uploads\/2025\/02\/Stereo91-20250210-1.jpg","morenews-large":"https:\/\/pornuestrolaredo.com\/wp-content\/uploads\/2025\/02\/Stereo91-20250210-1.jpg","morenews-medium":"https:\/\/pornuestrolaredo.com\/wp-content\/uploads\/2025\/02\/Stereo91-20250210-1.jpg"},"magazineBlocksPostAuthor":{"name":"Redactor","avatar":"https:\/\/pornuestrolaredo.com\/wp-content\/litespeed\/avatar\/dca1d7ec750c399f025f23b0b314f4cf.jpg?ver=1777612120"},"magazineBlocksPostCommentsNumber":false,"magazineBlocksPostExcerpt":"El accidente ocurri\u00f3 en una zona de la periferia de Ciudad de Guatemala","magazineBlocksPostCategories":["El Mundo"],"magazineBlocksPostViewCount":151,"magazineBlocksPostReadTime":2,"magazine_blocks_featured_image_url":{"full":["https:\/\/pornuestrolaredo.com\/wp-content\/uploads\/2025\/02\/Stereo91-20250210-1.jpg",907,578,false],"medium":["https:\/\/pornuestrolaredo.com\/wp-content\/uploads\/2025\/02\/Stereo91-20250210-1-300x191.jpg",300,191,true],"thumbnail":["https:\/\/pornuestrolaredo.com\/wp-content\/uploads\/2025\/02\/Stereo91-20250210-1-150x150.jpg",150,150,true]},"magazine_blocks_author":{"display_name":"Redactor","author_link":"https:\/\/pornuestrolaredo.com\/?author=1"},"magazine_blocks_comment":0,"magazine_blocks_author_image":"https:\/\/pornuestrolaredo.com\/wp-content\/litespeed\/avatar\/dca1d7ec750c399f025f23b0b314f4cf.jpg?ver=1777612120","magazine_blocks_category":"<a href=\"#\" class=\"category-link category-link-9\">El Mundo<\/a>","jetpack_publicize_connections":[],"featured_image_urls":{"full":["https:\/\/pornuestrolaredo.com\/wp-content\/uploads\/2025\/02\/Stereo91-20250210-1.jpg",907,578,false],"thumbnail":["https:\/\/pornuestrolaredo.com\/wp-content\/uploads\/2025\/02\/Stereo91-20250210-1-150x150.jpg",150,150,true],"medium":["https:\/\/pornuestrolaredo.com\/wp-content\/uploads\/2025\/02\/Stereo91-20250210-1-300x191.jpg",300,191,true],"medium_large":["https:\/\/pornuestrolaredo.com\/wp-content\/uploads\/2025\/02\/Stereo91-20250210-1-768x489.jpg",640,408,true],"large":["https:\/\/pornuestrolaredo.com\/wp-content\/uploads\/2025\/02\/Stereo91-20250210-1.jpg",640,408,false],"1536x1536":["https:\/\/pornuestrolaredo.com\/wp-content\/uploads\/2025\/02\/Stereo91-20250210-1.jpg",907,578,false],"2048x2048":["https:\/\/pornuestrolaredo.com\/wp-content\/uploads\/2025\/02\/Stereo91-20250210-1.jpg",907,578,false],"morenews-large":["https:\/\/pornuestrolaredo.com\/wp-content\/uploads\/2025\/02\/Stereo91-20250210-1.jpg",825,526,false],"morenews-medium":["https:\/\/pornuestrolaredo.com\/wp-content\/uploads\/2025\/02\/Stereo91-20250210-1.jpg",590,376,false]},"author_info":{"info":["Redactor"]},"category_info":"<a href=\"https:\/\/pornuestrolaredo.com\/?cat=9\" rel=\"category\">El Mundo<\/a>","tag_info":"El Mundo","comment_count":"0","jetpack_featured_media_url":"https:\/\/pornuestrolaredo.com\/wp-content\/uploads\/2025\/02\/Stereo91-20250210-1.jpg","jetpack_sharing_enabled":true,"_links":{"self":[{"href":"https:\/\/pornuestrolaredo.com\/index.php?rest_route=\/wp\/v2\/posts\/5967","targetHints":{"allow":["GET"]}}],"collection":[{"href":"https:\/\/pornuestrolaredo.com\/index.php?rest_route=\/wp\/v2\/posts"}],"about":[{"href":"https:\/\/pornuestrolaredo.com\/index.php?rest_route=\/wp\/v2\/types\/post"}],"author":[{"embeddable":true,"href":"https:\/\/pornuestrolaredo.com\/index.php?rest_route=\/wp\/v2\/users\/1"}],"replies":[{"embeddable":true,"href":"https:\/\/pornuestrolaredo.com\/index.php?rest_route=%2Fwp%2Fv2%2Fcomments&post=5967"}],"version-history":[{"count":1,"href":"https:\/\/pornuestrolaredo.com\/index.php?rest_route=\/wp\/v2\/posts\/5967\/revisions"}],"predecessor-version":[{"id":5969,"href":"https:\/\/pornuestrolaredo.com\/index.php?rest_route=\/wp\/v2\/posts\/5967\/revisions\/5969"}],"wp:featuredmedia":[{"embeddable":true,"href":"https:\/\/pornuestrolaredo.com\/index.php?rest_route=\/wp\/v2\/media\/5968"}],"wp:attachment":[{"href":"https:\/\/pornuestrolaredo.com\/index.php?rest_route=%2Fwp%2Fv2%2Fmedia&parent=5967"}],"wp:term":[{"taxonomy":"category","embeddable":true,"href":"https:\/\/pornuestrolaredo.com\/index.php?rest_route=%2Fwp%2Fv2%2Fcategories&post=5967"},{"taxonomy":"post_tag","embeddable":true,"href":"https:\/\/pornuestrolaredo.com\/index.php?rest_route=%2Fwp%2Fv2%2Ftags&post=5967"}],"curies":[{"name":"wp","href":"https:\/\/api.w.org\/{rel}","templated":true}]}}