{"id":5970,"date":"2025-02-10T21:14:41","date_gmt":"2025-02-10T21:14:41","guid":{"rendered":"https:\/\/pornuestrolaredo.com\/?p=5970"},"modified":"2025-02-10T21:14:41","modified_gmt":"2025-02-10T21:14:41","slug":"planta-de-tratamiento-oradel-ejemplo-nacional-de-innovacion","status":"publish","type":"post","link":"https:\/\/pornuestrolaredo.com\/?p=5970","title":{"rendered":"Planta de tratamiento Oradel: ejemplo nacional de innovaci\u00f3n"},"content":{"rendered":"<p>Nuevo Laredo se coloca a la vanguardia del saneamiento de aguas residuales con el rescate y puesta en marcha de la Planta de Tratamiento Oradel, un proyecto del Gobierno Municipal que es pionero y el primero en su tipo en M\u00e9xico. <\/p>\n<p>La Planta de Tratamiento Oradel representa un hito en la gesti\u00f3n del agua en M\u00e9xico, consolidando a Nuevo Laredo como un referente en tecnolog\u00eda ambiental. Gracias a este proyecto, el municipio se coloca a la altura de los pa\u00edses m\u00e1s avanzados en el tratamiento de aguas residuales, reforzando su compromiso con la sostenibilidad y el cuidado del medio ambiente.<\/p>\n<p>Este innovador sistema utiliza la Tecnolog\u00eda de Disrupci\u00f3n Molecular (TDM), una patente desarrollada en Monterrey, Nuevo Le\u00f3n, que  es utilizado de manera exitosa en pa\u00edses como Arabia, India, Estados Unidos e Italia.<\/p>\n<p>La Tecnolog\u00eda de Disrupci\u00f3n Molecular  permite una purificaci\u00f3n del agua r\u00e1pida y altamente eficiente a trav\u00e9s de los siguientes pasos:<\/p>\n<p>Contacto con el agua: Se introduce una mezcla qu\u00edmica que genera una reacci\u00f3n que separa los contaminantes de manera inmediata.<\/p>\n<p>Separaci\u00f3n de contaminantes: Los elementos nocivos son degradados hasta convertirse en CO\u2082, agua y sales inertes, sin afectar al medio ambiente.<\/p>\n<p>Manejo de lodos: El residuo generado cumple con la norma CRETIB, permitiendo su disposici\u00f3n final sin costos adicionales de tratamiento o confinamiento.<\/p>\n<p>Calidad del agua tratada: El agua resultante cumple con diversos est\u00e1ndares, desde descarga en r\u00edos hasta su posible potabilizaci\u00f3n.<\/p>\n<p>Con esta iniciativa, el Gobierno Municipal de Nuevo Laredo reafirma su liderazgo en la implementaci\u00f3n de soluciones innovadoras para el manejo de recursos h\u00eddricos, posicionando a Tamaulipas en la vanguardia del saneamiento y reutilizaci\u00f3n del agua.<\/p>\n","protected":false},"excerpt":{"rendered":"<p>El proyecto es pionero en M\u00e9xico y se utiliza Tecnolog\u00eda de Disrupci\u00f3n Molecular para saneamiento del agua<\/p>\n","protected":false},"author":1,"featured_media":5971,"comment_status":"closed","ping_status":"closed","sticky":false,"template":"","format":"standard","meta":{"_crdt_document":"","_jetpack_memberships_contains_paid_content":false,"footnotes":"","jetpack_publicize_message":"","jetpack_publicize_feature_enabled":true,"jetpack_social_post_already_shared":true,"jetpack_social_options":{"image_generator_settings":{"template":"highway","default_image_id":0,"font":"","enabled":false},"version":2},"_wpas_customize_per_network":false},"categories":[4],"tags":[],"class_list":["post-5970","post","type-post","status-publish","format-standard","has-post-thumbnail","hentry","category-los-dos-laredos"],"magazineBlocksPostFeaturedMedia":{"thumbnail":"https:\/\/pornuestrolaredo.com\/wp-content\/uploads\/2025\/02\/PNL-20250210-2-150x150.jpg","medium":"https:\/\/pornuestrolaredo.com\/wp-content\/uploads\/2025\/02\/PNL-20250210-2-300x196.jpg","medium_large":"https:\/\/pornuestrolaredo.com\/wp-content\/uploads\/2025\/02\/PNL-20250210-2-768x501.jpg","large":"https:\/\/pornuestrolaredo.com\/wp-content\/uploads\/2025\/02\/PNL-20250210-2-1000x653.jpg","1536x1536":"https:\/\/pornuestrolaredo.com\/wp-content\/uploads\/2025\/02\/PNL-20250210-2-1536x1002.jpg","2048x2048":"https:\/\/pornuestrolaredo.com\/wp-content\/uploads\/2025\/02\/PNL-20250210-2.jpg","morenews-large":"https:\/\/pornuestrolaredo.com\/wp-content\/uploads\/2025\/02\/PNL-20250210-2.jpg","morenews-medium":"https:\/\/pornuestrolaredo.com\/wp-content\/uploads\/2025\/02\/PNL-20250210-2.jpg"},"magazineBlocksPostAuthor":{"name":"Redactor","avatar":"https:\/\/pornuestrolaredo.com\/wp-content\/litespeed\/avatar\/dca1d7ec750c399f025f23b0b314f4cf.jpg?ver=1777612120"},"magazineBlocksPostCommentsNumber":false,"magazineBlocksPostExcerpt":"El proyecto es pionero en M\u00e9xico y se utiliza Tecnolog\u00eda de Disrupci\u00f3n Molecular para saneamiento del agua","magazineBlocksPostCategories":["Los dos Laredos"],"magazineBlocksPostViewCount":142,"magazineBlocksPostReadTime":2,"magazine_blocks_featured_image_url":{"full":["https:\/\/pornuestrolaredo.com\/wp-content\/uploads\/2025\/02\/PNL-20250210-2.jpg",1600,1044,false],"medium":["https:\/\/pornuestrolaredo.com\/wp-content\/uploads\/2025\/02\/PNL-20250210-2-300x196.jpg",300,196,true],"thumbnail":["https:\/\/pornuestrolaredo.com\/wp-content\/uploads\/2025\/02\/PNL-20250210-2-150x150.jpg",150,150,true]},"magazine_blocks_author":{"display_name":"Redactor","author_link":"https:\/\/pornuestrolaredo.com\/?author=1"},"magazine_blocks_comment":0,"magazine_blocks_author_image":"https:\/\/pornuestrolaredo.com\/wp-content\/litespeed\/avatar\/dca1d7ec750c399f025f23b0b314f4cf.jpg?ver=1777612120","magazine_blocks_category":"<a href=\"#\" class=\"category-link category-link-4\">Los dos Laredos<\/a>","jetpack_publicize_connections":[],"featured_image_urls":{"full":["https:\/\/pornuestrolaredo.com\/wp-content\/uploads\/2025\/02\/PNL-20250210-2.jpg",1600,1044,false],"thumbnail":["https:\/\/pornuestrolaredo.com\/wp-content\/uploads\/2025\/02\/PNL-20250210-2-150x150.jpg",150,150,true],"medium":["https:\/\/pornuestrolaredo.com\/wp-content\/uploads\/2025\/02\/PNL-20250210-2-300x196.jpg",300,196,true],"medium_large":["https:\/\/pornuestrolaredo.com\/wp-content\/uploads\/2025\/02\/PNL-20250210-2-768x501.jpg",640,418,true],"large":["https:\/\/pornuestrolaredo.com\/wp-content\/uploads\/2025\/02\/PNL-20250210-2-1000x653.jpg",640,418,true],"1536x1536":["https:\/\/pornuestrolaredo.com\/wp-content\/uploads\/2025\/02\/PNL-20250210-2-1536x1002.jpg",1536,1002,true],"2048x2048":["https:\/\/pornuestrolaredo.com\/wp-content\/uploads\/2025\/02\/PNL-20250210-2.jpg",1600,1044,false],"morenews-large":["https:\/\/pornuestrolaredo.com\/wp-content\/uploads\/2025\/02\/PNL-20250210-2.jpg",825,538,false],"morenews-medium":["https:\/\/pornuestrolaredo.com\/wp-content\/uploads\/2025\/02\/PNL-20250210-2.jpg",590,385,false]},"author_info":{"info":["Redactor"]},"category_info":"<a href=\"https:\/\/pornuestrolaredo.com\/?cat=4\" rel=\"category\">Los dos Laredos<\/a>","tag_info":"Los dos Laredos","comment_count":"0","jetpack_featured_media_url":"https:\/\/pornuestrolaredo.com\/wp-content\/uploads\/2025\/02\/PNL-20250210-2.jpg","jetpack_sharing_enabled":true,"_links":{"self":[{"href":"https:\/\/pornuestrolaredo.com\/index.php?rest_route=\/wp\/v2\/posts\/5970","targetHints":{"allow":["GET"]}}],"collection":[{"href":"https:\/\/pornuestrolaredo.com\/index.php?rest_route=\/wp\/v2\/posts"}],"about":[{"href":"https:\/\/pornuestrolaredo.com\/index.php?rest_route=\/wp\/v2\/types\/post"}],"author":[{"embeddable":true,"href":"https:\/\/pornuestrolaredo.com\/index.php?rest_route=\/wp\/v2\/users\/1"}],"replies":[{"embeddable":true,"href":"https:\/\/pornuestrolaredo.com\/index.php?rest_route=%2Fwp%2Fv2%2Fcomments&post=5970"}],"version-history":[{"count":1,"href":"https:\/\/pornuestrolaredo.com\/index.php?rest_route=\/wp\/v2\/posts\/5970\/revisions"}],"predecessor-version":[{"id":5972,"href":"https:\/\/pornuestrolaredo.com\/index.php?rest_route=\/wp\/v2\/posts\/5970\/revisions\/5972"}],"wp:featuredmedia":[{"embeddable":true,"href":"https:\/\/pornuestrolaredo.com\/index.php?rest_route=\/wp\/v2\/media\/5971"}],"wp:attachment":[{"href":"https:\/\/pornuestrolaredo.com\/index.php?rest_route=%2Fwp%2Fv2%2Fmedia&parent=5970"}],"wp:term":[{"taxonomy":"category","embeddable":true,"href":"https:\/\/pornuestrolaredo.com\/index.php?rest_route=%2Fwp%2Fv2%2Fcategories&post=5970"},{"taxonomy":"post_tag","embeddable":true,"href":"https:\/\/pornuestrolaredo.com\/index.php?rest_route=%2Fwp%2Fv2%2Ftags&post=5970"}],"curies":[{"name":"wp","href":"https:\/\/api.w.org\/{rel}","templated":true}]}}