{"id":5988,"date":"2025-02-12T21:07:34","date_gmt":"2025-02-12T21:07:34","guid":{"rendered":"https:\/\/pornuestrolaredo.com\/?p=5988"},"modified":"2025-02-12T21:07:34","modified_gmt":"2025-02-12T21:07:34","slug":"avanza-modernizacion-de-alumbrado-publico","status":"publish","type":"post","link":"https:\/\/pornuestrolaredo.com\/?p=5988","title":{"rendered":"Avanza modernizaci\u00f3n de alumbrado p\u00fablico"},"content":{"rendered":"<p>NUEVO LAREDO.- El Gobierno Municipal de Nuevo Laredo, a trav\u00e9s de la Secretar\u00eda de Servicios P\u00fablicos Primarios, contin\u00faa trabajando arduamente en el programa &#8220;Nuevo Laredo Se Prende&#8221;, una iniciativa que ha permitido la sustituci\u00f3n de luminarias de vapor de sodio por tecnolog\u00eda LED de mayor eficiencia y durabilidad.<\/p>\n<p>Even Arredondo Bravo, secretario de Servicios P\u00fablicos Primarios se\u00f1al\u00f3 que desde el inicio de esta administraci\u00f3n, la modernizaci\u00f3n del alumbrado p\u00fablico ha sido una prioridad, logrando hasta la fecha un avance del 85% en la renovaci\u00f3n de luminarias en la ciudad. <\/p>\n<p>\u201cEstamos en un 85 por ciento ya del total del censo de luminarias de la ciudad, como ustedes saben tenemos un censo de alrededor de 45 mil luminarias, por instrucci\u00f3n de la presidenta municipal Carmen Lilia Canturosas este programa no ha cesado, ha sido muy importante para el desarrollo y seguridad de la ciudad contin\u00faa\u201d, se\u00f1al\u00f3 el secretario.<\/p>\n<p>De un censo aproximado de 45 mil luminarias, muchas han sido evaluadas individualmente, mientras que otras operan mediante circuitos directos con mediciones estimadas.<\/p>\n<p>El programa contempla la sustituci\u00f3n de luminarias de 150 watts de vapor de sodio por nuevas unidades LED de 50, 60, 70, 80 y 100 watts, lo que garantiza una mejor iluminaci\u00f3n y mayor eficiencia energ\u00e9tica.<\/p>\n<p>Es importante destacar que estas luminarias est\u00e1n dise\u00f1adas y fabricadas para ofrecer un rendimiento \u00f3ptimo de hasta 10 a\u00f1os de vida \u00fatil y cuentan con todas las certificaciones vigentes en tecnolog\u00eda de iluminaci\u00f3n.<\/p>\n<p>El programa &#8220;Nuevo Laredo Se Prende&#8221; ha sido fundamental para el desarrollo y seguridad de la ciudad, proporcionando un alumbrado moderno y confiable para beneficio de todos los ciudadanos.<\/p>\n","protected":false},"excerpt":{"rendered":"<p>M\u00e1s del 85 por ciento de la ciudad cuenta con tecnolog\u00eda led<\/p>\n","protected":false},"author":1,"featured_media":5989,"comment_status":"closed","ping_status":"closed","sticky":false,"template":"","format":"standard","meta":{"_crdt_document":"","_jetpack_memberships_contains_paid_content":false,"footnotes":"","jetpack_publicize_message":"","jetpack_publicize_feature_enabled":true,"jetpack_social_post_already_shared":true,"jetpack_social_options":{"image_generator_settings":{"template":"highway","default_image_id":0,"font":"","enabled":false},"version":2},"_wpas_customize_per_network":false},"categories":[4],"tags":[],"class_list":["post-5988","post","type-post","status-publish","format-standard","has-post-thumbnail","hentry","category-los-dos-laredos"],"magazineBlocksPostFeaturedMedia":{"thumbnail":"https:\/\/pornuestrolaredo.com\/wp-content\/uploads\/2025\/02\/PNL-20250212-1-150x150.jpg","medium":"https:\/\/pornuestrolaredo.com\/wp-content\/uploads\/2025\/02\/PNL-20250212-1-300x200.jpg","medium_large":"https:\/\/pornuestrolaredo.com\/wp-content\/uploads\/2025\/02\/PNL-20250212-1-768x512.jpg","large":"https:\/\/pornuestrolaredo.com\/wp-content\/uploads\/2025\/02\/PNL-20250212-1.jpg","1536x1536":"https:\/\/pornuestrolaredo.com\/wp-content\/uploads\/2025\/02\/PNL-20250212-1.jpg","2048x2048":"https:\/\/pornuestrolaredo.com\/wp-content\/uploads\/2025\/02\/PNL-20250212-1.jpg","morenews-large":"https:\/\/pornuestrolaredo.com\/wp-content\/uploads\/2025\/02\/PNL-20250212-1.jpg","morenews-medium":"https:\/\/pornuestrolaredo.com\/wp-content\/uploads\/2025\/02\/PNL-20250212-1.jpg"},"magazineBlocksPostAuthor":{"name":"Redactor","avatar":"https:\/\/pornuestrolaredo.com\/wp-content\/litespeed\/avatar\/dca1d7ec750c399f025f23b0b314f4cf.jpg?ver=1777612120"},"magazineBlocksPostCommentsNumber":false,"magazineBlocksPostExcerpt":"M\u00e1s del 85 por ciento de la ciudad cuenta con tecnolog\u00eda led","magazineBlocksPostCategories":["Los dos Laredos"],"magazineBlocksPostViewCount":179,"magazineBlocksPostReadTime":2,"magazine_blocks_featured_image_url":{"full":["https:\/\/pornuestrolaredo.com\/wp-content\/uploads\/2025\/02\/PNL-20250212-1.jpg",850,567,false],"medium":["https:\/\/pornuestrolaredo.com\/wp-content\/uploads\/2025\/02\/PNL-20250212-1-300x200.jpg",300,200,true],"thumbnail":["https:\/\/pornuestrolaredo.com\/wp-content\/uploads\/2025\/02\/PNL-20250212-1-150x150.jpg",150,150,true]},"magazine_blocks_author":{"display_name":"Redactor","author_link":"https:\/\/pornuestrolaredo.com\/?author=1"},"magazine_blocks_comment":0,"magazine_blocks_author_image":"https:\/\/pornuestrolaredo.com\/wp-content\/litespeed\/avatar\/dca1d7ec750c399f025f23b0b314f4cf.jpg?ver=1777612120","magazine_blocks_category":"<a href=\"#\" class=\"category-link category-link-4\">Los dos Laredos<\/a>","jetpack_publicize_connections":[],"featured_image_urls":{"full":["https:\/\/pornuestrolaredo.com\/wp-content\/uploads\/2025\/02\/PNL-20250212-1.jpg",850,567,false],"thumbnail":["https:\/\/pornuestrolaredo.com\/wp-content\/uploads\/2025\/02\/PNL-20250212-1-150x150.jpg",150,150,true],"medium":["https:\/\/pornuestrolaredo.com\/wp-content\/uploads\/2025\/02\/PNL-20250212-1-300x200.jpg",300,200,true],"medium_large":["https:\/\/pornuestrolaredo.com\/wp-content\/uploads\/2025\/02\/PNL-20250212-1-768x512.jpg",640,427,true],"large":["https:\/\/pornuestrolaredo.com\/wp-content\/uploads\/2025\/02\/PNL-20250212-1.jpg",640,427,false],"1536x1536":["https:\/\/pornuestrolaredo.com\/wp-content\/uploads\/2025\/02\/PNL-20250212-1.jpg",850,567,false],"2048x2048":["https:\/\/pornuestrolaredo.com\/wp-content\/uploads\/2025\/02\/PNL-20250212-1.jpg",850,567,false],"morenews-large":["https:\/\/pornuestrolaredo.com\/wp-content\/uploads\/2025\/02\/PNL-20250212-1.jpg",825,550,false],"morenews-medium":["https:\/\/pornuestrolaredo.com\/wp-content\/uploads\/2025\/02\/PNL-20250212-1.jpg",590,394,false]},"author_info":{"info":["Redactor"]},"category_info":"<a href=\"https:\/\/pornuestrolaredo.com\/?cat=4\" rel=\"category\">Los dos Laredos<\/a>","tag_info":"Los dos Laredos","comment_count":"0","jetpack_featured_media_url":"https:\/\/pornuestrolaredo.com\/wp-content\/uploads\/2025\/02\/PNL-20250212-1.jpg","jetpack_sharing_enabled":true,"_links":{"self":[{"href":"https:\/\/pornuestrolaredo.com\/index.php?rest_route=\/wp\/v2\/posts\/5988","targetHints":{"allow":["GET"]}}],"collection":[{"href":"https:\/\/pornuestrolaredo.com\/index.php?rest_route=\/wp\/v2\/posts"}],"about":[{"href":"https:\/\/pornuestrolaredo.com\/index.php?rest_route=\/wp\/v2\/types\/post"}],"author":[{"embeddable":true,"href":"https:\/\/pornuestrolaredo.com\/index.php?rest_route=\/wp\/v2\/users\/1"}],"replies":[{"embeddable":true,"href":"https:\/\/pornuestrolaredo.com\/index.php?rest_route=%2Fwp%2Fv2%2Fcomments&post=5988"}],"version-history":[{"count":1,"href":"https:\/\/pornuestrolaredo.com\/index.php?rest_route=\/wp\/v2\/posts\/5988\/revisions"}],"predecessor-version":[{"id":5990,"href":"https:\/\/pornuestrolaredo.com\/index.php?rest_route=\/wp\/v2\/posts\/5988\/revisions\/5990"}],"wp:featuredmedia":[{"embeddable":true,"href":"https:\/\/pornuestrolaredo.com\/index.php?rest_route=\/wp\/v2\/media\/5989"}],"wp:attachment":[{"href":"https:\/\/pornuestrolaredo.com\/index.php?rest_route=%2Fwp%2Fv2%2Fmedia&parent=5988"}],"wp:term":[{"taxonomy":"category","embeddable":true,"href":"https:\/\/pornuestrolaredo.com\/index.php?rest_route=%2Fwp%2Fv2%2Fcategories&post=5988"},{"taxonomy":"post_tag","embeddable":true,"href":"https:\/\/pornuestrolaredo.com\/index.php?rest_route=%2Fwp%2Fv2%2Ftags&post=5988"}],"curies":[{"name":"wp","href":"https:\/\/api.w.org\/{rel}","templated":true}]}}