{"id":5995,"date":"2025-02-12T21:27:30","date_gmt":"2025-02-12T21:27:30","guid":{"rendered":"https:\/\/pornuestrolaredo.com\/?p=5995"},"modified":"2025-02-12T21:27:30","modified_gmt":"2025-02-12T21:27:30","slug":"destaca-nld-su-potencial-logistico-y-aduanero-en-expo-manufactura-2025","status":"publish","type":"post","link":"https:\/\/pornuestrolaredo.com\/?p=5995","title":{"rendered":"Destaca NLD su potencial log\u00edstico y aduanero en Expo Manufactura 2025"},"content":{"rendered":"<p><strong><em>MONTERREY.-<\/em> <\/strong>Con el objetivo de mostrar las fortalezas log\u00edsticas y aduaneras de Nuevo Laredo, el Gobierno Municipal, a trav\u00e9s de la Secretar\u00eda de Desarrollo Econ\u00f3mico y una delegaci\u00f3n representativa de c\u00e1maras y empresas locales, se encuentran en la Expo Manufactura 2025, la convenci\u00f3n m\u00e1s importante del sector en M\u00e9xico, que re\u00fane a m\u00e1s de 500 expositores en Cintermex, Monterrey.<\/p>\n<p>Rolando Guevara, titular de Desarrollo Econ\u00f3mico, explic\u00f3 que junto a miembros de Laredo Economic Development Corporation, C\u00e1mara Nacional del Autotransporte de Carga (Canacar), ONILOG, Asociaci\u00f3n de Agentes Aduanales, Naves Industriales, Canacintra, Unitrade, Index y Cargoquin han sumado esfuerzos para promocionar las ventajas competitivas de la ciudad como el principal hub log\u00edstico y aduanero de Latinoam\u00e9rica.<\/p>\n<blockquote><p>Nuevo Laredo es una ciudad que cuenta con muchas ventajas competitivas para ofrecer a la industria, y como Gobierno Municipal trabajamos constantemente para generar las condiciones propicias para la llegada de nuevas inversiones, esta expo es una oportunidad de generar alianzas y atraer a m\u00e1s empresas que buscan exportar sus productos\u201d, se\u00f1al\u00f3 el funcionario. <\/p><\/blockquote>\n<p>La industria manufacturera es un pilar fundamental de la econom\u00eda mexicana y regional, y Expo Manufactura se ha consolidado como un espacio clave para su evoluci\u00f3n y crecimiento. <\/p>\n<p>En esta edici\u00f3n, los temas centrales incluyen el nearshoring, la sustentabilidad, la automatizaci\u00f3n, la ciberseguridad y el desarrollo de talento, aspectos que fortalecen la competitividad y el crecimiento del sector industrial.<\/p>\n<p>Nuevo Laredo, como la principal puerta de comercio entre M\u00e9xico y Estados Unidos, est\u00e1 aprovechando este foro para consolidar alianzas estrat\u00e9gicas y posicionarse como el punto log\u00edstico por excelencia para la manufactura y el comercio internacional.<\/p>\n","protected":false},"excerpt":{"rendered":"<p>Participan en Monterrey la Secretar\u00eda de Desarrollo Econ\u00f3mico y una delegaci\u00f3n representativa de c\u00e1maras y empresas locales<\/p>\n","protected":false},"author":1,"featured_media":5996,"comment_status":"closed","ping_status":"closed","sticky":false,"template":"","format":"standard","meta":{"_crdt_document":"","_jetpack_memberships_contains_paid_content":false,"footnotes":"","jetpack_publicize_message":"","jetpack_publicize_feature_enabled":true,"jetpack_social_post_already_shared":true,"jetpack_social_options":{"image_generator_settings":{"template":"highway","default_image_id":0,"font":"","enabled":false},"version":2},"_wpas_customize_per_network":false},"categories":[4],"tags":[],"class_list":["post-5995","post","type-post","status-publish","format-standard","has-post-thumbnail","hentry","category-los-dos-laredos"],"magazineBlocksPostFeaturedMedia":{"thumbnail":"https:\/\/pornuestrolaredo.com\/wp-content\/uploads\/2025\/02\/PNL-20250212-3-150x150.jpg","medium":"https:\/\/pornuestrolaredo.com\/wp-content\/uploads\/2025\/02\/PNL-20250212-3-300x200.jpg","medium_large":"https:\/\/pornuestrolaredo.com\/wp-content\/uploads\/2025\/02\/PNL-20250212-3-768x512.jpg","large":"https:\/\/pornuestrolaredo.com\/wp-content\/uploads\/2025\/02\/PNL-20250212-3-1000x666.jpg","1536x1536":"https:\/\/pornuestrolaredo.com\/wp-content\/uploads\/2025\/02\/PNL-20250212-3-1536x1023.jpg","2048x2048":"https:\/\/pornuestrolaredo.com\/wp-content\/uploads\/2025\/02\/PNL-20250212-3.jpg","morenews-large":"https:\/\/pornuestrolaredo.com\/wp-content\/uploads\/2025\/02\/PNL-20250212-3.jpg","morenews-medium":"https:\/\/pornuestrolaredo.com\/wp-content\/uploads\/2025\/02\/PNL-20250212-3.jpg"},"magazineBlocksPostAuthor":{"name":"Redactor","avatar":"https:\/\/pornuestrolaredo.com\/wp-content\/litespeed\/avatar\/dca1d7ec750c399f025f23b0b314f4cf.jpg?ver=1777612120"},"magazineBlocksPostCommentsNumber":false,"magazineBlocksPostExcerpt":"Participan en Monterrey la Secretar\u00eda de Desarrollo Econ\u00f3mico y una delegaci\u00f3n representativa de c\u00e1maras y empresas locales","magazineBlocksPostCategories":["Los dos Laredos"],"magazineBlocksPostViewCount":179,"magazineBlocksPostReadTime":2,"magazine_blocks_featured_image_url":{"full":["https:\/\/pornuestrolaredo.com\/wp-content\/uploads\/2025\/02\/PNL-20250212-3.jpg",1600,1066,false],"medium":["https:\/\/pornuestrolaredo.com\/wp-content\/uploads\/2025\/02\/PNL-20250212-3-300x200.jpg",300,200,true],"thumbnail":["https:\/\/pornuestrolaredo.com\/wp-content\/uploads\/2025\/02\/PNL-20250212-3-150x150.jpg",150,150,true]},"magazine_blocks_author":{"display_name":"Redactor","author_link":"https:\/\/pornuestrolaredo.com\/?author=1"},"magazine_blocks_comment":0,"magazine_blocks_author_image":"https:\/\/pornuestrolaredo.com\/wp-content\/litespeed\/avatar\/dca1d7ec750c399f025f23b0b314f4cf.jpg?ver=1777612120","magazine_blocks_category":"<a href=\"#\" class=\"category-link category-link-4\">Los dos Laredos<\/a>","jetpack_publicize_connections":[],"featured_image_urls":{"full":["https:\/\/pornuestrolaredo.com\/wp-content\/uploads\/2025\/02\/PNL-20250212-3.jpg",1600,1066,false],"thumbnail":["https:\/\/pornuestrolaredo.com\/wp-content\/uploads\/2025\/02\/PNL-20250212-3-150x150.jpg",150,150,true],"medium":["https:\/\/pornuestrolaredo.com\/wp-content\/uploads\/2025\/02\/PNL-20250212-3-300x200.jpg",300,200,true],"medium_large":["https:\/\/pornuestrolaredo.com\/wp-content\/uploads\/2025\/02\/PNL-20250212-3-768x512.jpg",640,427,true],"large":["https:\/\/pornuestrolaredo.com\/wp-content\/uploads\/2025\/02\/PNL-20250212-3-1000x666.jpg",640,426,true],"1536x1536":["https:\/\/pornuestrolaredo.com\/wp-content\/uploads\/2025\/02\/PNL-20250212-3-1536x1023.jpg",1536,1023,true],"2048x2048":["https:\/\/pornuestrolaredo.com\/wp-content\/uploads\/2025\/02\/PNL-20250212-3.jpg",1600,1066,false],"morenews-large":["https:\/\/pornuestrolaredo.com\/wp-content\/uploads\/2025\/02\/PNL-20250212-3.jpg",825,550,false],"morenews-medium":["https:\/\/pornuestrolaredo.com\/wp-content\/uploads\/2025\/02\/PNL-20250212-3.jpg",590,393,false]},"author_info":{"info":["Redactor"]},"category_info":"<a href=\"https:\/\/pornuestrolaredo.com\/?cat=4\" rel=\"category\">Los dos Laredos<\/a>","tag_info":"Los dos Laredos","comment_count":"0","jetpack_featured_media_url":"https:\/\/pornuestrolaredo.com\/wp-content\/uploads\/2025\/02\/PNL-20250212-3.jpg","jetpack_sharing_enabled":true,"_links":{"self":[{"href":"https:\/\/pornuestrolaredo.com\/index.php?rest_route=\/wp\/v2\/posts\/5995","targetHints":{"allow":["GET"]}}],"collection":[{"href":"https:\/\/pornuestrolaredo.com\/index.php?rest_route=\/wp\/v2\/posts"}],"about":[{"href":"https:\/\/pornuestrolaredo.com\/index.php?rest_route=\/wp\/v2\/types\/post"}],"author":[{"embeddable":true,"href":"https:\/\/pornuestrolaredo.com\/index.php?rest_route=\/wp\/v2\/users\/1"}],"replies":[{"embeddable":true,"href":"https:\/\/pornuestrolaredo.com\/index.php?rest_route=%2Fwp%2Fv2%2Fcomments&post=5995"}],"version-history":[{"count":1,"href":"https:\/\/pornuestrolaredo.com\/index.php?rest_route=\/wp\/v2\/posts\/5995\/revisions"}],"predecessor-version":[{"id":5997,"href":"https:\/\/pornuestrolaredo.com\/index.php?rest_route=\/wp\/v2\/posts\/5995\/revisions\/5997"}],"wp:featuredmedia":[{"embeddable":true,"href":"https:\/\/pornuestrolaredo.com\/index.php?rest_route=\/wp\/v2\/media\/5996"}],"wp:attachment":[{"href":"https:\/\/pornuestrolaredo.com\/index.php?rest_route=%2Fwp%2Fv2%2Fmedia&parent=5995"}],"wp:term":[{"taxonomy":"category","embeddable":true,"href":"https:\/\/pornuestrolaredo.com\/index.php?rest_route=%2Fwp%2Fv2%2Fcategories&post=5995"},{"taxonomy":"post_tag","embeddable":true,"href":"https:\/\/pornuestrolaredo.com\/index.php?rest_route=%2Fwp%2Fv2%2Ftags&post=5995"}],"curies":[{"name":"wp","href":"https:\/\/api.w.org\/{rel}","templated":true}]}}