{"id":6001,"date":"2025-02-14T02:02:01","date_gmt":"2025-02-14T02:02:01","guid":{"rendered":"https:\/\/pornuestrolaredo.com\/?p=6001"},"modified":"2025-02-14T02:02:01","modified_gmt":"2025-02-14T02:02:01","slug":"terminan-atorones-por-mantenimiento-en-aduanas","status":"publish","type":"post","link":"https:\/\/pornuestrolaredo.com\/?p=6001","title":{"rendered":"Terminan \u2018atorones\u2019 por mantenimiento en Aduanas"},"content":{"rendered":"<p><strong><em>CIUDAD DE M\u00c9XICO.-<\/em><\/strong> Las aduanas de la frontera norte del Pa\u00eds que enfrentaban problemas de congestionamientos por mantenimiento de los equipos de validaci\u00f3n de pedimentos empezaron a agilizar el tr\u00e1fico y destrabar la par\u00e1lisis de tractocamiones, inform\u00f3 \u00c9dgar Zamorano Santill\u00e1n, presidente de la C\u00e1mara Nacional del Autotransporte de Carga (Canacar).<\/p>\n<p>Explic\u00f3 que el SAT y la Secretar\u00eda de Hacienda informaron anoche que la &#8220;Ventanilla de Mantenimiento&#8221; qued\u00f3 concluida y que a las 10:00 de la noche pod\u00eda reanudar operaciones de comercio exterior.<\/p>\n<p>A las 11:00 de la noche, la mayor\u00eda de las aduanas del pa\u00eds cerraron operaciones, que se realizaban manualmente.<\/p>\n<p>Hasta este mediod\u00eda empezaba a notarse el avance de los tractocamiones varados en las filas de acceso a la Aduana del Puente Internacional Reynosa-Pharr.<\/p>\n<blockquote><p>Creo que como hay un rezago de cuatro d\u00edas hasta el s\u00e1bado podr\u00e1 desfogarse todo y terminar\u00e1n las filas&#8221;, se\u00f1al\u00f3 Zamorano.<\/p><\/blockquote>\n<p>La Asociaci\u00f3n Nacional de Aduanas de M\u00e9xico (ANAC) avis\u00f3 desde hace semanas que ocurrir\u00eda del s\u00e1bado 8 al viernes 14 de febrero esta contingencia aduanera por mantenimiento a los sistemas, pero agilizaron el trabajo y anoche qued\u00f3 lista.<\/p>\n<blockquote><p>Ya est\u00e1n saliendo pedimentos nuevos, como entre hoy y ma\u00f1ana se normaliza, ma\u00f1ana sacamos toda la operaci\u00f3n&#8221;, indic\u00f3, &#8220;si ves desde arriba, ya se est\u00e1n moviendo las cargas, no est\u00e1n estancados&#8221;.<\/p><\/blockquote>\n<p>Detall\u00f3 que a los patios de la Aduana llegan choferes que dicen tener dos d\u00edas en fila y no tres, como ayer ocurr\u00eda todav\u00eda.<\/p>\n<blockquote><p>Los perecederos de dos lados nos dicen que tienen dos d\u00edas, ya no tienen tres d\u00edas, los que est\u00e1n pasando por el -bulevar- Colosio son los de d\u00eda a d\u00eda, los de maquila, esos est\u00e1n m\u00e1s r\u00e1pido, lo que se forma va saliendo en el d\u00eda&#8221;, apunt\u00f3.<\/p><\/blockquote>\n<p>Zamorano manifest\u00f3 que las reuniones entre personal de la aduana, agencias y transportistas seguir\u00e1n a diario para destrabar cualquier rezago.<\/p>\n<blockquote><p>En todas las aduanas estamos ya m\u00e1s contentos porque ya se levant\u00f3 la ventanilla, pero siguen sacando la acumulaci\u00f3n de todo el rezago, la mayor\u00eda trae atrasos, Laredo trae atrasos, Tijuana trae atrasos, Ju\u00e1rez trae atrasos, en todos lados hay atraso&#8221;, enfatiz\u00f3.<\/p><\/blockquote>\n<p>Zamorano previ\u00f3 que en Reynosa los conductores de veh\u00edculos ligeros podr\u00e1n notar la diferencia porque habr\u00e1 paso fluido por las bocacalles del Libramiento a R\u00edo Bravo y Libramiento Sur Dos (que conectan con la Carretera San Fernando-Matamoros).<\/p>\n<p>La queja principal de empleados y gerentes de parques industriales era precisamente el bloqueo del paso por las hileras de tractocamiones, que provoc\u00f3 llegadas tarde a sus centros de trabajo y por la tarde llegaban con demora a sus casas.<\/p>\n","protected":false},"excerpt":{"rendered":"<p>Cierran en tiempo r\u00e9cord la actualizaci\u00f3n de la ventanilla digital y comienza a normalizarse el tr\u00e1fico pesado<\/p>\n","protected":false},"author":1,"featured_media":6002,"comment_status":"closed","ping_status":"closed","sticky":false,"template":"","format":"standard","meta":{"_crdt_document":"","_jetpack_memberships_contains_paid_content":false,"footnotes":"","jetpack_publicize_message":"","jetpack_publicize_feature_enabled":true,"jetpack_social_post_already_shared":true,"jetpack_social_options":{"image_generator_settings":{"template":"highway","default_image_id":0,"font":"","enabled":false},"version":2},"_wpas_customize_per_network":false},"categories":[4],"tags":[],"class_list":["post-6001","post","type-post","status-publish","format-standard","has-post-thumbnail","hentry","category-los-dos-laredos"],"magazineBlocksPostFeaturedMedia":{"thumbnail":"https:\/\/pornuestrolaredo.com\/wp-content\/uploads\/2025\/02\/Stereo91-20250213-3-150x150.jpg","medium":"https:\/\/pornuestrolaredo.com\/wp-content\/uploads\/2025\/02\/Stereo91-20250213-3-300x197.jpg","medium_large":"https:\/\/pornuestrolaredo.com\/wp-content\/uploads\/2025\/02\/Stereo91-20250213-3-768x505.jpg","large":"https:\/\/pornuestrolaredo.com\/wp-content\/uploads\/2025\/02\/Stereo91-20250213-3.jpg","1536x1536":"https:\/\/pornuestrolaredo.com\/wp-content\/uploads\/2025\/02\/Stereo91-20250213-3.jpg","2048x2048":"https:\/\/pornuestrolaredo.com\/wp-content\/uploads\/2025\/02\/Stereo91-20250213-3.jpg","morenews-large":"https:\/\/pornuestrolaredo.com\/wp-content\/uploads\/2025\/02\/Stereo91-20250213-3.jpg","morenews-medium":"https:\/\/pornuestrolaredo.com\/wp-content\/uploads\/2025\/02\/Stereo91-20250213-3.jpg"},"magazineBlocksPostAuthor":{"name":"Redactor","avatar":"https:\/\/pornuestrolaredo.com\/wp-content\/litespeed\/avatar\/dca1d7ec750c399f025f23b0b314f4cf.jpg?ver=1777612120"},"magazineBlocksPostCommentsNumber":false,"magazineBlocksPostExcerpt":"Cierran en tiempo r\u00e9cord la actualizaci\u00f3n de la ventanilla digital y comienza a normalizarse el tr\u00e1fico pesado","magazineBlocksPostCategories":["Los dos Laredos"],"magazineBlocksPostViewCount":150,"magazineBlocksPostReadTime":3,"magazine_blocks_featured_image_url":{"full":["https:\/\/pornuestrolaredo.com\/wp-content\/uploads\/2025\/02\/Stereo91-20250213-3.jpg",850,559,false],"medium":["https:\/\/pornuestrolaredo.com\/wp-content\/uploads\/2025\/02\/Stereo91-20250213-3-300x197.jpg",300,197,true],"thumbnail":["https:\/\/pornuestrolaredo.com\/wp-content\/uploads\/2025\/02\/Stereo91-20250213-3-150x150.jpg",150,150,true]},"magazine_blocks_author":{"display_name":"Redactor","author_link":"https:\/\/pornuestrolaredo.com\/?author=1"},"magazine_blocks_comment":0,"magazine_blocks_author_image":"https:\/\/pornuestrolaredo.com\/wp-content\/litespeed\/avatar\/dca1d7ec750c399f025f23b0b314f4cf.jpg?ver=1777612120","magazine_blocks_category":"<a href=\"#\" class=\"category-link category-link-4\">Los dos Laredos<\/a>","jetpack_publicize_connections":[],"featured_image_urls":{"full":["https:\/\/pornuestrolaredo.com\/wp-content\/uploads\/2025\/02\/Stereo91-20250213-3.jpg",850,559,false],"thumbnail":["https:\/\/pornuestrolaredo.com\/wp-content\/uploads\/2025\/02\/Stereo91-20250213-3-150x150.jpg",150,150,true],"medium":["https:\/\/pornuestrolaredo.com\/wp-content\/uploads\/2025\/02\/Stereo91-20250213-3-300x197.jpg",300,197,true],"medium_large":["https:\/\/pornuestrolaredo.com\/wp-content\/uploads\/2025\/02\/Stereo91-20250213-3-768x505.jpg",640,421,true],"large":["https:\/\/pornuestrolaredo.com\/wp-content\/uploads\/2025\/02\/Stereo91-20250213-3.jpg",640,421,false],"1536x1536":["https:\/\/pornuestrolaredo.com\/wp-content\/uploads\/2025\/02\/Stereo91-20250213-3.jpg",850,559,false],"2048x2048":["https:\/\/pornuestrolaredo.com\/wp-content\/uploads\/2025\/02\/Stereo91-20250213-3.jpg",850,559,false],"morenews-large":["https:\/\/pornuestrolaredo.com\/wp-content\/uploads\/2025\/02\/Stereo91-20250213-3.jpg",825,543,false],"morenews-medium":["https:\/\/pornuestrolaredo.com\/wp-content\/uploads\/2025\/02\/Stereo91-20250213-3.jpg",590,388,false]},"author_info":{"info":["Redactor"]},"category_info":"<a href=\"https:\/\/pornuestrolaredo.com\/?cat=4\" rel=\"category\">Los dos Laredos<\/a>","tag_info":"Los dos Laredos","comment_count":"0","jetpack_featured_media_url":"https:\/\/pornuestrolaredo.com\/wp-content\/uploads\/2025\/02\/Stereo91-20250213-3.jpg","jetpack_sharing_enabled":true,"_links":{"self":[{"href":"https:\/\/pornuestrolaredo.com\/index.php?rest_route=\/wp\/v2\/posts\/6001","targetHints":{"allow":["GET"]}}],"collection":[{"href":"https:\/\/pornuestrolaredo.com\/index.php?rest_route=\/wp\/v2\/posts"}],"about":[{"href":"https:\/\/pornuestrolaredo.com\/index.php?rest_route=\/wp\/v2\/types\/post"}],"author":[{"embeddable":true,"href":"https:\/\/pornuestrolaredo.com\/index.php?rest_route=\/wp\/v2\/users\/1"}],"replies":[{"embeddable":true,"href":"https:\/\/pornuestrolaredo.com\/index.php?rest_route=%2Fwp%2Fv2%2Fcomments&post=6001"}],"version-history":[{"count":1,"href":"https:\/\/pornuestrolaredo.com\/index.php?rest_route=\/wp\/v2\/posts\/6001\/revisions"}],"predecessor-version":[{"id":6003,"href":"https:\/\/pornuestrolaredo.com\/index.php?rest_route=\/wp\/v2\/posts\/6001\/revisions\/6003"}],"wp:featuredmedia":[{"embeddable":true,"href":"https:\/\/pornuestrolaredo.com\/index.php?rest_route=\/wp\/v2\/media\/6002"}],"wp:attachment":[{"href":"https:\/\/pornuestrolaredo.com\/index.php?rest_route=%2Fwp%2Fv2%2Fmedia&parent=6001"}],"wp:term":[{"taxonomy":"category","embeddable":true,"href":"https:\/\/pornuestrolaredo.com\/index.php?rest_route=%2Fwp%2Fv2%2Fcategories&post=6001"},{"taxonomy":"post_tag","embeddable":true,"href":"https:\/\/pornuestrolaredo.com\/index.php?rest_route=%2Fwp%2Fv2%2Ftags&post=6001"}],"curies":[{"name":"wp","href":"https:\/\/api.w.org\/{rel}","templated":true}]}}